{"id":2139,"date":"2016-05-25T21:31:45","date_gmt":"2016-05-25T19:31:45","guid":{"rendered":"http:\/\/www.berlin.freidenker.org\/?p=2139"},"modified":"2016-05-26T07:26:33","modified_gmt":"2016-05-26T05:26:33","slug":"ippnw-mv-zur-nato","status":"publish","type":"post","link":"https:\/\/www.berlin.freidenker.org\/?p=2139","title":{"rendered":"IPPNW-Mitgliederversammlung zur NATO"},"content":{"rendered":"<p style=\"text-align: center;\"><span style=\"color: #0000ff;\"><strong>Die Mitgliederversammlung der <a href=\"https:\/\/www.ippnw.de\/startseite.html\" target=\"_blank\">IPPNW Deutschland<\/a> hat am 21. 5. 2016 mit gro\u00dfer Mehrheit den folgenden Beschluss gefasst:<\/strong><\/span><\/p>\n<h4 style=\"text-align: center;\"><em><strong>&#8222;Menschliche Sicherheit statt\u00a0 Interventionskriege &#8211; Austritt Deutschlands aus der NATO-Milit\u00e4rintegration<\/strong><\/em><\/h4>\n<p>&nbsp;<\/p>\n<p><em><strong>Die IPPNW Deutschland wird sich gemeinsam mit ihren Partnern\u00a0 in der Friedensbewegung f\u00fcr eine R\u00fcckkehr Deutschlands zur Einhaltung des V\u00f6lkerrechts und der Friedenspflicht des Grundgesetzes einsetzen, und f\u00fcr die\u00a0 Beendigung der deutschen Beteiligung an von Nato-M\u00e4chten gef\u00fchrten Kriegen und Kriegsvorbereitungen weltweit eintreten.<\/strong><\/em><\/p>\n<p>Dazu fordern wir:<\/p>\n<ul>\n<li><em><strong>Beendigung der \u201enuklearen Teilhabe\u201c, Abzug aller Atomwaffen aus B\u00fcchel und m\u00f6glichen anderen Standorten in Deutschland<\/strong><\/em><\/li>\n<li><em><strong>Beendigung der deutschen Teilhabe an Kriegen in Afghanistan, Libyen, Irak, Syrien, Mali und anderen Orten; R\u00fcckzug der NATO-Truppen aus Kosovo<\/strong><\/em><\/li>\n<li><em><strong>Schlie\u00dfung des US-Luftwaffenst\u00fctzpunkts Ramstein und seiner Einrichtungen zur weltweiten Drohnen-Kriegsf\u00fchrung<\/strong><\/em><\/li>\n<li><em><strong>Beendigung der Milit\u00e4rintegration Deutschlands in den NATO-Planungsst\u00e4ben; St\u00e4rkung von UNO und OSZE als die geeigneten internationalen Organisationen zur Friedenssicherung<\/strong><\/em><\/li>\n<li><em><strong>Abr\u00fcstung der Bundeswehr, Umwidmung der freiwerdenden Mittel zur zivilen Konfliktbearbeitung, zu internationaler Katastrophen- und Aufbauhilfe sowie f\u00fcr Entwicklungszusammenarbeit<\/strong><\/em><\/li>\n<\/ul>\n<p><em>Begr\u00fcndung: <\/em><br \/>\n<em>Seit 1999 beteiligt sich die Bundesrepublik Deutschland\u00a0 direkt und indirekt an zahlreichen von den NATO-M\u00e4chten gef\u00fchrten Kriegen, von Jugoslawien bis Syrien. Das g\u00fcltige V\u00f6lkerrecht ebenso wie das Verbot von Angriffskriegen des deutschen Grundgesetz wurden und werden dabei \u00a0immer wieder verletzt. F\u00fcr die Menschen in den betroffenen Gebieten ist dabei nicht mehr Sicherheit, sondern es sind katastrophale Verh\u00e4ltnisse mit hunderttausenden von zivilen Todesopfern und Millionen von Fl\u00fcchtlingen entstanden.<\/em><br \/>\n<em>Nicht Interventionskriege sind geeignet, die internationale Sicherheit voranzubringen, sondern ernsthafte Abr\u00fcstungsanstrengungen, Demilitarisierung der Konfliktgebiete, energische Unterst\u00fctzung f\u00fcr die Menschen in verelendete Weltregionen, und die St\u00e4rkung eines gleichberechtigten Zusammenlebens, das auf solidarischer Kooperation statt auf eigenn\u00fctziger Gewinnmaximierung beruhen mu\u00df. NATO-Mitgliedschaft und Bundeswehrhochr\u00fcstung sind f\u00fcr solche Ziele nicht f\u00f6rderlich, sondern unmittelbar kontraproduktiv.&#8220;<\/em><\/p>\n<p>&#8212;&#8212;&#8212;&#8212;&#8212;&#8212;&#8212;&#8212;&#8212;&#8212;&#8212;&#8212;&#8212;&#8212;&#8212;&#8212;&#8212;&#8212;&#8212;&#8212;&#8212;&#8212;&#8212;&#8212;&#8212;&#8212;&#8212;&#8212;&#8212;&#8212;&#8212;&#8212;&#8212;&#8212;&#8212;&#8212;&#8212;<\/p>\n<p><span style=\"color: #0000ff;\">&#8222;IPPNW &#8211; Internationale \u00c4rzte f\u00fcr die Verh\u00fctung des Atomkrieges &#8211; \u00c4rzte in sozialer Verantwortung e. V.&#8220; &#8211; geh\u00f6rt zu den sieben oder acht deutschen Friedens- und Antikriegsorganisationen, die sich der freiwilligen <a href=\"http:\/\/www.ippnw.de\/der-verein\/transparenzinitiative.html\" target=\"_blank\">&#8222;Initiative Transparente Zivilgesellschaft&#8220; (ITZ) <\/a>angeschlossen haben.\u00a0<\/span><\/p>\n","protected":false},"excerpt":{"rendered":"<p>Die Mitgliederversammlung der IPPNW Deutschland hat am 21. 5. 2016 mit gro\u00dfer Mehrheit den folgenden Beschluss gefasst: &#8222;Menschliche Sicherheit statt\u00a0 Interventionskriege &#8211; Austritt Deutschlands aus der NATO-Milit\u00e4rintegration &nbsp; Die IPPNW Deutschland wird sich gemeinsam mit ihren Partnern\u00a0 in der Friedensbewegung f\u00fcr eine R\u00fcckkehr Deutschlands zur Einhaltung des V\u00f6lkerrechts und der Friedenspflicht des Grundgesetzes einsetzen, und [&hellip;]<\/p>\n","protected":false},"author":5,"featured_media":0,"comment_status":"open","ping_status":"open","sticky":false,"template":"","format":"standard","meta":{"jetpack_post_was_ever_published":false,"_jetpack_newsletter_access":"","_jetpack_dont_email_post_to_subs":false,"_jetpack_newsletter_tier_id":0,"_jetpack_memberships_contains_paywalled_content":false,"_jetpack_memberships_contains_paid_content":false,"footnotes":""},"categories":[49,30,22,45,47,175,21,8],"tags":[194,127,193,195,144,135],"class_list":["post-2139","post","type-post","status-publish","format-standard","hentry","category-aufklaerung","category-europa","category-friedensaktionen","category-friedensbewegung","category-nation","category-nato","category-politik","category-standpunkte","tag-atomwaffen","tag-brd","tag-ippnw","tag-itz","tag-ramstein","tag-transparenz"],"jetpack_featured_media_url":"","jetpack_shortlink":"https:\/\/wp.me\/py5dN-yv","jetpack_sharing_enabled":true,"_links":{"self":[{"href":"https:\/\/www.berlin.freidenker.org\/index.php?rest_route=\/wp\/v2\/posts\/2139","targetHints":{"allow":["GET"]}}],"collection":[{"href":"https:\/\/www.berlin.freidenker.org\/index.php?rest_route=\/wp\/v2\/posts"}],"about":[{"href":"https:\/\/www.berlin.freidenker.org\/index.php?rest_route=\/wp\/v2\/types\/post"}],"author":[{"embeddable":true,"href":"https:\/\/www.berlin.freidenker.org\/index.php?rest_route=\/wp\/v2\/users\/5"}],"replies":[{"embeddable":true,"href":"https:\/\/www.berlin.freidenker.org\/index.php?rest_route=%2Fwp%2Fv2%2Fcomments&post=2139"}],"version-history":[{"count":13,"href":"https:\/\/www.berlin.freidenker.org\/index.php?rest_route=\/wp\/v2\/posts\/2139\/revisions"}],"predecessor-version":[{"id":2154,"href":"https:\/\/www.berlin.freidenker.org\/index.php?rest_route=\/wp\/v2\/posts\/2139\/revisions\/2154"}],"wp:attachment":[{"href":"https:\/\/www.berlin.freidenker.org\/index.php?rest_route=%2Fwp%2Fv2%2Fmedia&parent=2139"}],"wp:term":[{"taxonomy":"category","embeddable":true,"href":"https:\/\/www.berlin.freidenker.org\/index.php?rest_route=%2Fwp%2Fv2%2Fcategories&post=2139"},{"taxonomy":"post_tag","embeddable":true,"href":"https:\/\/www.berlin.freidenker.org\/index.php?rest_route=%2Fwp%2Fv2%2Ftags&post=2139"}],"curies":[{"name":"wp","href":"https:\/\/api.w.org\/{rel}","templated":true}]}}