{"id":2191,"date":"2016-06-05T17:28:09","date_gmt":"2016-06-05T15:28:09","guid":{"rendered":"http:\/\/www.berlin.freidenker.org\/?p=2191"},"modified":"2016-06-05T17:28:09","modified_gmt":"2016-06-05T15:28:09","slug":"wort-zum-sonntag-11-klaus-hartmann-zu-stopp-ramstein","status":"publish","type":"post","link":"https:\/\/www.berlin.freidenker.org\/?p=2191","title":{"rendered":"Wort zum Sonntag #11 &#8211; Klaus Hartmann zu STOPP RAMSTEIN!"},"content":{"rendered":"<p>Das Wort zum Sonntag ist diesmal ein &#8222;Doppelwort&#8220;.<\/p>\n<p>Zwei f\u00fcr uns Berliner Freidenker aber dar\u00fcber hinaus f\u00fcr alle Friedensbewegten so wichtige Akteure, wie <strong>Klaus Hartmann<\/strong>, Vorsitzender des Deutschen Freidenker-Verbandes, und <strong>Ken Jebsen<\/strong>, Seele des\u00a0alternativen, aufkl\u00e4rerischen Webportals &#8222;KenFM&#8220; sprechen \u00fcber das von der Schweige- und L\u00fcgenpresse bestgeh\u00fctete Geheimnis der kommenden Woche &#8211;<\/p>\n<p style=\"text-align: center;\"><strong>die gro\u00dfe Anti-Drohnen und Anti-NATO-Demonstration <\/strong><\/p>\n<p style=\"text-align: center;\"><strong>&#8222;STOPP RAMSTEIN!&#8220; <\/strong><\/p>\n<h4 style=\"text-align: center;\"><strong>am 11. 6. in Kaiserslautern\/Ramstein.<\/strong><\/h4>\n<p><iframe loading=\"lazy\" src=\"\/\/www.youtube.com\/embed\/2FCaswdtqzg\" width=\"500\" height=\"314\" allowfullscreen=\"allowfullscreen\"><\/iframe><\/p>\n","protected":false},"excerpt":{"rendered":"<p>Das Wort zum Sonntag ist diesmal ein &#8222;Doppelwort&#8220;. Zwei f\u00fcr uns Berliner Freidenker aber dar\u00fcber hinaus f\u00fcr alle Friedensbewegten so wichtige Akteure, wie Klaus Hartmann, Vorsitzender des Deutschen Freidenker-Verbandes, und Ken Jebsen, Seele des\u00a0alternativen, aufkl\u00e4rerischen Webportals &#8222;KenFM&#8220; sprechen \u00fcber das von der Schweige- und L\u00fcgenpresse bestgeh\u00fctete Geheimnis der kommenden Woche &#8211; die gro\u00dfe Anti-Drohnen und [&hellip;]<\/p>\n","protected":false},"author":4,"featured_media":0,"comment_status":"open","ping_status":"open","sticky":false,"template":"","format":"standard","meta":{"jetpack_post_was_ever_published":false,"_jetpack_newsletter_access":"","_jetpack_dont_email_post_to_subs":false,"_jetpack_newsletter_tier_id":0,"_jetpack_memberships_contains_paywalled_content":false,"_jetpack_memberships_contains_paid_content":false,"footnotes":""},"categories":[49,30,22,45,175,21,8,13],"tags":[59,41,109,202,204,142],"class_list":["post-2191","post","type-post","status-publish","format-standard","hentry","category-aufklaerung","category-europa","category-friedensaktionen","category-friedensbewegung","category-nato","category-politik","category-standpunkte","category-veranstaltungen","tag-freidenker","tag-ken-jebsen","tag-kenfm","tag-klaus-hartmann","tag-nato-raus","tag-stopp-ramstein"],"jetpack_featured_media_url":"","jetpack_shortlink":"https:\/\/wp.me\/py5dN-zl","jetpack_sharing_enabled":true,"_links":{"self":[{"href":"https:\/\/www.berlin.freidenker.org\/index.php?rest_route=\/wp\/v2\/posts\/2191","targetHints":{"allow":["GET"]}}],"collection":[{"href":"https:\/\/www.berlin.freidenker.org\/index.php?rest_route=\/wp\/v2\/posts"}],"about":[{"href":"https:\/\/www.berlin.freidenker.org\/index.php?rest_route=\/wp\/v2\/types\/post"}],"author":[{"embeddable":true,"href":"https:\/\/www.berlin.freidenker.org\/index.php?rest_route=\/wp\/v2\/users\/4"}],"replies":[{"embeddable":true,"href":"https:\/\/www.berlin.freidenker.org\/index.php?rest_route=%2Fwp%2Fv2%2Fcomments&post=2191"}],"version-history":[{"count":2,"href":"https:\/\/www.berlin.freidenker.org\/index.php?rest_route=\/wp\/v2\/posts\/2191\/revisions"}],"predecessor-version":[{"id":2193,"href":"https:\/\/www.berlin.freidenker.org\/index.php?rest_route=\/wp\/v2\/posts\/2191\/revisions\/2193"}],"wp:attachment":[{"href":"https:\/\/www.berlin.freidenker.org\/index.php?rest_route=%2Fwp%2Fv2%2Fmedia&parent=2191"}],"wp:term":[{"taxonomy":"category","embeddable":true,"href":"https:\/\/www.berlin.freidenker.org\/index.php?rest_route=%2Fwp%2Fv2%2Fcategories&post=2191"},{"taxonomy":"post_tag","embeddable":true,"href":"https:\/\/www.berlin.freidenker.org\/index.php?rest_route=%2Fwp%2Fv2%2Ftags&post=2191"}],"curies":[{"name":"wp","href":"https:\/\/api.w.org\/{rel}","templated":true}]}}