{"id":220,"date":"2009-10-10T17:36:28","date_gmt":"2009-10-10T15:36:28","guid":{"rendered":"http:\/\/www.berlin.freidenker.org\/?p=220"},"modified":"2012-07-08T22:18:53","modified_gmt":"2012-07-08T20:18:53","slug":"fur-das-leben-und-die-freiheit-von-mumia-abu-jamal","status":"publish","type":"post","link":"https:\/\/www.berlin.freidenker.org\/?p=220","title":{"rendered":"Das Leben von Mumia Abu-Jamal ist in akuter Gefahr!"},"content":{"rendered":"<h2 style=\"text-align: center;\">Kein Staat hat das Recht, Gefangene zu ermorden \u2013<br \/>\nweg mit der Todesstrafe \u00fcberall!<\/h2>\n<p>Am 09.11.2010 findet vor dem 3.Bundesberufungsgericht in Philadelphia\/USA eine Anh\u00f6rung im Fall Mumia Abu-Jamal statt. Es steht die Frage: lebenslange Haft oder Todesstrafe!<\/p>\n<p>Seit 27 Jahren bereits sitzt der afro-amerikanische Journalist Mumia Abu-Jamal als politischer Gefangener im Todestrakt von Pennsylvania (USA).<\/p>\n<p>In einem von Rassismus und politischer Repression gekennzeichneten Prozess wurde der v\u00f6llig chancenlose ehemalige Black Panther Pressesprecher zum Tode verurteilt. Die lebensfeindlichen Haftbedingungen im Todestrakt haben Mumia jedoch weder gebrochen noch zum Schweigen gebracht.<br \/>\n<!--more--><br \/>\nMumia k\u00e4mpft in all den Jahren nicht nur f\u00fcr seine Freiheit, sondern setzt sich unerm\u00fcdlich ein &#8211; f\u00fcr die zum Tode verurteilten Menschen in den Todestrakten der Welt. Als &#8222;Voice of The Voiceless&#8220; (Stimme der Unterdr\u00fcckten), wie er schon vorher wegen seiner Arbeit als Radiojournalist genannt wurde, gibt er Gefangenen und allen, die keine Zugang zu medialer Darstellung haben, eine Stimme und ein Gesicht.<\/p>\n<p>Schon zweimal haben weltweite Proteste die angeordnete Hinrichtung verhindern k\u00f6nnen (1995 und 1999) \u2013 <strong>nur eine breite internationale Protest- und Solidarit\u00e4tsbewegung wird es auch diesmal fertig bringen k\u00f6nnen, dass der geplante staatliche Mord nicht durchgef\u00fchrt werden kann.<\/strong><\/p>\n<p><strong>Solidarit\u00e4tsschreiben an Mumia Abu-Jamal bitte an:<\/strong><\/p>\n<p style=\"text-align: center;\"><strong>Mumia Abu-Jamal<\/strong><\/p>\n<p><strong>AM 8335<br \/>\nSCI Greene Prison<br \/>\n175 Progress Drive<br \/>\nWaynesburg, PA 15370<br \/>\nUSA<br \/>\n<\/strong><\/p>\n","protected":false},"excerpt":{"rendered":"<p>Kein Staat hat das Recht, Gefangene zu ermorden \u2013 weg mit der Todesstrafe \u00fcberall! Am 09.11.2010 findet vor dem 3.Bundesberufungsgericht in Philadelphia\/USA eine Anh\u00f6rung im Fall Mumia Abu-Jamal statt. Es steht die Frage: lebenslange Haft oder Todesstrafe! Seit 27 Jahren bereits sitzt der afro-amerikanische Journalist Mumia Abu-Jamal als politischer Gefangener im Todestrakt von Pennsylvania (USA). [&hellip;]<\/p>\n","protected":false},"author":4,"featured_media":0,"comment_status":"closed","ping_status":"closed","sticky":false,"template":"","format":"standard","meta":{"jetpack_post_was_ever_published":false,"_jetpack_newsletter_access":"","_jetpack_dont_email_post_to_subs":false,"_jetpack_newsletter_tier_id":0,"_jetpack_memberships_contains_paywalled_content":false,"_jetpack_memberships_contains_paid_content":false,"footnotes":""},"categories":[1],"tags":[],"class_list":["post-220","post","type-post","status-publish","format-standard","hentry","category-allgemein"],"jetpack_featured_media_url":"","jetpack_shortlink":"https:\/\/wp.me\/py5dN-3y","jetpack_sharing_enabled":true,"_links":{"self":[{"href":"https:\/\/www.berlin.freidenker.org\/index.php?rest_route=\/wp\/v2\/posts\/220","targetHints":{"allow":["GET"]}}],"collection":[{"href":"https:\/\/www.berlin.freidenker.org\/index.php?rest_route=\/wp\/v2\/posts"}],"about":[{"href":"https:\/\/www.berlin.freidenker.org\/index.php?rest_route=\/wp\/v2\/types\/post"}],"author":[{"embeddable":true,"href":"https:\/\/www.berlin.freidenker.org\/index.php?rest_route=\/wp\/v2\/users\/4"}],"replies":[{"embeddable":true,"href":"https:\/\/www.berlin.freidenker.org\/index.php?rest_route=%2Fwp%2Fv2%2Fcomments&post=220"}],"version-history":[{"count":9,"href":"https:\/\/www.berlin.freidenker.org\/index.php?rest_route=\/wp\/v2\/posts\/220\/revisions"}],"predecessor-version":[{"id":1047,"href":"https:\/\/www.berlin.freidenker.org\/index.php?rest_route=\/wp\/v2\/posts\/220\/revisions\/1047"}],"wp:attachment":[{"href":"https:\/\/www.berlin.freidenker.org\/index.php?rest_route=%2Fwp%2Fv2%2Fmedia&parent=220"}],"wp:term":[{"taxonomy":"category","embeddable":true,"href":"https:\/\/www.berlin.freidenker.org\/index.php?rest_route=%2Fwp%2Fv2%2Fcategories&post=220"},{"taxonomy":"post_tag","embeddable":true,"href":"https:\/\/www.berlin.freidenker.org\/index.php?rest_route=%2Fwp%2Fv2%2Ftags&post=220"}],"curies":[{"name":"wp","href":"https:\/\/api.w.org\/{rel}","templated":true}]}}