{"id":2230,"date":"2016-06-13T23:01:51","date_gmt":"2016-06-13T21:01:51","guid":{"rendered":"http:\/\/www.berlin.freidenker.org\/?p=2230"},"modified":"2016-06-17T18:05:17","modified_gmt":"2016-06-17T16:05:17","slug":"5000-menschen-protestieren-in-ramstein-drohnenkrieg-ist-mord-wir-kommen-wieder","status":"publish","type":"post","link":"https:\/\/www.berlin.freidenker.org\/?p=2230","title":{"rendered":"5000 Menschen protestieren in Ramstein &#8211; Drohnenkrieg ist Mord. Wir kommen wieder!"},"content":{"rendered":"<p><iframe loading=\"lazy\" src=\"\/\/www.youtube.com\/embed\/cCTKHOnm90A\" width=\"500\" height=\"314\" allowfullscreen=\"allowfullscreen\"><\/iframe><\/p>\n<p><em>Es war die gr\u00f6\u00dfte Protestaktion gegen Drohneneins\u00e4tze, es waren die gr\u00f6\u00dften Aktionen der Aufkl\u00e4rung und Information in der Geschichte des jahrzehntelangen Protestes gegen die Milit\u00e4rbasis der USA in Ramstein. Wir haben die Stimmung in der Region zugunsten von Frieden ver\u00e4ndert. Das ist das Res\u00fcmee der vielf\u00e4ltigen Aktivit\u00e4ten in Ramstein vom 09. bis 12.06.2016. Die Aktionen waren jung. Gleichzeitig war es toll, auch viele langj\u00e4hrige AktivistInnen wieder zu treffen.<\/em><\/p>\n<p><a href=\"https:\/\/i0.wp.com\/www.berlin.freidenker.org\/wp-content\/uploads\/2016\/06\/Albrecht-und-Dani-Stop-Ramstein-Webseite.jpg?ssl=1\"><img data-recalc-dims=\"1\" loading=\"lazy\" decoding=\"async\" class=\"alignnone size-full wp-image-2238\" src=\"https:\/\/i0.wp.com\/www.berlin.freidenker.org\/wp-content\/uploads\/2016\/06\/Albrecht-und-Dani-Stop-Ramstein-Webseite.jpg?resize=515%2C352&#038;ssl=1\" alt=\"Albrecht und Dani - Stop Ramstein Webseite\" width=\"515\" height=\"352\" srcset=\"https:\/\/i0.wp.com\/www.berlin.freidenker.org\/wp-content\/uploads\/2016\/06\/Albrecht-und-Dani-Stop-Ramstein-Webseite.jpg?w=515&amp;ssl=1 515w, https:\/\/i0.wp.com\/www.berlin.freidenker.org\/wp-content\/uploads\/2016\/06\/Albrecht-und-Dani-Stop-Ramstein-Webseite.jpg?resize=300%2C205&amp;ssl=1 300w\" sizes=\"auto, (max-width: 515px) 100vw, 515px\" \/><\/a><\/p>\n<ul>\n<li><em>5.000 Menschen\u00a0 bildeten bei str\u00f6menden Regen eine (fast) geschlossenen Menschenkette durch die Ortschaften um die Air Base Ramstein und der abschlie\u00dfenden Kundgebung am Kreisel vor den Toren der Base. Hand in Hand standen die Menschen an der mehr als 10 Kilometer langen Menschenkette, die bis auf kleine L\u00fccken \u00fcberall realisiert wurde. Der Dauerregen verhinderte eine noch gr\u00f6\u00dfere Beteiligung. Die Abschlussmanifestation am Kreisel vor der Air Base brachte den ganzen Optimismus, das Bunte, das Vielf\u00e4ltige und Kreative der 5.000 Teilnehmenden zum Ausdruck. Hier wurde die Kraft dieser neuen Bewegung eindrucksvoll sichtbar. Dieser Optimismus und das Engagement der vielen werden weiterwirken. Das Mitwirken von Oskar Lafontaine und Tabea R\u00f6\u00dfner (MdB B\u00fcndnis 90\/ Die Gr\u00fcnen) unterstrich die politische Bedeutung dieser Aktionen.<\/em><\/li>\n<\/ul>\n<p><a href=\"https:\/\/i0.wp.com\/www.berlin.freidenker.org\/wp-content\/uploads\/2016\/06\/albrecht-u-dani-IMG_6061-Webseite.jpg?ssl=1\"><img data-recalc-dims=\"1\" loading=\"lazy\" decoding=\"async\" class=\"alignnone size-full wp-image-2236\" src=\"https:\/\/i0.wp.com\/www.berlin.freidenker.org\/wp-content\/uploads\/2016\/06\/albrecht-u-dani-IMG_6061-Webseite.jpg?resize=515%2C274&#038;ssl=1\" alt=\"albrecht u dani IMG_6061 Webseite\" width=\"515\" height=\"274\" srcset=\"https:\/\/i0.wp.com\/www.berlin.freidenker.org\/wp-content\/uploads\/2016\/06\/albrecht-u-dani-IMG_6061-Webseite.jpg?w=515&amp;ssl=1 515w, https:\/\/i0.wp.com\/www.berlin.freidenker.org\/wp-content\/uploads\/2016\/06\/albrecht-u-dani-IMG_6061-Webseite.jpg?resize=300%2C160&amp;ssl=1 300w\" sizes=\"auto, (max-width: 515px) 100vw, 515px\" \/><\/a><\/p>\n<ul>\n<li><em>Mehr als 600 Menschen beteiligten sich an der \u00f6ffentlichen Abendveranstaltung am Freitag in der Vers\u00f6hnungskirche mit Willy Wimmer und Albrecht M\u00fcller. Die Kirche war \u00fcberf\u00fcllt. Die Diskussionen brachten ein klares Nein zum Krieg, zu Drohnen und Atomwaffen und einen geradezu leidenschaftlichen Appell f\u00fcr neue kooperative Beziehungen zu Russland zum Ausdruck. Die Erfahrungen zweier gro\u00dfer politischen M\u00e4nner gipfelte in der Aussage: \u201eLasst uns Russland nicht wieder zum Feind machen\u201c.<\/em><\/li>\n<li><em>Mehr als 500 TeilnehmerInnen fanden sich zu vielf\u00e4ltigen Diskussionen im Friedenscamp zusammen und erzeugten damit neue, unerwartete, insgesamt aber kleine logistische Probleme. Das Friedenscamp, am Ende &#8211; trotz permanenten Regens &#8211; v\u00f6llig \u00fcberf\u00fcllt, war vielleicht der H\u00f6hepunkt des gesamten Wochenendes. Aktiv, bunt, offen und engagiert, so war die Stimmung trotz Regens. Das Versprechen \u201eWir kommen im n\u00e4chsten Jahr wieder und bringen noch viele mit\u201c untermalt den optimistischen Grundtenor dieses so beeindruckenden Camps.<\/em><\/li>\n<\/ul>\n<p><em>Die Wiese des Camps stellte ein \u00f6rtlicher Landwirt kostenfrei zur Verf\u00fcgung; ebenso wurde Infrastruktur durch Anwohner bereitgestellt. Dies w\u00e4re vor Jahren noch undenkbar gewesen und unterstreicht die Ver\u00e4nderung des Klimas vor Ort.<\/em><\/p>\n<ul>\n<li><em>Auch die inhaltlichen Veranstaltungen am Informationstag am Freitag waren \u00fcberf\u00fcllt. Wann hat es in Kaiserslautern schon einmal an einem Nachmittag drei Veranstaltungen zu gesellschaftlich kontroversen Themen gegeben, die mit je mehr als 150 TeilnehmerInnen \u00fcberf\u00fcllt waren? Diskutiert wurde u.a. \u00fcber die Zukunft der NATO, den Drohnenkrieg und wie diese \u00fcberwunden werden k\u00f6nnen sowie \u00fcber die gleichzeitig in Dresden stattfindende Bilderberger Konferenz.<\/em><\/li>\n<li><em>10.000 Flugbl\u00e4tter und weiteres Informationsmaterial wurden zus\u00e4tzliches an die \u00f6rtliche Bev\u00f6lkerung verteilt. In den letzten Monaten hat sich das \u00f6ffentliche Bewusstsein massiv zugunsten des Friedens ver\u00e4ndert. Speziell entlang der Strecke der Menschenkette wurde intensiv und nicht ohne Erfolg bei den dort lebenden Menschen f\u00fcr eine Teilnahme geworben.<\/em><\/li>\n<li><em>Erstmals nahmen internationale G\u00e4ste aus einer ganzen Reihe von L\u00e4ndern an der Menschenkette teil. Sie ergriffen auf den verschiedenen Kundgebungen das Wort. Die Internationalit\u00e4t der Veranstaltungen durch TeilnehmerInnen aus den USA, Gro\u00dfbritannien, Frankreich, der Schweiz, Belgien, Luxemburg und \u00d6sterreich unterstreicht die gro\u00dfe Bedeutung dieser Aktionen.<\/em><\/li>\n<li><em>Der Film \u201eRamstein, das letzte Gefecht\u201c, der mit ma\u00dfgeblicher Unterst\u00fctzung der langj\u00e4hrigen\u00a0 FriedensaktivistInnen und Kl\u00e4gerInnen gegen die US Air Base, Wolfgang Jung und Fee Strieffler, entwickelt wurde, wurde am Freitag in Kaiserslautern welturaufgef\u00fchrt.<\/em><\/li>\n<li><em>Mehr als 10 regionale Initiativen Stopp Ramstein haben sich bundesweit bisher gegr\u00fcndet. 13 Busse kamen voll mit Menschen nach Ramstein.<\/em><\/li>\n<\/ul>\n<p><em>\u201eVon deutschem Boden geht Krieg aus und wir fordern von der Bundesregierung, diese v\u00f6lkerrechtswidrige Kriegsf\u00fchrung der USA-Regierung zu beenden\u201c, so Oskar Lafontaine, Er\u00f6ffnungsredner auf einer der drei Auftaktkundgebungen.<\/em><\/p>\n<p>&nbsp;<\/p>\n<p><em><!--more--><\/em><\/p>\n<p><em>Alle Rednerinnen und Redner unterstrichen die zentralen Anliegen der Demonstrierenden:<\/em><\/p>\n<ul>\n<li><em>Schluss mit dem v\u00f6lkerrechtswidrigen Drohnenkrieg!<\/em><\/li>\n<li><em>Die Air Base mit ihren zentralen Kommandostrukturen, u.a. f\u00fcr den Atomkrieg und die Raketenabwehr, muss in einem l\u00e4ngeren Prozess geschlossen werden.<\/em><\/li>\n<li><em>Durch ein umfassendes Konversionsprogramm m\u00fcssen die milit\u00e4rischen Arbeitspl\u00e4tze in zivile umgewandelt werden.<\/em><\/li>\n<li><em>Die Beteiligung Deutschlands an Interventionskriegen muss beendet und alle Aufr\u00fcstungsprogramme gestoppt werden.<\/em><\/li>\n<\/ul>\n<p><em>Die Demonstrierenden bekundeten ihre Solidarit\u00e4t mit den Fl\u00fcchtlingen, die wegen der Kriege der USA und der NATO, zu uns kommen m\u00fcssen. \u201eDer t\u00e4gliche Tod im Mittelmeer\u201c ist unertr\u00e4glich und eine politische und moralische Anklage an die Politik der westlichen Staaten.<\/em><\/p>\n<p><em>V\u00f6llig neu und in dieser positiven Dimension auch unerwartet war die eindrucksvolle, breite und vielf\u00e4ltige Medienresonanz. Reuters produzierte einen Video-Clip, der auch auf BILD.de und stern online gezeigt wurde. dpa und epd informierten umfassend, Berichte u.a. der Deutschen Welle , der Frankfurter Rundschau, von FOKUS, n-tv, dem Deutschlandfunk und Deutschland Radio Kultur, des Neuen Deutschland und vieler \u00fcberregionaler Tageszeitungen, fast t\u00e4gliche Berichte in der letzten Woche in der \u00f6rtlichen Monopolzeitung Rheinpfalz, zwei gro\u00dfe Artikel in der US-Zeitung der Region stars and stripes, fast laufende Radioberichte und mehrere regionale Fernsehberichte (u.a. SWR-Landesschau) sind nur ein kleiner Ausschnitt der medialen Aufmerksamlkeit. Sie k\u00f6nnen auf der Webseite der Kampagne eingesehen werden. Peinlich war die Berichterstattung in der jungen Welt. Undenkbar w\u00e4ren die Veranstaltungen und ihre intensive Vorbereitung gewesen ohne die Unterst\u00fctzung der neuen alternativen Medien: NachDenkSeiten, KenFM, Weltnetz.tv, RT, alternative Radiosender u.a. Diese enge Zusammenarbeit ist ein Unterpfand auch weiterer erfolgreicher Aktionen der Friedensbewegung; sie sollte ausgebaut und erweitert werden.<\/em><\/p>\n<p><em>Die Aktionen wurden in der Vorbereitung kontrovers, manchmal h\u00e4misch, einige Male auch verleumderisch diskutiert. Das Wochenende hat eindrucksvoll und \u00fcberzeugend bewiesen: Es war die Friedensbewegung, in ihrer Breite und Vielfalt \u2013 von Amnesty International \u00fcber DFG-VK und Attac bis hin zu\u00a0 den sich seit Fr\u00fchjahr 2014 entwickelnden neuen Organisationen und Initiativen \u2013 in ihrer Unterschiedlichkeit, aber auch in der Eindeutigkeit der inhaltlichen Grundpositionen, die in und um Ramstein demonstrierte. Was sicher die Teilnehmenden einte, war der Wille zum Frieden in einer gef\u00e4hrlichen Situation, war das NEIN zu Krieg und Militarismus, war die eindeutige Opposition zur regierenden Politik.<\/em><\/p>\n<p><em>Es kann nur ein Appell sein, aber es soll auch an dieser Stelle deutlich gesagt werden: Lasst uns wieder zur\u00fcckkommen zu mehr Gemeinsamkeit und Solidarit\u00e4t! Ramstein im Juno 2016 war daf\u00fcr ein starkes eindeutiges Zeichen.<\/em><\/p>\n<p><em>Die Veranstaltungen waren eine gro\u00dfe logistische und organisatorische Herausforderung. Sie wurden durch viele Helferinnen und Helfer, durch die engagierte Initiative Stopp Ramstein Kaiserslautern (das ist die regionale Initiative) \u00fcberzeugend gel\u00f6st. Die kleinen Probleme, die wir naturgem\u00e4\u00df hatten, sind unsere und werden beim n\u00e4chsten Mal keine mehr sein. Dank an alle, die mitgeholfen haben. Es waren viele! Ohne sie w\u00e4ren die beeindruckenden Aktionen vom Wochenende nicht m\u00f6glich gewesen.<\/em><\/p>\n<p><em>\u201eWir werden wiederkommen\u201c war der einheitliche Tenor der von inhaltlichen Beitr\u00e4gen und Kultur gepr\u00e4gten Abschlusskundgebung. Die Drohneneins\u00e4tze von Ramstein aus zu beenden, ist eine lange\u00a0 Auseinandersetzung, die mit noch gr\u00f6\u00dferer Intensit\u00e4t gef\u00fchrt werden muss. Wir sind dazu bereit!<\/em><\/p>\n<p><em>Wir m\u00fcssen mit unserer Aufkl\u00e4rungs- und Informationsarbeit sowie mit weiteren Aktionen unsere Sympathiewerbung f\u00fcr den Frieden bei der Bev\u00f6lkerung fortsetzen. Wir werden uns weiter gegen demokratiefreie Zonen um die Air Base Ramstein wenden. Die Kampagne Stopp Ramstein hat gerade erst richtig begonnen.<\/em><\/p>\n<p><em>Ist dies der Anfang einer wiederbelebten, erneuerten Friedensbewegung? Das wird die Zukunft zeigen. Wir setzen uns weiterhin daf\u00fcr aktiv ein.<\/em><\/p>\n<p><em>Weitere Informationen sind auf <a href=\"https:\/\/deref-web.de\/mail\/client\/dereferrer\/?redirectUrl=http%3A%2F%2Fwww.ramstein-kampagne.eu\">www.ramstein-kampagne.eu<\/a> zu finden.<\/em><\/p>\n<p><em>Reiner Braun, Juliane Drechsel-Grau, Pascal Luig, Amela Skiljan, Lucas Wirl (Berliner Aktionsb\u00fcro Kampagne Stopp Ramstein)<\/em><\/p>\n<p><em>13.06.2016<\/em><\/p>\n","protected":false},"excerpt":{"rendered":"<p>Es war die gr\u00f6\u00dfte Protestaktion gegen Drohneneins\u00e4tze, es waren die gr\u00f6\u00dften Aktionen der Aufkl\u00e4rung und Information in der Geschichte des jahrzehntelangen Protestes gegen die Milit\u00e4rbasis der USA in Ramstein. Wir haben die Stimmung in der Region zugunsten von Frieden ver\u00e4ndert. Das ist das Res\u00fcmee der vielf\u00e4ltigen Aktivit\u00e4ten in Ramstein vom 09. bis 12.06.2016. Die Aktionen [&hellip;]<\/p>\n","protected":false},"author":4,"featured_media":0,"comment_status":"open","ping_status":"open","sticky":false,"template":"","format":"standard","meta":{"jetpack_post_was_ever_published":false,"_jetpack_newsletter_access":"","_jetpack_dont_email_post_to_subs":false,"_jetpack_newsletter_tier_id":0,"_jetpack_memberships_contains_paywalled_content":false,"_jetpack_memberships_contains_paid_content":false,"footnotes":""},"categories":[22,45,175,21,8],"tags":[213,142],"class_list":["post-2230","post","type-post","status-publish","format-standard","hentry","category-friedensaktionen","category-friedensbewegung","category-nato","category-politik","category-standpunkte","tag-freidenkerinnen","tag-stopp-ramstein"],"jetpack_featured_media_url":"","jetpack_shortlink":"https:\/\/wp.me\/py5dN-zY","jetpack_sharing_enabled":true,"_links":{"self":[{"href":"https:\/\/www.berlin.freidenker.org\/index.php?rest_route=\/wp\/v2\/posts\/2230","targetHints":{"allow":["GET"]}}],"collection":[{"href":"https:\/\/www.berlin.freidenker.org\/index.php?rest_route=\/wp\/v2\/posts"}],"about":[{"href":"https:\/\/www.berlin.freidenker.org\/index.php?rest_route=\/wp\/v2\/types\/post"}],"author":[{"embeddable":true,"href":"https:\/\/www.berlin.freidenker.org\/index.php?rest_route=\/wp\/v2\/users\/4"}],"replies":[{"embeddable":true,"href":"https:\/\/www.berlin.freidenker.org\/index.php?rest_route=%2Fwp%2Fv2%2Fcomments&post=2230"}],"version-history":[{"count":6,"href":"https:\/\/www.berlin.freidenker.org\/index.php?rest_route=\/wp\/v2\/posts\/2230\/revisions"}],"predecessor-version":[{"id":2239,"href":"https:\/\/www.berlin.freidenker.org\/index.php?rest_route=\/wp\/v2\/posts\/2230\/revisions\/2239"}],"wp:attachment":[{"href":"https:\/\/www.berlin.freidenker.org\/index.php?rest_route=%2Fwp%2Fv2%2Fmedia&parent=2230"}],"wp:term":[{"taxonomy":"category","embeddable":true,"href":"https:\/\/www.berlin.freidenker.org\/index.php?rest_route=%2Fwp%2Fv2%2Fcategories&post=2230"},{"taxonomy":"post_tag","embeddable":true,"href":"https:\/\/www.berlin.freidenker.org\/index.php?rest_route=%2Fwp%2Fv2%2Ftags&post=2230"}],"curies":[{"name":"wp","href":"https:\/\/api.w.org\/{rel}","templated":true}]}}