{"id":2261,"date":"2016-06-22T10:14:21","date_gmt":"2016-06-22T08:14:21","guid":{"rendered":"http:\/\/www.berlin.freidenker.org\/?p=2261"},"modified":"2016-07-02T08:38:15","modified_gmt":"2016-07-02T06:38:15","slug":"die-russische-frage-i","status":"publish","type":"post","link":"https:\/\/www.berlin.freidenker.org\/?p=2261","title":{"rendered":"Die russische Frage (1)"},"content":{"rendered":"<p>Als <a href=\"https:\/\/de.wikipedia.org\/wiki\/Bruno_Mahlow_junior\" target=\"_blank\">Bruno Mahlow<\/a> k\u00fcrzlich bei den Berliner Freidenkern einen <a href=\"https:\/\/www.berlin.freidenker.org\/?p=2161\" target=\"_blank\">Vortrag \u00fcber Russland<\/a> hielt (neudeutsch: &#8222;einen hochkar\u00e4tigen Vortrag&#8220;; sicherlich wird bald ein Videomitschnitt zu sehen sein) benutzte er eine mir altvertraute aber lange nicht geh\u00f6rte Wendung: &#8222;Die russische Frage&#8220;. Bruno Mahlow erinnerte: <em>&#8222;Pl\u00f6tzlich fanden sich 25 Millionen Russen au\u00dferhalb Russlands &#8230; das Wei\u00dfbuch der Bundeswehr benennt Russland als Feind, wie den IS &#8230; Gehrke stellte auf dem Magdeburger Parteitag der Linken den Antrag, den 75. Jahrestag des \u00dcberfalls auf die Sowjetunion w\u00fcrdig zu begehen &#8230; nach dem Untergang der Sowjetunion, diesem &#8222;zivilisatorischen R\u00fcckschlag f\u00fcr die Menschheit&#8220;, gibt es sie wieder, &#8222;die russische Frage&#8220;.&#8220;<\/em><\/p>\n<p>In meiner Sozialisation hat &#8222;die russische Frage&#8220; fr\u00fchzeitig eine Rolle gespielt. Als Heranwachsender fand ich die Formulierung interessant und zugleich geheimnisvoll. Ich konnte mir wenig darunter vorstellen. Mit 11, 12, Jahren begann ich Gorkis Romane und Erz\u00e4hlungen zu verschlingen (Mein Vater &#8211; Bau-Ingenieuer &#8211; war 1951 f\u00fcr gute Arbeit mit\u00a0einem dicken Sammelband Gorki ausgezeichnet worden.<a href=\"https:\/\/www.booklooker.de\/B%C3%BCcher\/Gorki+Maxim-Gorki-Ausgew%C3%A4hlte-Werke\/id\/A01seGqm01ZZG\" target=\"_blank\"> Hier<\/a> ist dieses Buch aus dem SWA-Verlag abgebildet.) Es war die Zeit der Stalinkult-Kriegsfilme. &#8222;Der Fall von Berlin&#8220; riss mich mit, und es st\u00f6rte mich, dass mein Vater meine Begeisterung nicht teilte. (Mein erster, schwer beeindruckender Film war jedoch kein russischer &#8211;<a href=\"https:\/\/de.wikipedia.org\/wiki\/Die_letzte_Etappe_(1948)\" target=\"_blank\">&#8222;Die letzte Etappe&#8220;<\/a> von Wanda Jakubowska (1948). Der ging in die pers\u00f6nlichen Grunderfahrungen ein.)<\/p>\n<div id=\"attachment_2264\" style=\"width: 525px\" class=\"wp-caption alignnone\"><a href=\"https:\/\/i0.wp.com\/www.berlin.freidenker.org\/wp-content\/uploads\/2016\/06\/letzte-etappe-blog-17709175wvvWinbzb9OQ33HLQl9Pe7CkFaHVdwCMp9bLKbIwMrLUiAqkAXxkJMsmuoJYNQHtGeAMcKK97fbpLbH-rGI6g.jpg?ssl=1\"><img data-recalc-dims=\"1\" loading=\"lazy\" decoding=\"async\" aria-describedby=\"caption-attachment-2264\" class=\"size-full wp-image-2264\" src=\"https:\/\/i0.wp.com\/www.berlin.freidenker.org\/wp-content\/uploads\/2016\/06\/letzte-etappe-blog-17709175wvvWinbzb9OQ33HLQl9Pe7CkFaHVdwCMp9bLKbIwMrLUiAqkAXxkJMsmuoJYNQHtGeAMcKK97fbpLbH-rGI6g.jpg?resize=515%2C667&#038;ssl=1\" alt=\"Zur ARTE-Sendung am 14. Oktober 2005 um 15.50 Uhr (Wiederholung: 25. Oktober 2005 um 01.40 Uhr) Die Passagierin Bildunterschrift: Liza (Aleksandra Slaska) in ihrem fr\u00fcheren Leben als KZ-Aufseherin Bildrechte: ARTE F Honorarfreie Verwendung nur im Zusammenhang mit genannter Sendung und bei folgender Nennung &quot;Bild: Sendeanstalt\/Copyright&quot;. Andere Verwendungen nur nach vorheriger Absprache: ARTE-Bildredaktion, Tel.: Carine Jechoux +33 3 88 14 21 37 und Silke W\u00f6lk +33 3 88 14 22 25, E-Mail: bildredaktion@arte-tv.com\" width=\"515\" height=\"667\" srcset=\"https:\/\/i0.wp.com\/www.berlin.freidenker.org\/wp-content\/uploads\/2016\/06\/letzte-etappe-blog-17709175wvvWinbzb9OQ33HLQl9Pe7CkFaHVdwCMp9bLKbIwMrLUiAqkAXxkJMsmuoJYNQHtGeAMcKK97fbpLbH-rGI6g.jpg?w=515&amp;ssl=1 515w, https:\/\/i0.wp.com\/www.berlin.freidenker.org\/wp-content\/uploads\/2016\/06\/letzte-etappe-blog-17709175wvvWinbzb9OQ33HLQl9Pe7CkFaHVdwCMp9bLKbIwMrLUiAqkAXxkJMsmuoJYNQHtGeAMcKK97fbpLbH-rGI6g.jpg?resize=232%2C300&amp;ssl=1 232w\" sizes=\"auto, (max-width: 515px) 100vw, 515px\" \/><\/a><p id=\"caption-attachment-2264\" class=\"wp-caption-text\">(<a href=\"http:\/\/bildredaktion@arte-tv.com\" target=\"_blank\">Bildquelle<\/a>)<\/p><\/div>\n<p>In Gespr\u00e4chen geisterte ein Film aus noch fr\u00fcherer Zeit herum &#8211;\u00a0&#8222;Die russische Frage&#8220; nach Konstantin Simonow. Bereits 1947 hatte es eine gleichnamige Theaterauff\u00fchrung in Berlin unter der Intendanz Wolfgang Langhoffs gegeben. Der &#8222;Spiegel&#8220; reagierte missvergn\u00fcgt. In einer ausf\u00fchrlichen Besprechung\u00a0<a href=\"http:\/\/www.spiegel.de\/spiegel\/print\/d-41122450.html\">&#8222;Der Fall Harry Smith&#8220;<\/a> vom 10.5.1947 haben bereits alle die Schreiber des Tages in den ideologischen Sch\u00fctzengr\u00e4ben Posten gefasst. 1947\/48 &#8222;die russische Frage&#8220; zu stellen, verletzte offensichtlich bereits ein Sakrileg. Das war knapp und speziell den Deutschen fasslich: Ami gut &#8211; Russe schlecht.<\/p>\n<p>Wann waren die historischen Anf\u00e4nge? D\u00e4monisierung des &#8222;asiatischen Ostens&#8220; bereits seit dem 15. Jahrhundert. <a href=\"http:\/\/www.mlwerke.de\/me\/me09\/me09_204.htm\" target=\"_blank\">Karl Marx spricht 1853<\/a> von der russischen Frage, doch, wie mir scheint, eher zuf\u00e4llig und in untergeordneter Bedeutung. Der alte Bebel erkl\u00e4rte bekanntlich noch 1907 seine Bereitschaft, im Rock des Kaisers gegen den Zaren, also den russischen Imperialismus, zu k\u00e4mpfen. Den Sozialdemokraten blieb 1914 der Rock des Kaisers. Und vom Zarenreich im Osten blieb viel Weizen, viel \u00d6l und viel, viel verlockender Lebensraum. Eine besondere russische Frage aber wurde damals meines Wissens im Westen noch nicht formuliert. Wohl aber von den Russen selbst. <a href=\"https:\/\/de.wikipedia.org\/wiki\/Nikolai_Gawrilowitsch_Tschernyschewski\" target=\"_blank\">Einer fragte bereits 1863<\/a> &#8222;Was tun?&#8220;, und <a href=\"https:\/\/de.wikipedia.org\/wiki\/Was_tun%3F\" target=\"_blank\">ein Zweiter stellte 1902 <\/a>mit gro\u00dfem Nachdruck dieselbe Frage&#8230;<\/p>\n<p>Langsam wird es verwirrend: Die Russen stellen sich selbst die &#8222;russische Frage&#8220; und das offensichtlich wiederholt. Ab einem bestimmten Zeitpunkt stellt sich im Westen (oder in der ganzen Welt?) jedenfalls aber in Deutschland die &#8222;russische Frage&#8220;. Schlie\u00dflich bekenne ich, dass es f\u00fcr mich pers\u00f6nlich eine &#8222;russische Frage&#8220; gibt. Was mag das Verbindende dieser verschiedenen Blickwinkel sein? Dar\u00fcber nachgr\u00fcbelnd sto\u00dfe ich darauf, dass es die Revolution ist. Nein, nicht die Revolution allein, sondern ein Dreieck mit den Seiten: Revolution &#8211; Frieden &#8211; Faschismus. Und es stellt sich der bedr\u00fcckende Gedanke ein, dass das deutsche Volk noch nie in einer Revolution oder wenigstens in einem gro\u00dfen Volkskrieg gesiegt hat.<\/p>\n<p>Es scheint, dass die russische Frage uns seit etwa 100 Jahren verfolgt. Steht sie etwa heute wieder im Raum? Der Elefant, der im Mediennebel verschwindet? Wir sollten die Augen offen lassen, und wir sollten nicht aus dem Raum fl\u00fcchten.<\/p>\n<p>Das da ist wohl keine gute Antwort:<\/p>\n<p><iframe loading=\"lazy\" src=\"\/\/www.youtube.com\/embed\/UWpqOmoft6g\" width=\"515\" height=\"314\" allowfullscreen=\"allowfullscreen\"><\/iframe><\/p>\n<p>Zum &#8222;Die russische Frage&#8220; <a href=\"https:\/\/opablog.net\/2016\/06\/25\/die-russische-frage-2\/\" target=\"_blank\">Teil 2 hier<\/a>.<\/p>\n<p>Zum &#8222;Die russische Frage&#8220; <a href=\"https:\/\/opablog.net\/2016\/06\/30\/die-russische-frage-der-deutschen-3\/\" target=\"_blank\">Teil 3 hier<\/a>.<\/p>\n","protected":false},"excerpt":{"rendered":"<p>Als Bruno Mahlow k\u00fcrzlich bei den Berliner Freidenkern einen Vortrag \u00fcber Russland hielt (neudeutsch: &#8222;einen hochkar\u00e4tigen Vortrag&#8220;; sicherlich wird bald ein Videomitschnitt zu sehen sein) benutzte er eine mir altvertraute aber lange nicht geh\u00f6rte Wendung: &#8222;Die russische Frage&#8220;. Bruno Mahlow erinnerte: &#8222;Pl\u00f6tzlich fanden sich 25 Millionen Russen au\u00dferhalb Russlands &#8230; das Wei\u00dfbuch der Bundeswehr benennt [&hellip;]<\/p>\n","protected":false},"author":4,"featured_media":0,"comment_status":"open","ping_status":"open","sticky":false,"template":"","format":"standard","meta":{"jetpack_post_was_ever_published":false,"_jetpack_newsletter_access":"","_jetpack_dont_email_post_to_subs":false,"_jetpack_newsletter_tier_id":0,"_jetpack_memberships_contains_paywalled_content":false,"_jetpack_memberships_contains_paid_content":false,"footnotes":""},"categories":[49,30,46,45,47,175,21,8],"tags":[219,220,221,223,222],"class_list":["post-2261","post","type-post","status-publish","format-standard","hentry","category-aufklaerung","category-europa","category-freidenker-im-gespraech","category-friedensbewegung","category-nation","category-nato","category-politik","category-standpunkte","tag-die-russische-frage","tag-gorki","tag-lenin","tag-tschwernyschewski","tag-wanda-jakubowska"],"jetpack_featured_media_url":"","jetpack_shortlink":"https:\/\/wp.me\/py5dN-At","jetpack_sharing_enabled":true,"_links":{"self":[{"href":"https:\/\/www.berlin.freidenker.org\/index.php?rest_route=\/wp\/v2\/posts\/2261","targetHints":{"allow":["GET"]}}],"collection":[{"href":"https:\/\/www.berlin.freidenker.org\/index.php?rest_route=\/wp\/v2\/posts"}],"about":[{"href":"https:\/\/www.berlin.freidenker.org\/index.php?rest_route=\/wp\/v2\/types\/post"}],"author":[{"embeddable":true,"href":"https:\/\/www.berlin.freidenker.org\/index.php?rest_route=\/wp\/v2\/users\/4"}],"replies":[{"embeddable":true,"href":"https:\/\/www.berlin.freidenker.org\/index.php?rest_route=%2Fwp%2Fv2%2Fcomments&post=2261"}],"version-history":[{"count":7,"href":"https:\/\/www.berlin.freidenker.org\/index.php?rest_route=\/wp\/v2\/posts\/2261\/revisions"}],"predecessor-version":[{"id":2317,"href":"https:\/\/www.berlin.freidenker.org\/index.php?rest_route=\/wp\/v2\/posts\/2261\/revisions\/2317"}],"wp:attachment":[{"href":"https:\/\/www.berlin.freidenker.org\/index.php?rest_route=%2Fwp%2Fv2%2Fmedia&parent=2261"}],"wp:term":[{"taxonomy":"category","embeddable":true,"href":"https:\/\/www.berlin.freidenker.org\/index.php?rest_route=%2Fwp%2Fv2%2Fcategories&post=2261"},{"taxonomy":"post_tag","embeddable":true,"href":"https:\/\/www.berlin.freidenker.org\/index.php?rest_route=%2Fwp%2Fv2%2Ftags&post=2261"}],"curies":[{"name":"wp","href":"https:\/\/api.w.org\/{rel}","templated":true}]}}