{"id":2269,"date":"2016-06-23T10:58:24","date_gmt":"2016-06-23T08:58:24","guid":{"rendered":"http:\/\/www.berlin.freidenker.org\/?p=2269"},"modified":"2016-06-23T10:58:24","modified_gmt":"2016-06-23T08:58:24","slug":"freidenker-zum-75-jahrestag-des-faschistischen-ueberfalls-auf-die-sowjetunion","status":"publish","type":"post","link":"https:\/\/www.berlin.freidenker.org\/?p=2269","title":{"rendered":"Freidenker zum 75. Jahrestag des faschistischen \u00dcberfalls auf die Sowjetunion"},"content":{"rendered":"<h3 style=\"text-align: center;\"><strong>Erkl\u00e4rung des\u00a0Verbandsvorstands<\/strong><\/h3>\n<p style=\"text-align: center;\">(Hervorhebungen\/Fettdruck durch den Webmaster)<\/p>\n<p><em>Am 22. Juni 2016 gedenken wir der 27 Millionen Sowjetb\u00fcrger, die beim \u00dcberfall der faschistischen Wehrmacht die Sowjetunion ihr Leben verloren.<\/em><\/p>\n<p><em>Am 30. Januar 1933 hatte Reichspr\u00e4sident von Hindenburg im Auftrag des monopolistischen Finanzkapitals die Regierungsgewalt in Deutschland an die Hitler-Faschisten \u00fcbertragen. Die Verfolgung von Antifaschisten begann umgehend, ihre Organisationen wurden verboten: zuerst im M\u00e4rz 1933 die Kommunistische Partei Deutschlands und der Deutsche Freidenker-Verband, die Gewerkschaften im Mai und die SPD im Juni 1933.<\/em><\/p>\n<p><em>Die Aggression nach au\u00dfen begann mit dem Raub der deutschsprachigen Gebiete der Tschechoslowakei, beglaubigt mit dem \u201eM\u00fcnchner Abkommen\u201c vom 30. September 1938, gefolgt vom \u00dcberfall auf Polen am 1.September 1939, der allgemein als offizieller Beginn des 2. Weltkriegs gilt.<\/em><\/p>\n<p><em>Der unter dem Decknamen \u201eUnternehmen Barbarossa\u201c seit Mitte 1940 vorbereitete \u00dcberfall auf die Sowjetunion musste aufgrund des Balkanfeldzugs ab 6. April 1941 verschoben werden, nachdem die Serben den Beitritt zum Dreim\u00e4chtepakt verweigert hatten.<\/em><\/p>\n<p><em>Am 22. Juni 1941 begann der Vernichtungskrieg mit dem Ziel der \u201eAusrottung des Kommunismus f\u00fcr alle Zeiten\u201c durch die \u201eVernichtung der bolschewistischen Kommissare und kommunistischen Intelligenz\u201c.<\/em><\/p>\n<p><em>Es war ein barbarischer, ein totaler Krieg, bis heute ohne Beispiel. Angesichts \u00fcber 50 Millionen Toten, darunter China mit 13,5 Millionen und die Sowjetunion mit 27 Millionen, bekr\u00e4ftigen wir an diesem Tag: \u201eNie wieder Faschismus, nie wieder Krieg!\u201c<\/em><\/p>\n<p><em>Heute jedoch sind die Regierenden weit davon entfernt, die Lehren aus diesem verbrecherischen Krieg zu beherzigen:<\/em><\/p>\n<p><em>Die USA, die NATO und die EU betreiben seit 1991 eine Politik der Einkreisung, Zur\u00fcckdr\u00e4ngung und Destabilisierung Russlands. Mit dem Putsch in der Ukraine, st\u00e4ndigen Man\u00f6vern und dem Vorr\u00fccken der NATO direkt an die russische Westgrenze wird eine Zuspitzung der unmittelbaren Konfrontation betrieben.<\/em><\/p>\n<p><em>Das AEGIS-Raketensystem, stationiert auf vier Kriegsschiffen und landgest\u00fctzt seit Juni 2016 in Rum\u00e4nien sowie ab Herbst in Polen, verk\u00fcrzt die Raketen-Vorwarnzeiten f\u00fcr Russland.\u00a0<\/em><br \/>\n<em>Die USA wollen sich die \u201erisikofreie\u201c nukleare Erstschlagf\u00e4higkeit sichern, indem ein Gegenschlag ausgeschaltet wird. Das irref\u00fchrend \u201eRaketenabwehrschild\u201c genannte AEGIS-System ist offensiv: Auf Knopfdruck von der US-Air Base Ramstein k\u00f6nnen die landgest\u00fctzten Startvorrichtungen auch die seit 1987 verbotenen atomar best\u00fcckbaren Cruise-Mittelstreckenraketen abschie\u00dfen, was eine neue Qualit\u00e4t der nuklearen Bedrohung nach Europa zur\u00fcckbringt.<\/em><\/p>\n<p><em>Russland bedroht kein Land in Europa und der Welt und setzt sich weltweit f\u00fcr kollektive Sicherheit ein. Es tut dies aus eigenem nationalem Interesse an der Entwicklung von Wirtschaft und Wohlstand, die durch Milliarden f\u00fcr ein neues Wettr\u00fcsten gebremst wird.<\/em><\/p>\n<p><em>Seit Jahren versuchen uns die Medien im Dienste der Kriegstreiber, Russland und Putin als neue Feindbilder in die K\u00f6pfe zu h\u00e4mmern. Das ist psychologische Kriegsvorbereitung.<\/em><\/p>\n<p><em>Wir Freidenkern unterst\u00fctzen die Aussage der Linksfraktion im Deutschen Bundestag:<\/em><br \/>\n<em>\u201eSanktionen werden verh\u00e4ngt, die NATO ist mit St\u00fctzpunkten und Raketen und gigantischen Man\u00f6vern an die russische Westgrenze vorgesto\u00dfen. Dem stellen wir uns entgegen: Macht uns Russland nicht zum Feind!\u201c<\/em><\/p>\n<p><em><strong>Wir wissen: endg\u00fcltig kann die Kriegsgefahr erst gebannt werden, wenn das Verursachersystem, der Imperialismus \u00fcberwunden ist. Aber wenn jemand auf die sozialistische Weltrevolution warten will, k\u00f6nnte es zu sp\u00e4t werden. Angesichts der akuten Bedrohung des Friedens ist das Zusammenwirken aller, die gegen den Krieg sind, \u00fcberlebenswichtig.<\/strong><\/em><\/p>\n<p><em>Am Krieg wie am Faschismus hat nur eine verschwindende Minderheit ein Interesse: das monopolistische Finanzkapital. Alle, die nicht dazu geh\u00f6ren, haben ein objektives Interesse an der Erhaltung des Friedens.<\/em><\/p>\n<p><em><strong>Deshalb begr\u00fc\u00dfen wir, wenn in dem Aufruf \u201eNicht in unserem Namen\u201c auch Politiker vor einem Krieg in Europa warnen, die bisher nicht als Anw\u00e4lte des Friedens in Erscheinung getreten sind, wie Roman Herzog, Erhard Eppler, Antje Vollmer oder Hans-Jochen Vogel. Deshalb unterst\u00fctzen wir diejenigen Stimmen, die einer Versch\u00e4rfung der Konfrontation eine Absage erteilen, wie j\u00fcngst Au\u00dfenminister Steinmeier oder Altkanzler Schr\u00f6der.<\/strong><\/em><\/p>\n<p><em><strong>Wir unterst\u00fctzen die Feststellung von Willi Wimmer in Ramstein \u201ePanzer vor die Tore der leidgepr\u00fcften Stadt Leningrad zu platzieren, ist das Perverseste, das man sich in Europa vorstellen kann\u201c.<\/strong><\/em><\/p>\n<p><em><strong>Wir Freidenker begr\u00fc\u00dfen ausdr\u00fccklich, wenn auch B\u00fcrgerliche, Vertreter des rechten politischen Spektrums, wenn Unternehmer f\u00fcr Vernunft und Verst\u00e4ndigung in den Beziehungen zu Russland eintreten.<\/strong><\/em><\/p>\n<p><em><strong>Und wenn das die \u201eantideutschen\u201c Wortverdreher als \u201eQuerfront\u201c denunzieren wollen, ist das nur ekelhaft und der Verachtung wert \u2013 sie betreiben das Gesch\u00e4ft der imperialistischen Kriegstreiber!<\/strong><\/em><\/p>\n<p><em>Wir halten daran fest:<\/em><\/p>\n<p><em>Gegen die bedrohliche Kriegsgefahr, gegen einen neuen Weltkrieg, gegen den unheimlichen Aufmarsch gegen Russland m\u00fcssen \u00fcber Partei- und Klassengrenzen hinweg alle Vern\u00fcnftigen zusammenstehen und ihre Stimme erheben:<\/em><\/p>\n<p><em>75 Jahre nach dem \u00dcberfall auf die Sowjetunion mahnen uns die Toten &#8211; <\/em><br \/>\n<em>Vers\u00f6hnung, Verst\u00e4ndigung, Zusammenarbeit und Frieden mit Russland!<\/em><\/p>\n","protected":false},"excerpt":{"rendered":"<p>Erkl\u00e4rung des\u00a0Verbandsvorstands (Hervorhebungen\/Fettdruck durch den Webmaster) Am 22. Juni 2016 gedenken wir der 27 Millionen Sowjetb\u00fcrger, die beim \u00dcberfall der faschistischen Wehrmacht die Sowjetunion ihr Leben verloren. Am 30. Januar 1933 hatte Reichspr\u00e4sident von Hindenburg im Auftrag des monopolistischen Finanzkapitals die Regierungsgewalt in Deutschland an die Hitler-Faschisten \u00fcbertragen. Die Verfolgung von Antifaschisten begann umgehend, ihre [&hellip;]<\/p>\n","protected":false},"author":5,"featured_media":0,"comment_status":"open","ping_status":"open","sticky":false,"template":"","format":"standard","meta":{"jetpack_post_was_ever_published":false,"_jetpack_newsletter_access":"","_jetpack_dont_email_post_to_subs":false,"_jetpack_newsletter_tier_id":0,"_jetpack_memberships_contains_paywalled_content":false,"_jetpack_memberships_contains_paid_content":false,"footnotes":""},"categories":[49,30,22,45,47,175,8],"tags":[224,129,107,96],"class_list":["post-2269","post","type-post","status-publish","format-standard","hentry","category-aufklaerung","category-europa","category-friedensaktionen","category-friedensbewegung","category-nation","category-nato","category-standpunkte","tag-faschistisches-deutschland","tag-krieg","tag-russland","tag-usa"],"jetpack_featured_media_url":"","jetpack_shortlink":"https:\/\/wp.me\/py5dN-AB","jetpack_sharing_enabled":true,"_links":{"self":[{"href":"https:\/\/www.berlin.freidenker.org\/index.php?rest_route=\/wp\/v2\/posts\/2269","targetHints":{"allow":["GET"]}}],"collection":[{"href":"https:\/\/www.berlin.freidenker.org\/index.php?rest_route=\/wp\/v2\/posts"}],"about":[{"href":"https:\/\/www.berlin.freidenker.org\/index.php?rest_route=\/wp\/v2\/types\/post"}],"author":[{"embeddable":true,"href":"https:\/\/www.berlin.freidenker.org\/index.php?rest_route=\/wp\/v2\/users\/5"}],"replies":[{"embeddable":true,"href":"https:\/\/www.berlin.freidenker.org\/index.php?rest_route=%2Fwp%2Fv2%2Fcomments&post=2269"}],"version-history":[{"count":2,"href":"https:\/\/www.berlin.freidenker.org\/index.php?rest_route=\/wp\/v2\/posts\/2269\/revisions"}],"predecessor-version":[{"id":2271,"href":"https:\/\/www.berlin.freidenker.org\/index.php?rest_route=\/wp\/v2\/posts\/2269\/revisions\/2271"}],"wp:attachment":[{"href":"https:\/\/www.berlin.freidenker.org\/index.php?rest_route=%2Fwp%2Fv2%2Fmedia&parent=2269"}],"wp:term":[{"taxonomy":"category","embeddable":true,"href":"https:\/\/www.berlin.freidenker.org\/index.php?rest_route=%2Fwp%2Fv2%2Fcategories&post=2269"},{"taxonomy":"post_tag","embeddable":true,"href":"https:\/\/www.berlin.freidenker.org\/index.php?rest_route=%2Fwp%2Fv2%2Ftags&post=2269"}],"curies":[{"name":"wp","href":"https:\/\/api.w.org\/{rel}","templated":true}]}}