{"id":2281,"date":"2016-06-26T12:32:18","date_gmt":"2016-06-26T10:32:18","guid":{"rendered":"http:\/\/www.berlin.freidenker.org\/?p=2281"},"modified":"2016-06-26T12:44:54","modified_gmt":"2016-06-26T10:44:54","slug":"wort-zum-sonntag-14-heute-u-a-von-ricken-patel-cia","status":"publish","type":"post","link":"https:\/\/www.berlin.freidenker.org\/?p=2281","title":{"rendered":"Wort zum Sonntag #14 &#8211; heute u. a. von Ricken Patel (CIA?)"},"content":{"rendered":"<p><em><strong>Avaaz<\/strong> wurde vom Brexit alarmiert und hat eine fast zu Tr\u00e4nen r\u00fchrende &#8222;Wertefanfare&#8220; angestimmt. Was da losgelassen wurde, h\u00e4tte Orwell neidisch gemacht.<\/em><\/p>\n<p><em>Avaaz, das betr\u00fcgerische &#8222;44-Millionen-Netzwerk&#8220;, d\u00fcrfte Freidenkern hinreichend bekannt sein. <a href=\"http:\/\/0815-info.de\/News-Wer-oder-Was-ist-Avaaz-item-11128.html\" target=\"_blank\">Hier<\/a> zum Nachlesen oder <a href=\"http:\/\/0815-info.de\/News-Die-AVAAZ-Rattenfaenger-sind-wieder-unterwegs-item-11161.html\" target=\"_blank\">hier<\/a> oder sehr ausf\u00fchrlich <a href=\"https:\/\/zeitgeist-online.de\/exklusivonline\/dossiers-und-analysen\/880-avaazorg-und-der-geheime-informationskrieg-um-syrien.html\/\" target=\"_blank\">hier<\/a>.<\/em><\/p>\n<p><em>Bitte Herr Patel (er ist dort der Boss):<\/em><\/p>\n<div dir=\"ltr\">\n<p>&#8222;Liebe <span id=\":4kk.12\">Avaazer<\/span>,<\/p>\n<p><b>heute ist ein schmerzhafter und schockierender Tag f\u00fcr Gro\u00dfbritannien, Europa und unsere Welt <\/b><em>(Webmaster: <a href=\"https:\/\/opablog.net\/2016\/06\/24\/take-back-control-ein-guter-tag\/\" target=\"_blank\">Na, na!<\/a>)<\/em><\/p>\n<p>Doch vielleicht brauchten wir diesen Moment in gewisser Hinsicht.<\/p>\n<p>Der Fortschritt, den wir in unserer offenen, toleranten und vernetzten Welt erreicht haben, ist nicht selbstverst\u00e4ndlich. Wir m\u00fcssen ihn sorgsam und kontinuierlich pflegen. Die Institutionen, die uns verbinden <em>(Webmaster: z. B. die NATO)<\/em>, m\u00fcssen in unseren Herzen und K\u00f6pfen existieren. Sie d\u00fcrfen nicht nur als b\u00fcrokratische, zweckm\u00e4\u00dfige Instrumente dienen. <b>Wir brauchen eine Ethik, einen Geist und eine Kultur des menschlichen Zusammenhalts<\/b><em> (Webmaster: Und &#8211; nach Gauck &#8211; ohne Gl\u00fcckss\u00fcchtigkeit, daf\u00fcr Todesbereitschaft.)<\/em><b> Nur so k\u00f6nnen wir die dunklen M\u00e4chte unserer Vergangenheit &#8211; Nationalismus und Rassismus &#8211; unter Kontrolle halten.<\/b><\/p>\n<p>Die Kampagne f\u00fcr den Verbleib Gro\u00dfbritanniens in der EU war stark von Angst und Eigeninteresse gepr\u00e4gt \u2014 wie viel Geld man damit verdienen oder verlieren k\u00f6nnte. Auf wunderbare Weise hat unsere Gemeinschaft Themen wie Liebe und Zusammenhalt in die Debatte eingebracht. Doch diesmal hat es nicht f\u00fcr den Erfolg gereicht. Eine Reihe von Journalisten und opportunistischen Politikern hat dazu beigetragen, 51.9 % der Menschen davon zu \u00fcberzeugen, die EU f\u00fcr ihr Leid verantwortlich zu machen.<\/p>\n<p><b>Doch wir d\u00fcrfen jetzt nicht ins Wanken geraten.<\/b> Dies ist nur eine von vielen Baustellen und diejenigen, die Angst und Spaltung sch\u00fcren, haben Aufwind \u2014 von Nationalisten, die Europa zerst\u00f6ren, bis zu Donald <span id=\":4kk.13\">Trump<\/span>, der in den USA jahrelange Fortschritte gegen Rassismus <em>(Webmaster: <a href=\"http:\/\/www.spiegel.de\/kultur\/gesellschaft\/rassismus-und-polizeigewalt-in-usa-ein-unvorstellbares-mass-a-1031921.html\" target=\"_blank\">&#8222;rassistische Polizeitaktik mit einem unvorstellbaren Ma\u00df an Gewalt&#8220;<\/a>)<\/em> und f\u00fcr Zusammenhalt zunichte machen k\u00f6nnte. <b>Wir m\u00fcssen den <span id=\":4kk.14\">Brexit<\/span> zu einem <span id=\":4kk.15\">Weckruf<\/span> f\u00fcr unsere Bewegung machen.<\/b> Zu einem Funken, der ein Feuer in uns entfacht \u2014 um das Projekt der Einheit und des Friedens <em>(Webmaster: besonders erfolgreich vor <a href=\"http:\/\/bilder3.n-tv.de\/img\/incoming\/crop11483606\/1861325131-cImg_16_9-w1200\/32868600AEC5E2BF.jpg\" target=\"_blank\">Lampedusa<\/a>\u00a0oder<a href=\"https:\/\/upload.wikimedia.org\/wikipedia\/commons\/8\/89\/Verjamelilla.jpg\" target=\"_blank\"> Melilla<\/a>)<\/em> zu verteidigen und wieder aufleben zu lassen, das unsere Eltern und Gro\u00dfeltern so weise aus ihren eigenen schmerzhaften Erfahrungen heraus ins Leben gerufen haben.<\/p>\n<p>Junge Menschen in Gro\u00dfbritannien haben mit \u00fcberw\u00e4ltigender Mehrheit f\u00fcr Europa gestimmt, genau wie sie <span id=\":4kk.16\">Trump<\/span> und seinesgleichen ablehnen. <b>Die Zukunft geh\u00f6rt uns, wenn wir diese Fackel lange genug tragen, um sie an k\u00fcnftige Generationen weiterzureichen.<\/b> Fassen wir also Mut, um uns mit Hingabe f\u00fcr die Welt einzusetzen, von der wir alle tr\u00e4umen. <b>Klickt hier, um eine Botschaft der Inspiration, Solidarit\u00e4t oder Hoffnung f\u00fcr die Zukunft zu teilen&#8230;\u00a0<\/b><\/p>\n<\/div>\n<div dir=\"ltr\" style=\"text-align: center;\">&#8212;&#8212;&#8212;&#8212;&#8212;&#8212;&#8212;&#8212;&#8212;&#8212;&#8212;&#8212;&#8212;&#8211;<\/div>\n<div dir=\"ltr\"><\/div>\n<div dir=\"ltr\"><em>Webmaster: Genug Mister Patel. J<\/em><em>unge Leute, vielleicht klickt Ihr lieber bei\u00a0Deolinda und ihrem Publikum \ud83d\ude1b :<\/em><\/div>\n<div dir=\"ltr\"><i>&#8222;Ich verdiene zwar nichts, aber das finde ich ganz normal &#8211; wie bl\u00f6d bin ich eigentlich?<\/i><\/div>\n<div dir=\"ltr\"><i><br \/>\nBesonders toll f\u00fchle ich mich, wenn ich einen Praktikumsplatz finde. Wie bl\u00f6d bin ich eigentlich?<\/i><\/div>\n<div dir=\"ltr\"><i><br \/>\nUnd wie bl\u00f6d muss diese Welt sein, in der man, um zum Sklaven zu werden, einen Uni-Abschluss braucht?&#8220;<\/i><\/div>\n<div dir=\"ltr\"><\/div>\n<div dir=\"ltr\"><iframe loading=\"lazy\" src=\"\/\/www.youtube.com\/embed\/kGS7vAliIjI\" width=\"515\" height=\"314\" allowfullscreen=\"allowfullscreen\"><\/iframe><\/div>\n<div dir=\"ltr\"><\/div>\n<div dir=\"ltr\"><a href=\"http:\/\/opablog.twoday.net\/stories\/14662661\/\" target=\"_blank\">Quelle<\/a><\/div>\n","protected":false},"excerpt":{"rendered":"<p>Avaaz wurde vom Brexit alarmiert und hat eine fast zu Tr\u00e4nen r\u00fchrende &#8222;Wertefanfare&#8220; angestimmt. Was da losgelassen wurde, h\u00e4tte Orwell neidisch gemacht. Avaaz, das betr\u00fcgerische &#8222;44-Millionen-Netzwerk&#8220;, d\u00fcrfte Freidenkern hinreichend bekannt sein. Hier zum Nachlesen oder hier oder sehr ausf\u00fchrlich hier. Bitte Herr Patel (er ist dort der Boss): &#8222;Liebe Avaazer, heute ist ein schmerzhafter und [&hellip;]<\/p>\n","protected":false},"author":5,"featured_media":0,"comment_status":"open","ping_status":"open","sticky":false,"template":"","format":"standard","meta":{"jetpack_post_was_ever_published":false,"_jetpack_newsletter_access":"","_jetpack_dont_email_post_to_subs":false,"_jetpack_newsletter_tier_id":0,"_jetpack_memberships_contains_paywalled_content":false,"_jetpack_memberships_contains_paid_content":false,"footnotes":""},"categories":[49,30,19,47,175,21,8],"tags":[225,227,226,228,229],"class_list":["post-2281","post","type-post","status-publish","format-standard","hentry","category-aufklaerung","category-europa","category-kultur","category-nation","category-nato","category-politik","category-standpunkte","tag-avaaz","tag-brexit","tag-deolinda","tag-ngo","tag-soros"],"jetpack_featured_media_url":"","jetpack_shortlink":"https:\/\/wp.me\/py5dN-AN","jetpack_sharing_enabled":true,"_links":{"self":[{"href":"https:\/\/www.berlin.freidenker.org\/index.php?rest_route=\/wp\/v2\/posts\/2281","targetHints":{"allow":["GET"]}}],"collection":[{"href":"https:\/\/www.berlin.freidenker.org\/index.php?rest_route=\/wp\/v2\/posts"}],"about":[{"href":"https:\/\/www.berlin.freidenker.org\/index.php?rest_route=\/wp\/v2\/types\/post"}],"author":[{"embeddable":true,"href":"https:\/\/www.berlin.freidenker.org\/index.php?rest_route=\/wp\/v2\/users\/5"}],"replies":[{"embeddable":true,"href":"https:\/\/www.berlin.freidenker.org\/index.php?rest_route=%2Fwp%2Fv2%2Fcomments&post=2281"}],"version-history":[{"count":19,"href":"https:\/\/www.berlin.freidenker.org\/index.php?rest_route=\/wp\/v2\/posts\/2281\/revisions"}],"predecessor-version":[{"id":2300,"href":"https:\/\/www.berlin.freidenker.org\/index.php?rest_route=\/wp\/v2\/posts\/2281\/revisions\/2300"}],"wp:attachment":[{"href":"https:\/\/www.berlin.freidenker.org\/index.php?rest_route=%2Fwp%2Fv2%2Fmedia&parent=2281"}],"wp:term":[{"taxonomy":"category","embeddable":true,"href":"https:\/\/www.berlin.freidenker.org\/index.php?rest_route=%2Fwp%2Fv2%2Fcategories&post=2281"},{"taxonomy":"post_tag","embeddable":true,"href":"https:\/\/www.berlin.freidenker.org\/index.php?rest_route=%2Fwp%2Fv2%2Ftags&post=2281"}],"curies":[{"name":"wp","href":"https:\/\/api.w.org\/{rel}","templated":true}]}}