{"id":2311,"date":"2016-07-01T17:21:20","date_gmt":"2016-07-01T15:21:20","guid":{"rendered":"http:\/\/www.berlin.freidenker.org\/?p=2311"},"modified":"2016-07-01T17:25:42","modified_gmt":"2016-07-01T15:25:42","slug":"amerikanischer-holocaust-oder-missionsfruehling-zu-beginn-der-neuzeit","status":"publish","type":"post","link":"https:\/\/www.berlin.freidenker.org\/?p=2311","title":{"rendered":"Amerikanischer Holocaust oder &#8222;Missionsfr\u00fchling zu Beginn der Neuzeit&#8220;"},"content":{"rendered":"<p style=\"text-align: center;\"><strong>*<\/strong><\/p>\n<p style=\"text-align: center;\"><em>&#8222;In Europa mu\u00dfte die katholische Kirche die Trennung von mehreren Millionen Gl\u00e4ubigen und den Verlust der Glaubenseinheit als Tatsache hinnehmen. Zur gleichen Zeit aber weiteten sich die \u00a0Horizonte; immer neue L\u00e4nder und V\u00f6lker traten in den Blickpunkt. Auf den Missionsfeldern begann ein neues Bl\u00fchen und Fruchttragen.&#8220;<\/em><\/p>\n<p>(A. Schuchert\/H. Sch\u00fctte:&#8220;Die Kirche in Geschichte und Gegenwart&#8220;, 1970)<\/p>\n<p style=\"text-align: center;\"><strong>*<\/strong><\/p>\n<p style=\"text-align: center;\"><em>&#8222;Vor allem die Neue Welt erlebte eine so grauenhafte Versklavung und Vernichtung des Menschen, da\u00df einem das Blut erstarren k\u00f6nnte.&#8220;<\/em><\/p>\n<p>(Kardinal Joseph H\u00f6ffner, Erzbischof von K\u00f6ln, in: W. Beutin: &#8222;Neuzeit. Religi\u00f6se Besessenheit Europas bis zu den Weltkriegen&#8220;, 1970)<\/p>\n<p style=\"text-align: center;\"><strong>*<\/strong><\/p>\n<p><strong>Quelle: KarlHeinz Deschner, &#8222;Kriminalgeschichte des Christentums&#8220;, Band 9, 2008,\u00a0 &#8222;Mitte des 16. bis Anfang des 18. Jahrhunderts. Vom V\u00f6lkermord in der Neuen Welt bis zum Beginn der Aufkl\u00e4rung&#8220;, Kapitel 1, Seiten 11-54<\/strong><\/p>\n","protected":false},"excerpt":{"rendered":"<p>* &#8222;In Europa mu\u00dfte die katholische Kirche die Trennung von mehreren Millionen Gl\u00e4ubigen und den Verlust der Glaubenseinheit als Tatsache hinnehmen. Zur gleichen Zeit aber weiteten sich die \u00a0Horizonte; immer neue L\u00e4nder und V\u00f6lker traten in den Blickpunkt. Auf den Missionsfeldern begann ein neues Bl\u00fchen und Fruchttragen.&#8220; (A. Schuchert\/H. Sch\u00fctte:&#8220;Die Kirche in Geschichte und Gegenwart&#8220;, [&hellip;]<\/p>\n","protected":false},"author":4,"featured_media":0,"comment_status":"open","ping_status":"open","sticky":false,"template":"","format":"standard","meta":{"jetpack_post_was_ever_published":false,"_jetpack_newsletter_access":"","_jetpack_dont_email_post_to_subs":false,"_jetpack_newsletter_tier_id":0,"_jetpack_memberships_contains_paywalled_content":false,"_jetpack_memberships_contains_paid_content":false,"footnotes":""},"categories":[49,30,19,80],"tags":[232,233,234],"class_list":["post-2311","post","type-post","status-publish","format-standard","hentry","category-aufklaerung","category-europa","category-kultur","category-religion","tag-deschner","tag-kriminalgeschichte-des-christentums","tag-la-conquista"],"jetpack_featured_media_url":"","jetpack_shortlink":"https:\/\/wp.me\/py5dN-Bh","jetpack_sharing_enabled":true,"_links":{"self":[{"href":"https:\/\/www.berlin.freidenker.org\/index.php?rest_route=\/wp\/v2\/posts\/2311","targetHints":{"allow":["GET"]}}],"collection":[{"href":"https:\/\/www.berlin.freidenker.org\/index.php?rest_route=\/wp\/v2\/posts"}],"about":[{"href":"https:\/\/www.berlin.freidenker.org\/index.php?rest_route=\/wp\/v2\/types\/post"}],"author":[{"embeddable":true,"href":"https:\/\/www.berlin.freidenker.org\/index.php?rest_route=\/wp\/v2\/users\/4"}],"replies":[{"embeddable":true,"href":"https:\/\/www.berlin.freidenker.org\/index.php?rest_route=%2Fwp%2Fv2%2Fcomments&post=2311"}],"version-history":[{"count":4,"href":"https:\/\/www.berlin.freidenker.org\/index.php?rest_route=\/wp\/v2\/posts\/2311\/revisions"}],"predecessor-version":[{"id":2315,"href":"https:\/\/www.berlin.freidenker.org\/index.php?rest_route=\/wp\/v2\/posts\/2311\/revisions\/2315"}],"wp:attachment":[{"href":"https:\/\/www.berlin.freidenker.org\/index.php?rest_route=%2Fwp%2Fv2%2Fmedia&parent=2311"}],"wp:term":[{"taxonomy":"category","embeddable":true,"href":"https:\/\/www.berlin.freidenker.org\/index.php?rest_route=%2Fwp%2Fv2%2Fcategories&post=2311"},{"taxonomy":"post_tag","embeddable":true,"href":"https:\/\/www.berlin.freidenker.org\/index.php?rest_route=%2Fwp%2Fv2%2Ftags&post=2311"}],"curies":[{"name":"wp","href":"https:\/\/api.w.org\/{rel}","templated":true}]}}