{"id":2319,"date":"2016-07-03T10:57:52","date_gmt":"2016-07-03T08:57:52","guid":{"rendered":"http:\/\/www.berlin.freidenker.org\/?p=2319"},"modified":"2016-07-03T10:57:52","modified_gmt":"2016-07-03T08:57:52","slug":"initiative","status":"publish","type":"post","link":"https:\/\/www.berlin.freidenker.org\/?p=2319","title":{"rendered":"Initiative!"},"content":{"rendered":"<header class=\"page-header\">\n<p class=\"page-title entry-title title-single font-inherit\" style=\"text-align: center;\"><em>FreidenkerInnen brauchen nicht immer &#8222;Zentrale Beschl\u00fcsse&#8220;, um aktiv zu werden. FreidenkerInnen ergreifen oder unterst\u00fctzen &#8222;ganz von selbst&#8220; Initiativen f\u00fcr Frieden und Aufkl\u00e4rung und erheben politische Forderungen.<\/em><\/p>\n<p class=\"page-title entry-title title-single font-inherit\" style=\"text-align: center;\">&#8212;&#8212;&#8212;&#8212;&#8212;&#8212;&#8212;&#8212;&#8212;&#8212;&#8212;&#8212;&#8212;&#8212;&#8212;&#8212;&#8212;&#8212;&#8212;&#8212;&#8212;&#8212;&#8212;&#8212;&#8212;&#8212;&#8212;&#8212;&#8212;&#8212;&#8212;&#8212;&#8212;&#8212;&#8212;&#8212;-<\/p>\n<h2 class=\"page-title entry-title title-single font-inherit\" style=\"text-align: center;\">Offener Brief<\/h2>\n<h2 class=\"page-title entry-title title-single font-inherit\" style=\"text-align: center;\">an die Bundeskanzlerin Angela Merkel<\/h2>\n<\/header>\n<div class=\"entry-content clearfix\">\n<h4><strong>Frau Bundeskanzlerin!<\/strong><\/h4>\n<h4><strong>Alarmierende Meldungen<\/strong> aus den letzten Tagen haben unsere Sorge um den h\u00f6chst gef\u00e4hrdeten Frieden zwischen Deutschland und Russland noch gr\u00f6\u00dfer gemacht:<\/h4>\n<h4>\u00a0\u2013 \u201aAnakonda 16\u2018, das k\u00fczlich\u00a0mit 30.000 Soldaten\u00a0aus 20 Nato-Staaten, darunter Deutschland(!),\u00a0 mit schwerem Kriegsger\u00e4t in Polen durchgef\u00fchrte Gro\u00dfman\u00f6ver,<\/h4>\n<h4>\u2013 die vertragswidrige Stationierung von vier NATO-Bataillonen\u00a0in den baltischen Staaten und in Polen,<b> <\/b>darunter ein Bundeswehr-Bataillon in Estland, <b>also Deutsche Panzer \u2013 75 Jahre nach dem \u00dcberfall Deutschlands auf die Sowjetunion \u2013 an der russischen Grenze, 175 km \u201avor\u2018 Leningrad!!!<\/b><\/h4>\n<h4><strong>\u2013 <\/strong>Ihre Ank\u00fcndigung auf dem CDU-Wirtschaftstag: \u201eGanz gewiss hei\u00dft dies auch, dass ein Land wie Deutschland, das <span data-ce-class=\"Dates\" data-cmp_parsed_date=\"2016-06-24\">heute<\/span> 1,2 Prozent des Bruttoinlandsproduktes (BIP) f\u00fcr Verteidigung ausgibt, und die Vereinigten Staaten, die 3,4 Prozent des BIP f\u00fcr Verteidigung ausgeben, sich werden ann\u00e4hern m\u00fcssen\u201c. Mit anderen Worten:\u00a0 <strong>Von unseren Steuergeldern sollen <\/strong><strong>mindestens 56 <\/strong><strong>Milliarden Euro j\u00e4hrlich (= 2% des BIP)<\/strong> f\u00fcr eine Kriegsmaschinerie ausgegeben werden, die mit der im Grundgesetz verankerten Landesverteidigung nichts, aber auch gar nichts zu tun hat!<\/h4>\n<h4><strong>Frau Merkel, denken Sie an Ihren Amtseid! Revidieren Sie diesen martialischen Kurs!\u00a0<\/strong><\/h4>\n<h4>In gro\u00dfer Sorge<\/h4>\n<h4><strong>Helene+Ansgar Klein<\/strong>,\u00a0Sprecher der <a href=\"http:\/\/www.friedensinitiative-wuerselen.de\/2016\/06\/25\/offener-brief-an-die-bundeskanzlerin-angela-merkel\/\">\u201aW\u00fcrselener Initiative f\u00fcr den Frieden\u2018<\/a><\/h4>\n<\/div>\n","protected":false},"excerpt":{"rendered":"<p>FreidenkerInnen brauchen nicht immer &#8222;Zentrale Beschl\u00fcsse&#8220;, um aktiv zu werden. FreidenkerInnen ergreifen oder unterst\u00fctzen &#8222;ganz von selbst&#8220; Initiativen f\u00fcr Frieden und Aufkl\u00e4rung und erheben politische Forderungen. &#8212;&#8212;&#8212;&#8212;&#8212;&#8212;&#8212;&#8212;&#8212;&#8212;&#8212;&#8212;&#8212;&#8212;&#8212;&#8212;&#8212;&#8212;&#8212;&#8212;&#8212;&#8212;&#8212;&#8212;&#8212;&#8212;&#8212;&#8212;&#8212;&#8212;&#8212;&#8212;&#8212;&#8212;&#8212;&#8212;- Offener Brief an die Bundeskanzlerin Angela Merkel Frau Bundeskanzlerin! Alarmierende Meldungen aus den letzten Tagen haben unsere Sorge um den h\u00f6chst gef\u00e4hrdeten Frieden zwischen Deutschland und Russland noch [&hellip;]<\/p>\n","protected":false},"author":4,"featured_media":0,"comment_status":"open","ping_status":"open","sticky":false,"template":"","format":"standard","meta":{"jetpack_post_was_ever_published":false,"_jetpack_newsletter_access":"","_jetpack_dont_email_post_to_subs":false,"_jetpack_newsletter_tier_id":0,"_jetpack_memberships_contains_paywalled_content":false,"_jetpack_memberships_contains_paid_content":false,"footnotes":""},"categories":[1,49,22,175,8],"tags":[236,127,178,148,235],"class_list":["post-2319","post","type-post","status-publish","format-standard","hentry","category-allgemein","category-aufklaerung","category-friedensaktionen","category-nato","category-standpunkte","tag-anakonda","tag-brd","tag-bundeswehr","tag-merkel","tag-wuerselener-initiative-fuer-den-frieden"],"jetpack_featured_media_url":"","jetpack_shortlink":"https:\/\/wp.me\/py5dN-Bp","jetpack_sharing_enabled":true,"_links":{"self":[{"href":"https:\/\/www.berlin.freidenker.org\/index.php?rest_route=\/wp\/v2\/posts\/2319","targetHints":{"allow":["GET"]}}],"collection":[{"href":"https:\/\/www.berlin.freidenker.org\/index.php?rest_route=\/wp\/v2\/posts"}],"about":[{"href":"https:\/\/www.berlin.freidenker.org\/index.php?rest_route=\/wp\/v2\/types\/post"}],"author":[{"embeddable":true,"href":"https:\/\/www.berlin.freidenker.org\/index.php?rest_route=\/wp\/v2\/users\/4"}],"replies":[{"embeddable":true,"href":"https:\/\/www.berlin.freidenker.org\/index.php?rest_route=%2Fwp%2Fv2%2Fcomments&post=2319"}],"version-history":[{"count":8,"href":"https:\/\/www.berlin.freidenker.org\/index.php?rest_route=\/wp\/v2\/posts\/2319\/revisions"}],"predecessor-version":[{"id":2327,"href":"https:\/\/www.berlin.freidenker.org\/index.php?rest_route=\/wp\/v2\/posts\/2319\/revisions\/2327"}],"wp:attachment":[{"href":"https:\/\/www.berlin.freidenker.org\/index.php?rest_route=%2Fwp%2Fv2%2Fmedia&parent=2319"}],"wp:term":[{"taxonomy":"category","embeddable":true,"href":"https:\/\/www.berlin.freidenker.org\/index.php?rest_route=%2Fwp%2Fv2%2Fcategories&post=2319"},{"taxonomy":"post_tag","embeddable":true,"href":"https:\/\/www.berlin.freidenker.org\/index.php?rest_route=%2Fwp%2Fv2%2Ftags&post=2319"}],"curies":[{"name":"wp","href":"https:\/\/api.w.org\/{rel}","templated":true}]}}