{"id":2332,"date":"2016-07-04T21:25:39","date_gmt":"2016-07-04T19:25:39","guid":{"rendered":"http:\/\/www.berlin.freidenker.org\/?p=2332"},"modified":"2016-07-04T21:25:39","modified_gmt":"2016-07-04T19:25:39","slug":"nein-zur-nato-petition-bitte-unterstuetzen","status":"publish","type":"post","link":"https:\/\/www.berlin.freidenker.org\/?p=2332","title":{"rendered":"Nein zur NATO: Petition bitte unterst\u00fctzen"},"content":{"rendered":"<blockquote>\n<div class=\"moz-forward-container\">\n<div class=\"moz-forward-container\">\n<div class=\"moz-forward-container\">\n<div class=\"\">Christiane Reymann, Linkspartei:<\/div>\n<div class=\"\"><em><span class=\"\"><span style=\"color: #444444; font-family: Arial, sans-serif;\">&#8222;Die NATO stiftet nicht Frieden, sondern verursacht Spannungen bis hin zu Kriegen. Deshalb hat die Fraktion DIE LINKE die Forderung der Friedensbewegung, <\/span><\/span><span class=\"\"><span style=\"font-family: Arial, sans-serif;\"><span style=\"color: #444444;\">&#8222;Die NATO durch ein kollektives System f\u00fcr Frieden und Sicherheit in Europa unter Einschluss Russlands ersetzen&#8220; zu lassen als Antrag in den Bundestag eingebracht. Der Antrag ist zugleich eine Petition und es w\u00e4re sch\u00f6n,\u00a0 \u00a0 \u00a0 \u00a0 \u00a0 \u00a0 \u00a0 wenn Du sie unterst\u00fctzen und verbreiten w\u00fcrdest &#8211; \u00fcber diesen Link:<\/span><span style=\"color: #e32400;\">\u00a0<\/span><\/span><\/span><span style=\"color: #e32400; font-family: Arial;\"><a class=\"moz-txt-link-freetext\" href=\"https:\/\/www.openpetition.de\/petition\/online\/nato-aufloesen\" target=\"_blank\" rel=\"noreferrer\">https:\/\/www.openpetition.de\/petition\/online\/nato-aufloesen<\/a><\/span><\/em><\/div>\n<div class=\"\"><\/div>\n<div class=\"\"><em><span class=\"\"><span style=\"color: #444444; font-family: Arial, sans-serif;\">Am 07. Juli, dem Tag vor Beginn des NATO-Gipfels in Warschau, wird der Antrag im Plenum des\u00a0Bundestages diskutiert. Nachzulesen ist er hier:\u00a0<\/span><\/span><a class=\"\" href=\"http:\/\/dip21.bundestag.de\/dip21\/btd\/18\/086\/1808656.pdf\" target=\"_blank\" rel=\"noreferrer\">dip21.bundestag.de\/dip21\/btd\/18\/086\/1808656.pdf<\/a>.<\/em><\/div>\n<div class=\"\"><em><span class=\"\"><span style=\"color: #444444; font-family: Arial, sans-serif;\">\u00a0<\/span><\/span><\/em><\/div>\n<div class=\"\"><em><span class=\"\"><span style=\"font-family: Arial, sans-serif;\"><span style=\"color: #444444;\">Eine Rolle spielt auch das aggressive S\u00e4belrasseln, zuletzt im Man\u00f6ver Anakonda, als \u00fcber 25 000 Soldaten aus verschiedenen NATO-Staaten an der Westgrenze Russlands Krieg ge\u00fcbt\u00a0haben. Dazu ein Video auf youtube: Anakonda. Die NATO auf Reptilienniveau: <\/span><span style=\"color: #e32400;\"><a class=\"\" href=\"http:\/\/www.youtube.com\/watch?v=NsK9NCne4SM\" target=\"_blank\" rel=\"noreferrer\">http:\/\/www.youtube.com\/watch?v=NsK9NCne4SM<\/a><\/span><\/span><\/span><\/em><\/div>\n<div class=\"\"><em><span class=\"\"><span style=\"color: #444444; font-family: Arial, sans-serif;\">\u00a0<\/span><\/span><\/em><\/div>\n<div class=\"\"><span style=\"color: #444444; font-family: Arial, sans-serif;\"><span class=\"\"><em>In der Hoffnung, dass diese Initiative mit dazu beitr\u00e4gt, die NATO als das Problem f\u00fcr den Frieden, nicht die L\u00f6sung, st\u00e4rker in die \u00f6ffentliche Auseinandersetzung zu r\u00fccken&#8220;<\/em><\/span><\/span><\/div>\n<\/div>\n<\/div>\n<\/div>\n<\/blockquote>\n","protected":false},"excerpt":{"rendered":"<p>Christiane Reymann, Linkspartei: &#8222;Die NATO stiftet nicht Frieden, sondern verursacht Spannungen bis hin zu Kriegen. Deshalb hat die Fraktion DIE LINKE die Forderung der Friedensbewegung, &#8222;Die NATO durch ein kollektives System f\u00fcr Frieden und Sicherheit in Europa unter Einschluss Russlands ersetzen&#8220; zu lassen als Antrag in den Bundestag eingebracht. Der Antrag ist zugleich eine Petition [&hellip;]<\/p>\n","protected":false},"author":4,"featured_media":0,"comment_status":"open","ping_status":"open","sticky":false,"template":"","format":"standard","meta":{"jetpack_post_was_ever_published":false,"_jetpack_newsletter_access":"","_jetpack_dont_email_post_to_subs":false,"_jetpack_newsletter_tier_id":0,"_jetpack_memberships_contains_paywalled_content":false,"_jetpack_memberships_contains_paid_content":false,"footnotes":""},"categories":[22,175,8],"tags":[120],"class_list":["post-2332","post","type-post","status-publish","format-standard","hentry","category-friedensaktionen","category-nato","category-standpunkte","tag-die-linke"],"jetpack_featured_media_url":"","jetpack_shortlink":"https:\/\/wp.me\/py5dN-BC","jetpack_sharing_enabled":true,"_links":{"self":[{"href":"https:\/\/www.berlin.freidenker.org\/index.php?rest_route=\/wp\/v2\/posts\/2332","targetHints":{"allow":["GET"]}}],"collection":[{"href":"https:\/\/www.berlin.freidenker.org\/index.php?rest_route=\/wp\/v2\/posts"}],"about":[{"href":"https:\/\/www.berlin.freidenker.org\/index.php?rest_route=\/wp\/v2\/types\/post"}],"author":[{"embeddable":true,"href":"https:\/\/www.berlin.freidenker.org\/index.php?rest_route=\/wp\/v2\/users\/4"}],"replies":[{"embeddable":true,"href":"https:\/\/www.berlin.freidenker.org\/index.php?rest_route=%2Fwp%2Fv2%2Fcomments&post=2332"}],"version-history":[{"count":2,"href":"https:\/\/www.berlin.freidenker.org\/index.php?rest_route=\/wp\/v2\/posts\/2332\/revisions"}],"predecessor-version":[{"id":2334,"href":"https:\/\/www.berlin.freidenker.org\/index.php?rest_route=\/wp\/v2\/posts\/2332\/revisions\/2334"}],"wp:attachment":[{"href":"https:\/\/www.berlin.freidenker.org\/index.php?rest_route=%2Fwp%2Fv2%2Fmedia&parent=2332"}],"wp:term":[{"taxonomy":"category","embeddable":true,"href":"https:\/\/www.berlin.freidenker.org\/index.php?rest_route=%2Fwp%2Fv2%2Fcategories&post=2332"},{"taxonomy":"post_tag","embeddable":true,"href":"https:\/\/www.berlin.freidenker.org\/index.php?rest_route=%2Fwp%2Fv2%2Ftags&post=2332"}],"curies":[{"name":"wp","href":"https:\/\/api.w.org\/{rel}","templated":true}]}}