{"id":2350,"date":"2016-07-05T22:08:45","date_gmt":"2016-07-05T20:08:45","guid":{"rendered":"http:\/\/www.berlin.freidenker.org\/?p=2350"},"modified":"2016-07-06T16:07:33","modified_gmt":"2016-07-06T14:07:33","slug":"friedensbewegung-graeben-ueberwinden-oder-vertiefen","status":"publish","type":"post","link":"https:\/\/www.berlin.freidenker.org\/?p=2350","title":{"rendered":"Friedensbewegung &#8211; Gr\u00e4ben \u00fcberwinden oder vertiefen? &#8211; mit Update"},"content":{"rendered":"<p><strong>Update<\/strong>:\u00a0<em>In der immer lesenswerten &#8222;Neuen Rheinischen Zeitung&#8220; ist zu dem Interview, das den Gegenstand meines folgenden Beitrags liefert, ebenfalls eine kritische Betrachtung erschienen. <a href=\"http:\/\/www.nrhz.de\/flyer\/beitrag.php?id=22938\" target=\"_blank\">Hier<\/a> zu finden. Interessant, wie sich beide Sichtweisen erg\u00e4nzen, in einigen Details auch unterscheiden. Danke an Anneliese Fikentscher und Andreas Neumann, den Herausgebern der <a href=\"http:\/\/www.nrhz.de\/flyer\/\" target=\"_blank\">NRhZ<\/a> und des <a href=\"http:\/\/www.das-krokodil.com\/\" target=\"_blank\">Krokodil.<\/a><\/em><\/p>\n<p style=\"text-align: center;\"><a href=\"https:\/\/i0.wp.com\/www.berlin.freidenker.org\/wp-content\/uploads\/2016\/07\/krokodil-webs-ausgabe-17-seite-01.jpg?ssl=1\"><img data-recalc-dims=\"1\" loading=\"lazy\" decoding=\"async\" class=\"alignnone size-full wp-image-2364\" src=\"https:\/\/i0.wp.com\/www.berlin.freidenker.org\/wp-content\/uploads\/2016\/07\/krokodil-webs-ausgabe-17-seite-01.jpg?resize=300%2C426&#038;ssl=1\" alt=\"krokodil-webs ausgabe-17-seite-01\" width=\"300\" height=\"426\" srcset=\"https:\/\/i0.wp.com\/www.berlin.freidenker.org\/wp-content\/uploads\/2016\/07\/krokodil-webs-ausgabe-17-seite-01.jpg?w=300&amp;ssl=1 300w, https:\/\/i0.wp.com\/www.berlin.freidenker.org\/wp-content\/uploads\/2016\/07\/krokodil-webs-ausgabe-17-seite-01.jpg?resize=211%2C300&amp;ssl=1 211w\" sizes=\"auto, (max-width: 300px) 100vw, 300px\" \/><\/a><\/p>\n<p><strong>Ende des Updates.<\/strong><\/p>\n<p>&#8212;&#8212;&#8212;&#8212;&#8212;&#8212;&#8212;&#8212;&#8212;&#8212;&#8212;&#8212;&#8212;&#8212;&#8212;&#8212;&#8212;&#8212;&#8212;&#8212;&#8212;&#8212;&#8212;&#8212;&#8212;&#8212;&#8212;&#8212;&#8212;&#8212;&#8212;<\/p>\n<p>Ob Tobias Pfl\u00fcger (Linkspartei) und Johannes Supe (&#8222;junge Welt&#8220;)\u00a0zeigen, wie es geht?<\/p>\n<p>Bereits die \u00dcberschrift des <a href=\"https:\/\/www.jungewelt.de\/2016\/07-02\/060.php\" target=\"_blank\">Interviews in der &#8222;jungen Welt&#8220;<\/a>\u00a0scheint\u00a0auf den springenden Punkt zu verweisen:\u00a0<em>&#8222;Wer nur die USA sieht, entschuldigt den deutschen Imperialismus.&#8220;<\/em><\/p>\n<p>Wahrscheinlich wird Herr Pfl\u00fcger, stelle ich mir vor, sorgf\u00e4ltig aufzeigen, wer &#8222;nur die USA sieht&#8220; und wer &#8222;den deutschen Imperialismus entschuldigt&#8220;. Dann wird er solche Positionen\u00a0heftig angreifen und widerlegen und somit der Friedensbewegung Wege zu gr\u00f6\u00dferer Wirksamkeit \u00f6ffnen. So meine Erwartung, und nun, um den Pudding zu pr\u00fcfen, nehme ich mir das Interview vor:<\/p>\n<p>Routiniert kritisch \u00e4u\u00dfern sich Pfl\u00fcger und Supe zur Aufr\u00fcstung der Bundeswehr: Viele Milliarden sollen zus\u00e4tzlich ausgegeben werden, f\u00fcr Panzer, f\u00fcr Drohnen, f\u00fcr den Cyberkrieg. Man beteilige sich am Anakonda-Man\u00f6ver mit Kriegsszenario gegen Russland, doch gegen &#8222;das S\u00e4belrasseln&#8220; habe sich bereits der Au\u00dfenminister ge\u00e4u\u00dfert. Man strebe permanente Milit\u00e4rst\u00fctzpunkte an, in Usbekistan aber gibt es keinen mehr. In den baltischen Staaten will man einen er\u00f6ffnen, darf das aber nicht. Wird es einen de facto geben? Wird es keinen de jure geben? Au\u00dferdem \u00fcbt man gerade, schwere Ger\u00e4tschaften zu transportieren, z. B. leichte Panzer im Flugzeug, klappt aber noch nicht. Doch man wird dranbleiben&#8230; &#8222;Deutet all das nicht auf weitere Auslandseins\u00e4tze hin?&#8220; fragt Supe. &#8222;Gewiss&#8220;, antwortet Pfl\u00fcger &#8222;und eigentlich sind Man\u00f6ver ja auch Auslandseins\u00e4tze&#8220;.<\/p>\n<p>Tja, denke ich, die beiden haben zum Thema dies und das zusammengetragen, manches mehr, manches weniger unerfreulich. Und tats\u00e4chlich, &#8222;den deutschen Imperialismus entschuldigt&#8220;, haben sie nicht. Konnten sie auch nicht, denn bis jetzt kommt er bei ihnen nicht vor. Bis jetzt haben sie weder den deutschen Imperialismus &#8222;gesehen&#8220;, noch &#8222;die USA gesehen&#8220;, noch &#8222;die NATO gesehen&#8220;. Und also auch keine NATO-Aggressivit\u00e4t, keine systematisch gesteigerte Kriegsgefahr; allenfalls &#8222;sich andeutende Auslandseins\u00e4tze&#8220;. Doch Geduld, das Interview ist noch lang.<\/p>\n<p>Nach dem eher m\u00fcden Einstieg kommt etwas unvermittelt der k\u00e4mpferische Satz: <em>&#8222;Desto wichtiger sind kraftvolle Aktionen gegen das deutsche Milit\u00e4r. Zuletzt gab es die am 11. Juni, am \u00bbTag der Bundeswehr\u00ab&#8220;. <\/em>Wer wird &#8222;kraftvollen Aktionen&#8220;\u00a0nicht zustimmen wollen? Doch Halt: Warum nur gegen das deutsche Milit\u00e4r? Warum nicht gegen deutsche Weltmachtpolitik? Au\u00dferdem: Das erw\u00e4hnte &#8222;Anakonda-Man\u00f6ver&#8220; ist doch keine deutsche Veranstaltung allein! Und wieso 11. Juni? &#8222;Stopp Ramstein&#8220; ging doch vom 10. bis 12. Juni. Und wieso gilt der Protest gegen den &#8222;Tag der Bundeswehr&#8220; als kraftvoll, w\u00e4hrend der f\u00fcnfmal gr\u00f6\u00dfere Protest von Ramstein gar nicht erw\u00e4hnt wird? Sind das Anzeichen eines Tunnelblicks der beiden Gespr\u00e4chspartner?<\/p>\n<p>Pfl\u00fcger berichtet, wie sie mit St\u00e4nden der Friedensbewegung vor den Kasernen gegen den Propaganda-&#8222;Tag der Bundeswehr&#8220; protestiert haben.\u00a0Die Protestierenden konnten sehen, wie in den Kasernen munter Werbematerial verteilt wurde. <em>&#8222;Und dann ist passiert, womit man ohnehin rechnen konnte:&#8230;die Kinder sind an den Kriegswaffen herumgeklettert.&#8220;<\/em>\u00a0Man hat sogar, entgegen den Vorschriften! Kindern Gewehre in die Hand gegeben. Von solchen Vorg\u00e4ngen haben die Aktivisten Beweisfotos &#8222;geschossen&#8220;. Protest! \u00d6ffentlicher Protest! K\u00fcnftig, musste von der Leyen zur\u00fcckweichen, werden die Waffen in Vitrinen verstaut werden. Welch ein Teilerfolg der Friedensbewegten!<\/p>\n<p style=\"text-align: center;\"><em>Liebe Leserinnen und Leser, Sie sollten unbedingt weiterlesen, schon allein, um das k\u00f6stliche kleine Video gegen Ende nicht zu verpassen.<\/em><\/p>\n<p><!--more--><\/p>\n<p>Kein Zweifel, das spielerische Heranf\u00fchren der Kinder an das &#8222;sch\u00f6ne Soldatenleben&#8220; ist eine besonders perfide Seite der Militarisierung. Wir k\u00e4mpfen dagegen. Ein besonders schlimmes Beispiel haben wir vor einiger Zeit auf unserer Webseite angeprangert: <a href=\"https:\/\/www.berlin.freidenker.org\/?p=2158\" target=\"_blank\">Gehirnw\u00e4sche mit &#8222;Bob, die Bahn&#8220;<\/a>. (Bis heute wurde die deutschsprachige Version dieses Videos mehr als 2 Mio mal angeklickt. Es hat knapp 1600 positive und etwa 2000 negative Bewertungen erhalten.) Dennoch verfehlt die Friedensbewegung ihre Aufgabe, wenn sie Nebenschaupl\u00e4tze des Antikriegskampfes zur Hauptsache erhebt. Wenn es weiter im Interview heisst: <em>&#8222;Spiegel online titelte etwa: \u00bbBundeswehr l\u00e4sst Kinder mit Gewehren spielen\u00ab. In der Folge traf die Bundeswehr ein Sturm der Entr\u00fcstung&#8220;,\u00a0<\/em> so steht der letzte Satz, f\u00fcrchte ich, irgendwo zwischen gut gemeinter \u00dcbertreibung und Selbstbetrug.\u00a0H\u00f6chst selten trifft die Bundeswehr ein &#8222;Sturm der Entr\u00fcstung&#8220;, und die steigende Kriegsgefahr heute ist keine Folge des militaristischen Kindesmissbrauchs durch die Bundeswehr (der meist mit Zustimmung der Eltern erfolgt), sondern Folge der aggressiven USA-NATO-EU-Politik gegen Russland, die von Deutschland ma\u00dfgeblich mitgestaltet wird.<\/p>\n<p>Die aggressive Ausrichtung des deutschen Imperialismus samt seiner Armee bleibt im ganzen Interview verschwommen, unkonkret. Zwar bezieht sich Pfl\u00fcger \u00a0auf das neue Wei\u00dfbuch der Bundeswehr\u00a0und teilt mit,\u00a0dass <em>&#8222;in Zukunft auch EU-Ausl\u00e4nder rekrutiert&#8220;<\/em> werden sollen. Doch in welches milit\u00e4rpolitische bzw. grunds\u00e4tzliche europapolitische Konzept solche \u00dcberlegungen eingeordnet sind, f\u00fchrt er nicht aus. IMI hatte dazu schon vor Wochen<a href=\"http:\/\/www.imi-online.de\/2016\/06\/20\/bundeswehr-eu-auslaender\/\" target=\"_blank\">\u00a0klar Stellung bezogen<\/a>, ganz zu Schweigen von den j\u00fcngsten &#8222;Weltmachterkl\u00e4rungen&#8220; Steinmeiers (<a href=\"http:\/\/www.auswaertiges-amt.de\/DE\/Europa\/Aktuell\/160624-BM-AM-FRA_ST.html\" target=\"_blank\">hier<\/a> und <a href=\"https:\/\/deutsch.rt.com\/inland\/39229-steinmeier-erklart-deutschland-zur-weltmacht\/\" target=\"_blank\">hier<\/a>), die ein erkl\u00e4rter Feind des deutschen Imperialismus und Spitzenpolitiker der Linkspartei eigentlich nicht ignorieren kann. Doch, Pfl\u00fcger kann es, und sollte dies nur ein Lapsus gewesen sein&#8230; Interviewer Supe ist <a href=\"http:\/\/www.rohanda.de\/fileadmin\/data\/PDFs\/Geschichten\/25_TaoTeKing.pdf\" target=\"_blank\">nicht der Z\u00f6llner<\/a>, der mit pr\u00e4zisen Fragen nachhakt, um seinem Gegen\u00fcber Weisheiten zu entrei\u00dfen.<\/p>\n<p>Nun kommen Befrager und Befragter auf die Friedensbewegung zu sprechen. Pfl\u00fcger erkl\u00e4rt, dass die Protestaktionen zum &#8222;Tag der Bundeswehr&#8220;<em> &#8222;gut f\u00fcr die Zusammenarbeit in der Friedensbewegung&#8220;<\/em> waren<em>.<\/em>\u00a0Diese Aktionen, mit etwa 1000 Teilnehmern <em>&#8222;an den meisten<\/em>&#8220; von 16 Standorten, seien von etwa einem Dutzend Organisationen der Friedensbewegung getragen worden (alle Zahlenangaben von Pfl\u00fcger). Zur gleichen Zeit, <em>&#8222;etwas skurril&#8220;<\/em>\u00a0, haben Einzelpersonen (also keine Organisationen der Friedensbewegung) zu &#8222;Stopp Ramstein&#8220; aufgerufen, mit dem Ergebnis, dass 1500 bis 5000 Leute teilnahmen, auf jeden Fall viel weniger als erwartet. Pfl\u00fcger: <em>&#8222;im gro\u00dfen und ganzen w\u00fcrde ich sagen, dass sich die Proteste gegenseitig nicht viel genommen haben. Sie haben unterschiedliche Spektren angezogen. Auch die Organisation lief voneinander fast g\u00e4nzlich unabh\u00e4ngig.&#8220;<\/em><\/p>\n<p>Ein Besucher vom Mars h\u00e4tte jetzt verstanden: Da gibt es eine Friedensbewegung, die mit einem Dutzend Organisationen\u00a0am 11.6. kraftvolle Protestaktionen gegen das deutsche Milit\u00e4r durchf\u00fchrte, und es gibt eine Anzahl Einzelpersonen, die mit weit weniger Teilnehmern als erwartet etwa zur gleichen Zeit (<em>&#8222;etwas skurril&#8220;)<\/em>\u00a0und &#8222;fast g\u00e4nzlich unabh\u00e4ngig&#8220; eine Kampagne-Aktion in Ramstein veranstalteten. Falls der Marsbewohner des Internets m\u00e4chtig w\u00e4re, w\u00fcrde er sich vielleicht wundern, von den Ramstein-Protesten eine gro\u00dfe Anzahl Videos zu finden mit in der Summe hunderttausenden Abrufen. Vom &#8222;Tag der Bundeswehr&#8220; w\u00fcrde er ebenfalls viele Videos mit hunderttausenden Abrufen finden &#8211; offizi\u00f6se Waffenschauen, die Frau v. d. Leyen begeisterten. Dagegen gerichtete Protestvideos aber w\u00fcrde er vergeblich suchen. Es gibt sie nicht.<\/p>\n<p>Meine Kritik an Pfl\u00fcger an dieser Stelle ist verhalten. Er will seine Friedensbewegung, die ihm angewachsen ist, wie der Bart dem Witz, m\u00f6glichst hochheben, und wie jeder andere b\u00fcrgerliche Politiker zieht und zerrt er an den Tatsachen, bis er glaubt, dass sie ein flottes Outfit ergeben. Supe dagegen ist Zeitungsmann. Er m\u00fcsste eigentlich sauber informieren und d\u00fcrfte nicht das &#8218;Runterrei\u00dfen, was ihm nicht passt. Dass solche selbstgef\u00e4lligen und desorientierenden Zeitungen zunehmend \u00fcberfl\u00fcssig werden, ist nur ein schwacher Trost. Denn eine Zeitung als ehrlicher prinzipienfester &#8222;zivilgesellschaftlicher Vermittler&#8220; w\u00fcrde dringend gebraucht.<\/p>\n<p>Am Ende machen beide Protagonisten aus ihrem Herzen keine M\u00f6rdergube. Der Geist der Montagsmahnwachen, die sie als l\u00e4ngst <em>&#8222;atomisiert&#8220;<\/em> sehen, beunruhigt sie zutiefst. Bei den Montagsmahnwachen gibt es oder gab es n\u00e4mlich Leute, &#8222;Friedenserschleicher&#8220; sozusagen, die sich ausdr\u00fccklich nicht als Linke verstanden. Manche ordneten sich der Mitte zu, manche gar den Rechten. Ein Linksfriedensfunktion\u00e4r erfand &#8222;die Rechtsoffenen&#8220;, eine Linxxxfriedensfunktion\u00e4rin erkl\u00e4rte kurzerhand alle, die ihr nicht passten, zu &#8222;gl\u00fchenden Antisemiten&#8220; und Pfl\u00fcger schoss den Vogel ab, indem er jegliche Friedensbewegung zum exklusiven M\u00f6belst\u00fcck des Links-Zoos erkl\u00e4rte, dessen Direktor und einziger Schlie\u00dfer ein bekannter Wiederg\u00e4nger Karl Liebknechts ist; n\u00e4mlich Tobias Pfl\u00fcger. Der Autor konnte gerade den 1. Jahrestag seiner damaligen <a href=\"https:\/\/opablog.net\/2015\/06\/14\/horrende-dummheit-von-einem-profilierten-funktionar-der-friedensbewegung-und-der-linkspartei\/\" target=\"_blank\">&#8222;horrenden Dummheiten&#8220;<\/a> begehen. Seitdem scheint er gemerkt zu haben, dass provozierend zur Schau gestellter sektiererischer Hochmut uncool ist. Heute arbeitet er lieber mit aus dem Alltag gegriffenen Beispielen, um sein linkes Erlaubniswesen an der Pforte der Friedensbewegung in Gang zu halten. Dabei hat er gewissen Erfolg, zumindest solange sein Prinzip &#8222;Was nicht passt, wird passend gemacht!&#8220; durchgeht.<\/p>\n<p><strong>Beispiel 1, Anneliese Fikentscher:<\/strong> Die Dame hat Courage, Temperament und Verstand. Wenn hier mal eine &#8222;etwas skurrile&#8220; Formulierung erlaubt w\u00e4re, w\u00fcrde ich sie als &#8222;die kesse J\u00f6re&#8220; der Freidenker bezeichnen. Da kommt eine spa\u00dfige Dialektik in Gang:<\/p>\n<p>I &#8211; Die Freidenker, deren Organisation zwar altehrw\u00fcrdig aber nicht bemoost ist, kriegen einen Tritt vor&#8217;s Schienbein, z. B. mittels <a href=\"http:\/\/antifa.vvn-bda.de\/2016\/01\/10\/zauberlehrlinge\/\" target=\"_blank\">Querfrontrabulistik<\/a>.<\/p>\n<p>IIa &#8211; Die &#8222;J\u00f6re&#8220; <a href=\"http:\/\/www.nrhz.de\/flyer\/beitrag.php?id=22485\" target=\"_blank\">latscht prompt<\/a> zur\u00fcck. Sie zieht die Leidenschaften auf sich.<\/p>\n<p>IIb &#8211; Die Freidenker-&#8222;Vordenker&#8220; (Bezeichnung stammt nicht von mir \ud83d\ude09 )\u00a0<a href=\"http:\/\/www.freidenker.org\/cms\/dfv\/index.php?option=com_content&amp;view=article&amp;id=483:wer-ist-hier-eigentlich-der-zauberlehrling&amp;catid=1:latest-news\" target=\"_blank\">antworten ruhig<\/a>, kameradschaftlich, doch ohne faule Kompromisse. Sie schlagen mit \u00dcberlegung zur\u00fcck &#8211; mit Florett, mit Degen, mit S\u00e4bel, notfalls buchstabieren sie auch das ABC. Herr Rabulistiker \u00e4hnelt danach einem ber\u00fchmten schwarzen Ritter:<\/p>\n<p><iframe loading=\"lazy\" src=\"\/\/www.youtube.com\/embed\/Tca-AkF2_6w\" width=\"500\" height=\"314\" allowfullscreen=\"allowfullscreen\"><\/iframe><\/p>\n<p>IIIa &#8211; Man beginnt gegen die &#8222;J\u00f6re&#8220; special forces aufzustellen. Bald finden sich 120, gar 160 Freiwillige. Im <a href=\"https:\/\/www.facebook.com\/groups\/1179726015372318\/members\/\" target=\"_blank\">FB-Sandkasten<\/a> spielen sie Krieg. Es entspannt, hin und wieder zuzugucken.<\/p>\n<p>IIIb &#8211; Gegen die Freidenker-&#8222;Vordenker&#8220; kriegen sie keine Kampfeinheit zusammen. Was tun? Totschweigen! Das Einzige, was ihnen bleibt. Aber doch eine \u00e4rgerliche Selbstbeschr\u00e4nkung. Wer verpasst schon gern die Kampfszenen mit dem schwarzen Ritter.<\/p>\n<p>IV zur\u00fcck auf I &#8211; Neuer hilfloser Tritt gegen das Schienbein:<\/p>\n<p>Eigentlich ging es in Ramstein ja um den Protest gegen den Drohnenkrieg der USA von deutschem Boden. Es ging auch um die Trennung Deutschlands von der NATO. Doch Herrn Pfl\u00fcger brennt auf der Seele, dass Anneliese Fikentscher es einmal wagte, \u00fcber den Tod eines J\u00f6rg Haider nachzudenken. Ohne ihn, Pfl\u00fcger, um Erlaubnis gefragt zu haben! Mag ja sein, dass ER \u00fcber Zul\u00e4ssigkeit oder Unzul\u00e4ssigkeit von Verschw\u00f6rungstheorien entscheidet, nur: Wer hat ihm die entsprechende Kompetenz verliehen?\u00a0<em>&#8222;Fikentscher sa\u00df dann auf einem Podium bei Stopp Ramstein.&#8220;<\/em>\u00a0Das finde ich nun wirklich \u00e4rgerlich, dass Pfl\u00fcger\/Supe einen\u00a0direkten Bezug zwischen &#8222;Haider&#8220; und &#8222;Podium in Ramstein&#8220; herstellen. Der\/die Uninformierte muss folgern, in Ramstein habe sich ein Podium mit Fikentscher \u00fcber Haider und dergleichen verbreitet.<\/p>\n<p><strong>Die Wirklichkeit aber, die Pfl\u00fcger und Supe subtil oder plump verschleiern, sah ganz anders aus. <\/strong>In Wirklichkeit ging es um <em><a href=\"http:\/\/www.freidenker.org\/cms\/dfv\/index.php?option=com_content&amp;view=article&amp;id=492:freidenker-brief-2-2016-stopp-ramstein&amp;catid=54:antifaschismus-antirassismus-antiimperialismus-solidaritaet-frieden&amp;Itemid=72\" target=\"_blank\">&#8222;NATO \u2013 abschaffen, \u00fcberwinden, aufl\u00f6sen, demokratisieren, mit Aktionen delegitimieren \u2013 eine Strategiedebatte in und aus der Friedensbewegung mit Rainer Rupp, Alexander Neu, Klaus Hartmann und Anneliese Fikentscher (16.00 \u2013 18.30 Uhr)&#8220;<\/a>\u00a0.\u00a0<\/em>Und kollektiv vorbereitet war diese Debatte, n\u00e4mlich mit den wohl\u00fcberlegten<strong> Thesen:\u00a0<a href=\"http:\/\/www.friedensratschlag.de\/userfiles\/html\/2016\/2016-04-28_Hartmann_Thesen.html\" target=\"_blank\">&#8222;Alle nach Ramstein mobilisieren &#8211; \u00fcber Ramstein hinausdenken!&#8220;<\/a>\u00a0<\/strong>Das wissen Pfl\u00fcger\/Supe ganz genau. Um diesen hei\u00dfen Brei reden sie auf zwei kompletten &#8222;junge Welt&#8220;- Seiten herum, und das ist kein Zufall, sondern eine Schande.<\/p>\n<p><strong>Kurz noch zum Beispiel\u00a0<\/strong><strong>2, Willy Wimmer:<\/strong>\u00a0Im Zuge von Stopp Ramstein habe er formuliert, <em>&#8222;dass die Drohnenmorde mit den Erschie\u00dfungskommandos der Wehrmacht am Ende des Zweiten Weltkriegs zu vergleichen w\u00e4ren. Da muss man doch sagen: Beides ist zwar f\u00fcrchterlich, aber eben nicht miteinander zu vergleichen.&#8220;<\/em> Abgesehen davon, dass ich diese \u00c4u\u00dferung von Willy Wimmer nicht geh\u00f6rt habe (und l\u00e4ngst nicht mehr darauf vertraue, dass Pfl\u00fcger korrekt und vollst\u00e4ndig zitiert)&#8230; &#8211; geh\u00f6rt habe ich <a href=\"https:\/\/www.youtube.com\/watch?v=JZZM15lPhLE\" target=\"_blank\">in Wimmers Rede<\/a>\u00a0die Bezeichnung der Drohnen als &#8222;fliegende Standgerichte&#8220; (und fand sie sehr treffend). Abgesehen von immer m\u00f6glichen Formulierungsstreitereien, frage ich mich erneut, woher Pfl\u00fcger die Kompetenz nimmt. Er befindet\u00a0\u00fcber die Vergleichbarkeit von F\u00fcrchterlichkeiten und leitet daraus weitreichende politische Vermutungen ab (<em>&#8222;scheint aber immer weiter nach rechts ger\u00fcckt zu sein&#8220;<\/em>).<\/p>\n<p>Das Papstwesen in der traditionellen Friedensbewegung (auch P\u00e4pstinnen sind nicht besser) d\u00fcrfte die Gr\u00e4ben eher vertiefen. Wie es zu P\u00e4psten und P\u00e4pstinnen kommt, bleibt eine interessante Frage. Hoffnungsvoll aber stimmt, was uns Herr Pfl\u00fcger auch mitteilt: <em>&#8222;In vielen Organisationen gibt es eine Dauerdebatte, die nicht mehr aufh\u00f6rt. Auch innerhalb des selben Verbands verhalten sich die Menschen unterschiedlich zu den Montagsmahnwachen. Manche wollen mit ihnen arbeiten, andere nicht. Gerade dadurch werden viele Dinge heikel.&#8220;<\/em><\/p>\n<p>Sch\u00f6n gesagt Herr Pfl\u00fcger: Ihre manipulative, spaltende, ablenkende &#8222;Friedensarbeit&#8220; erleben Sie als heikel. Die ehrlichen Friedensaktivisten\u00a0an der Basis auch Ihrer Organisation\u00a0bestimmen zunehmend mit. Sie diskutieren, und auf die L\u00e4nge der Debatte werden Positionen klarer. Ob Sie pers\u00f6nlich noch begreifen, dass auch Rechte, Konservative f\u00fcr den Frieden k\u00e4mpfen? Ob Sie begreifen, dass &#8222;deutsche Patrioten&#8220; kein Schimpfwort ist, sondern ein exakter Begriff, der ehrenwerte Leute bezeichnet? Solche pers\u00f6nlichen Fragen k\u00f6nnen Sie nur selbst beantworten. Viele Aktivisten aber werden sich in den schwierigen politischen Fragen besser zurechtfinden. Das lehrt auch die &#8222;Stopp Ramstein-Kampagne&#8220;. So werden Gr\u00e4ben verringert und \u00fcberwunden. Neue Chancen bestehen, dass es\u00a0zum 8. Oktober eine gemeinsame, bundesweit organisierte Friedensdemonstration von beeindruckender Entschiedenheit und Breite gibt. Arbeiten wir daran!<\/p>\n","protected":false},"excerpt":{"rendered":"<p>Update:\u00a0In der immer lesenswerten &#8222;Neuen Rheinischen Zeitung&#8220; ist zu dem Interview, das den Gegenstand meines folgenden Beitrags liefert, ebenfalls eine kritische Betrachtung erschienen. Hier zu finden. Interessant, wie sich beide Sichtweisen erg\u00e4nzen, in einigen Details auch unterscheiden. Danke an Anneliese Fikentscher und Andreas Neumann, den Herausgebern der NRhZ und des Krokodil. Ende des Updates. &#8212;&#8212;&#8212;&#8212;&#8212;&#8212;&#8212;&#8212;&#8212;&#8212;&#8212;&#8212;&#8212;&#8212;&#8212;&#8212;&#8212;&#8212;&#8212;&#8212;&#8212;&#8212;&#8212;&#8212;&#8212;&#8212;&#8212;&#8212;&#8212;&#8212;&#8212; [&hellip;]<\/p>\n","protected":false},"author":4,"featured_media":0,"comment_status":"open","ping_status":"open","sticky":false,"template":"","format":"standard","meta":{"jetpack_post_was_ever_published":false,"_jetpack_newsletter_access":"","_jetpack_dont_email_post_to_subs":false,"_jetpack_newsletter_tier_id":0,"_jetpack_memberships_contains_paywalled_content":false,"_jetpack_memberships_contains_paid_content":false,"footnotes":""},"categories":[49,22,45,175,21],"tags":[242,243,59,42,241,244,69,245,240,134],"class_list":["post-2350","post","type-post","status-publish","format-standard","hentry","category-aufklaerung","category-friedensaktionen","category-friedensbewegung","category-nato","category-politik","tag-anneliese-fikentscher","tag-bertolt-brecht","tag-freidenker","tag-friedensbewegung","tag-junge-welt","tag-krokodil","tag-montagsmahnwachen","tag-nrhz","tag-pflueger","tag-willy-wimmer"],"jetpack_featured_media_url":"","jetpack_shortlink":"https:\/\/wp.me\/py5dN-BU","jetpack_sharing_enabled":true,"_links":{"self":[{"href":"https:\/\/www.berlin.freidenker.org\/index.php?rest_route=\/wp\/v2\/posts\/2350","targetHints":{"allow":["GET"]}}],"collection":[{"href":"https:\/\/www.berlin.freidenker.org\/index.php?rest_route=\/wp\/v2\/posts"}],"about":[{"href":"https:\/\/www.berlin.freidenker.org\/index.php?rest_route=\/wp\/v2\/types\/post"}],"author":[{"embeddable":true,"href":"https:\/\/www.berlin.freidenker.org\/index.php?rest_route=\/wp\/v2\/users\/4"}],"replies":[{"embeddable":true,"href":"https:\/\/www.berlin.freidenker.org\/index.php?rest_route=%2Fwp%2Fv2%2Fcomments&post=2350"}],"version-history":[{"count":9,"href":"https:\/\/www.berlin.freidenker.org\/index.php?rest_route=\/wp\/v2\/posts\/2350\/revisions"}],"predecessor-version":[{"id":2365,"href":"https:\/\/www.berlin.freidenker.org\/index.php?rest_route=\/wp\/v2\/posts\/2350\/revisions\/2365"}],"wp:attachment":[{"href":"https:\/\/www.berlin.freidenker.org\/index.php?rest_route=%2Fwp%2Fv2%2Fmedia&parent=2350"}],"wp:term":[{"taxonomy":"category","embeddable":true,"href":"https:\/\/www.berlin.freidenker.org\/index.php?rest_route=%2Fwp%2Fv2%2Fcategories&post=2350"},{"taxonomy":"post_tag","embeddable":true,"href":"https:\/\/www.berlin.freidenker.org\/index.php?rest_route=%2Fwp%2Fv2%2Ftags&post=2350"}],"curies":[{"name":"wp","href":"https:\/\/api.w.org\/{rel}","templated":true}]}}