{"id":2383,"date":"2016-07-11T07:54:37","date_gmt":"2016-07-11T05:54:37","guid":{"rendered":"http:\/\/www.berlin.freidenker.org\/?p=2383"},"modified":"2016-07-11T07:54:37","modified_gmt":"2016-07-11T05:54:37","slug":"aufruf-zur-bundesweiten-friedensdemo-am-8-10-2016-in-berlin","status":"publish","type":"post","link":"https:\/\/www.berlin.freidenker.org\/?p=2383","title":{"rendered":"Aufruf zur bundesweiten Friedensdemo am 8.10.2016 in Berlin"},"content":{"rendered":"<h3 style=\"text-align: center;\">Die Waffen nieder<\/h3>\n<h3 style=\"text-align: center;\">Kooperation statt NATO-Konfrontation<\/h3>\n<h3 style=\"text-align: center;\">Abr\u00fcstung statt Sozialabbau<\/h3>\n<p>Die aktuellen Kriege und die milit\u00e4rische Konfrontation gegen Russland treiben uns auf die Stra\u00dfe. Deutschland befindet sich im Krieg fast \u00fcberall auf der Welt. Die Bundesregierung betreibt eine Politik der drastischen Aufr\u00fcstung. Deutsche Konzerne exportieren Waffen in alle Welt. Das Gesch\u00e4ft mit dem Tod bl\u00fcht.<\/p>\n<p>Dieser Politik leisten wir Widerstand. Die Menschen in unserem Land wollen keine Kriege und Aufr\u00fcstung \u2013 sie wollen Frieden. Die Politik muss dem Rechnung tragen. Wir akzeptieren nicht, dass Krieg immer allt\u00e4glicher wird und Deutschland einen wachsenden Beitrag dazu leistet: in Afghanistan, Irak, Libyen, Syrien, Jemen, Mali. Der Krieg in der Ukraine ist nicht gestoppt. Immer geht es letztlich um Macht, M\u00e4rkte und Rohstoffe. Stets sind die USA, NATO-Mitgliedstaaten und deren Verb\u00fcndete beteiligt, fast immer auch direkt oder indirekt die Bundesrepublik.<\/p>\n<p>Krieg ist Terror. Er bringt millionenfachen Tod, Verw\u00fcstung und Chaos. Millionen von Menschen m\u00fcssen fliehen. Gefl\u00fcchtete brauchen unsere Unterst\u00fctzung und Schutz vor rassistischen und nationalistischen \u00dcbergriffen. Wir verteidigen das Menschenrecht auf Asyl. Damit Menschen nicht fliehen m\u00fcssen, fordern wir von der Bundesregierung, jegliche milit\u00e4rische Einmischung in Krisengebiete einzustellen. Die Bundesregierung muss an politischen L\u00f6sungen mitwirken, zivile Konfliktbearbeitung f\u00f6rdern und wirtschaftliche Hilfe f\u00fcr den Wiederaufbau der zerst\u00f6rten L\u00e4nder leisten.<\/p>\n<p>Die Menschen brauchen weltweit Gerechtigkeit. Deshalb lehnen wir neoliberale Freihandelszonen wie TTIP, CETA, \u00f6kologischen Raubbau und die Vernichtung von Lebensgrundlagen ab.<\/p>\n<p>Deutsche Waffenlieferungen heizen die Konflikte an. Weltweit werden t\u00e4glich 4,66 Milliarden Dollar f\u00fcr R\u00fcstung verpulvert. Die Bundesregierung strebt an, in den kommenden acht Jahren ihre j\u00e4hrlichen R\u00fcstungsausgaben von 35 auf 60 Milliarden Euro zu erh\u00f6hen. Statt die Bundeswehr f\u00fcr weltweite Eins\u00e4tze aufzur\u00fcsten, fordern wir, unsere Steuergelder f\u00fcr soziale Aufgaben einzusetzen.<\/p>\n<p>Das Verh\u00e4ltnis von Deutschland und Russland war seit 1990 noch nie so schlecht wie heute. Die NATO hat ihr altes Feindbild wiederbelebt, schiebt ihren politischen Einfluss und ihren Milit\u00e4rapparat durch Stationierung schneller Eingreiftruppen, Milit\u00e4rman\u00f6ver, dem sogenannten Raketenabwehrschirm &#8211; begleitet von verbaler Aufr\u00fcstung &#8211; an die Grenzen Russlands vor. Das ist ein Bruch der Zusagen zur deutschen Einigung. Russland antwortet mit politischen und milit\u00e4rischen Ma\u00dfnahmen. Dieser Teufelskreis muss durchbrochen werden. Nicht zuletzt steigert die Modernisierung genannte Aufr\u00fcstung der US-Atomwaffen die Gefahr einer milit\u00e4rischen Konfrontation bis hin zu einem Atomkrieg. Sicherheit in Europa gibt es nur MIT und nicht GEGEN Russland.<\/p>\n<p>Wir verlangen von der Bundesregierung den Abzug der Bundeswehr aus allen Auslandseins\u00e4tzen, die drastische Reduzierung des R\u00fcstungsetats, den Stopp der R\u00fcstungsexporte und die \u00c4chtung von Kampfdrohnen, keine Beteiligung an NATO-Man\u00f6vern und Truppenstationierungen entlang der Westgrenze Russlands. Wir sagen Nein zu Atomwaffen, Krieg und Milit\u00e4rinterventionen. Wir fordern ein Ende der Militarisierung der EU. Wir wollen Dialog, weltweite Abr\u00fcstung, friedliche zivile Konfliktl\u00f6sungen und ein auf Ausgleich basierendes System gemeinsamer Sicherheit.<\/p>\n<p style=\"text-align: center;\"><strong>F\u00fcr diese Friedenspolitik setzen wir uns ein. <\/strong><\/p>\n<p style=\"text-align: center;\"><strong>Wir rufen auf zur bundesweiten Demonstration am 8.10.2016 in Berlin. <\/strong><\/p>\n<p class=\"western\" lang=\"en-US\" style=\"text-align: left;\"><span lang=\"de-DE\">Dortmund, den 02.07.2016, <\/span><\/p>\n<p class=\"western\" lang=\"en-US\" style=\"text-align: left;\"><span lang=\"de-DE\">Bundesausschuss Friedensratschlag, Kooperation f\u00fcr den Frieden,\u00a0<\/span><span lang=\"de-DE\">Berliner Friedenskoordination<\/span><\/p>\n","protected":false},"excerpt":{"rendered":"<p>Die Waffen nieder Kooperation statt NATO-Konfrontation Abr\u00fcstung statt Sozialabbau Die aktuellen Kriege und die milit\u00e4rische Konfrontation gegen Russland treiben uns auf die Stra\u00dfe. Deutschland befindet sich im Krieg fast \u00fcberall auf der Welt. Die Bundesregierung betreibt eine Politik der drastischen Aufr\u00fcstung. Deutsche Konzerne exportieren Waffen in alle Welt. Das Gesch\u00e4ft mit dem Tod bl\u00fcht. Dieser [&hellip;]<\/p>\n","protected":false},"author":4,"featured_media":0,"comment_status":"open","ping_status":"open","sticky":false,"template":"","format":"standard","meta":{"jetpack_post_was_ever_published":false,"_jetpack_newsletter_access":"","_jetpack_dont_email_post_to_subs":false,"_jetpack_newsletter_tier_id":0,"_jetpack_memberships_contains_paywalled_content":false,"_jetpack_memberships_contains_paid_content":false,"footnotes":""},"categories":[49,14,22,45,24,175,21,8,13],"tags":[251,250],"class_list":["post-2383","post","type-post","status-publish","format-standard","hentry","category-aufklaerung","category-aktivitaeten-des-dfv-berlin","category-friedensaktionen","category-friedensbewegung","category-friko-berlin","category-nato","category-politik","category-standpunkte","category-veranstaltungen","tag-berlin-8-10","tag-bundesweite-friedensdemo"],"jetpack_featured_media_url":"","jetpack_shortlink":"https:\/\/wp.me\/py5dN-Cr","jetpack_sharing_enabled":true,"_links":{"self":[{"href":"https:\/\/www.berlin.freidenker.org\/index.php?rest_route=\/wp\/v2\/posts\/2383","targetHints":{"allow":["GET"]}}],"collection":[{"href":"https:\/\/www.berlin.freidenker.org\/index.php?rest_route=\/wp\/v2\/posts"}],"about":[{"href":"https:\/\/www.berlin.freidenker.org\/index.php?rest_route=\/wp\/v2\/types\/post"}],"author":[{"embeddable":true,"href":"https:\/\/www.berlin.freidenker.org\/index.php?rest_route=\/wp\/v2\/users\/4"}],"replies":[{"embeddable":true,"href":"https:\/\/www.berlin.freidenker.org\/index.php?rest_route=%2Fwp%2Fv2%2Fcomments&post=2383"}],"version-history":[{"count":2,"href":"https:\/\/www.berlin.freidenker.org\/index.php?rest_route=\/wp\/v2\/posts\/2383\/revisions"}],"predecessor-version":[{"id":2385,"href":"https:\/\/www.berlin.freidenker.org\/index.php?rest_route=\/wp\/v2\/posts\/2383\/revisions\/2385"}],"wp:attachment":[{"href":"https:\/\/www.berlin.freidenker.org\/index.php?rest_route=%2Fwp%2Fv2%2Fmedia&parent=2383"}],"wp:term":[{"taxonomy":"category","embeddable":true,"href":"https:\/\/www.berlin.freidenker.org\/index.php?rest_route=%2Fwp%2Fv2%2Fcategories&post=2383"},{"taxonomy":"post_tag","embeddable":true,"href":"https:\/\/www.berlin.freidenker.org\/index.php?rest_route=%2Fwp%2Fv2%2Ftags&post=2383"}],"curies":[{"name":"wp","href":"https:\/\/api.w.org\/{rel}","templated":true}]}}