{"id":2414,"date":"2016-07-20T18:52:33","date_gmt":"2016-07-20T16:52:33","guid":{"rendered":"http:\/\/www.berlin.freidenker.org\/?p=2414"},"modified":"2016-07-20T21:33:53","modified_gmt":"2016-07-20T19:33:53","slug":"berlin-premiere-ramstein-das-letzte-gefecht","status":"publish","type":"post","link":"https:\/\/www.berlin.freidenker.org\/?p=2414","title":{"rendered":"Berlin-Premiere &#8211; Ramstein, das letzte Gefecht &#8211; Update 20.7."},"content":{"rendered":"<h3 style=\"text-align: center;\">Bericht und Reflexionen von Daniel Becker<\/h3>\n<p><a href=\"https:\/\/i0.wp.com\/www.berlin.freidenker.org\/wp-content\/uploads\/2016\/07\/160714-Bild1_Babylon-blog-1.jpg?ssl=1\"><img data-recalc-dims=\"1\" loading=\"lazy\" decoding=\"async\" class=\"alignnone size-full wp-image-2421\" src=\"https:\/\/i0.wp.com\/www.berlin.freidenker.org\/wp-content\/uploads\/2016\/07\/160714-Bild1_Babylon-blog-1.jpg?resize=500%2C334&#038;ssl=1\" alt=\"160714 Bild1_Babylon blog\" width=\"500\" height=\"334\" srcset=\"https:\/\/i0.wp.com\/www.berlin.freidenker.org\/wp-content\/uploads\/2016\/07\/160714-Bild1_Babylon-blog-1.jpg?w=500&amp;ssl=1 500w, https:\/\/i0.wp.com\/www.berlin.freidenker.org\/wp-content\/uploads\/2016\/07\/160714-Bild1_Babylon-blog-1.jpg?resize=300%2C200&amp;ssl=1 300w\" sizes=\"auto, (max-width: 500px) 100vw, 500px\" \/><\/a><\/p>\n<p><em>Gestern Abend fand die Berlin-Premiere von \u201eRamstein &#8211; Das letzte Gefecht\u201c im Kino Babylon statt. Zwischen den 120 Besuchern klafften leider gro\u00dfe L\u00fccken in dem Saal, der eigentlich f\u00fcr 500 Menschen Platz bietet.<\/em><br \/>\n<em> F\u00fcr die Diskussion mit den angereisten Podiumsg\u00e4sten <a href=\"https:\/\/www.youtube.com\/watch?v=oxdeyI9GrFs\" target=\"_blank\">Norbert Fleischer<\/a> aus Leipzig und <a href=\"http:\/\/www.luftpost-kl.de\/\" target=\"_blank\">Wolfgang Jung<\/a> aus Kaiserslautern blieben so gut wie alle Besucher im Saal.<\/em><br \/>\n<em> In den Fragen der Zuschauer klang immer wieder an, dass viele verunsichert sind und nicht wissen WIE sie selbst tats\u00e4chlich aktiv sein k\u00f6nnen, andere wiederum berichteten, dass sie sich bereits v\u00f6llig ohnm\u00e4chtig f\u00fchlen und Proteste auf der Stra\u00dfe sowieso nichts bewirken k\u00f6nnen.<\/em><\/p>\n<p><em>Dar\u00fcber, dass in Ramstein gegen das Grundgesetz versto\u00dfen wird und der Drohnenkrieg dar\u00fcber hinaus auch das V\u00f6lkerrecht, sowie die Menschenrechte tagt\u00e4glich verletzt, sind wir uns alle einig, daher m\u00f6chte ich hier nochmal besonders auf die Frage \u201eWas k\u00f6nnen wir tun?\u201c eingehen.<\/em><\/p>\n<p><em>Es ist ein Dreiklang aus medialer Einsch\u00fcchterung, politischer Ma\u00dfregelung und finanzieller Limitierung, der die meisten Menschen passiv werden oder bleiben l\u00e4sst. Wer hat denn schon Zeit sich ehrenamtlich f\u00fcr Frieden zu engagieren, oder regelm\u00e4\u00dfig Hintergrundinformationen zu recherchieren?<\/em><br \/>\n<em> Schlie\u00dflich m\u00fcssen die Miete, die Krankenversicherung und das Auto erst mal bezahlt werden.<\/em><\/p>\n<p><em>Ein weiteres Hemmnis ist die Angst davor was passiert, wenn man aus der Herde ausbricht.<\/em><\/p>\n<p><em>Klar w\u00e4re schon viel gewonnen wenn wir bewusstere Kaufentscheidungen treffen w\u00fcrden um Gro\u00dfkonzernen nicht das Geld hinterher zu werfen, ohne das wir es merken. Die Produktvielfalt im Supermarkt ist nur eine vorget\u00e4uschte Vielfalt.<\/em><\/p>\n<p><a href=\"https:\/\/i0.wp.com\/www.berlin.freidenker.org\/wp-content\/uploads\/2016\/07\/160714-Bild2_Konzerne-blog.jpg?ssl=1\"><img data-recalc-dims=\"1\" loading=\"lazy\" decoding=\"async\" class=\"alignnone size-full wp-image-2422\" src=\"https:\/\/i0.wp.com\/www.berlin.freidenker.org\/wp-content\/uploads\/2016\/07\/160714-Bild2_Konzerne-blog.jpg?resize=500%2C303&#038;ssl=1\" alt=\"160714 Bild2_Konzerne blog\" width=\"500\" height=\"303\" srcset=\"https:\/\/i0.wp.com\/www.berlin.freidenker.org\/wp-content\/uploads\/2016\/07\/160714-Bild2_Konzerne-blog.jpg?w=500&amp;ssl=1 500w, https:\/\/i0.wp.com\/www.berlin.freidenker.org\/wp-content\/uploads\/2016\/07\/160714-Bild2_Konzerne-blog.jpg?resize=300%2C182&amp;ssl=1 300w\" sizes=\"auto, (max-width: 500px) 100vw, 500px\" \/><\/a><\/p>\n<p><em>Oder wenn wir Energie- und Nahrungsmittelautarkie anstreben w\u00fcrden, mehr Sport treiben w\u00fcrden und weniger fernsehen und wieder \u00f6fter mit \u00e4lteren Menschen ins Gespr\u00e4ch k\u00e4men.<\/em><br \/>\n<em> Statt dessen verrennt sich eine ganze Generation, so scheint es, im digitalen Zeitalter, und verliert dabei, ohne es zu merken das Wissen und die Lebenserfahrung der vor-vorigen Generation, die nur begrenzten Zugang zu dieser \u201esch\u00f6nen neuen Welt\u201c (\u201eBrave New World\u201c) hat.<\/em><\/p>\n<p><em>Ich habe \u201eVeranstalter\u201c nicht gelernt und dennoch war es mir m\u00f6glich die gestrige Berlin-Premiere im Kino Babylon statt finden zu lassen. Manchmal gen\u00fcgt nur ein Anruf und das ist der leichteste Teil. Schwieriger wird es dann so eine Veranstaltung bekannt zu machen, wie ich feststellen musste. Aber auch das kann man mit einfachen Mitteln meistern.<\/em><\/p>\n<p><em>\u201eIch kann meinen Freunden nicht erz\u00e4hlen was ich heute Abend hier gesehen habe, das w\u00fcrden sie nicht verstehen.\u201c \u00e4u\u00dferte eine andere Besucherin in der Diskussion nach dem Film.<\/em><br \/>\n<em>Wenn es ihre Freunde sind, dann werden sie nachhaken wenn man anf\u00e4ngt davon zu erz\u00e4hlen.<\/em><br \/>\n<em> Wenn die Reaktion abgrenzend oder gar isolierend ist, dann ist die Frage berechtigt, wie gut die Freundschaft eigentlich ist und ob sie es wert ist aufrecht erhalten zu werden.<\/em><br \/>\n<em> Ich kann hier wirklich allen Mut machen. Warten Sie nicht darauf das andere den ersten Schritt machen, oder auf eine Petition bei der dann alle mal so richtig ihre Meinung klicken k\u00f6nnen.<\/em><\/p>\n<p><a href=\"https:\/\/i0.wp.com\/www.berlin.freidenker.org\/wp-content\/uploads\/2016\/07\/160714-Bild3_TTIP-Demo-blog.jpg?ssl=1\"><img data-recalc-dims=\"1\" loading=\"lazy\" decoding=\"async\" class=\"alignnone size-full wp-image-2423\" src=\"https:\/\/i0.wp.com\/www.berlin.freidenker.org\/wp-content\/uploads\/2016\/07\/160714-Bild3_TTIP-Demo-blog.jpg?resize=500%2C375&#038;ssl=1\" alt=\"160714 Bild3_TTIP-Demo blog\" width=\"500\" height=\"375\" srcset=\"https:\/\/i0.wp.com\/www.berlin.freidenker.org\/wp-content\/uploads\/2016\/07\/160714-Bild3_TTIP-Demo-blog.jpg?w=500&amp;ssl=1 500w, https:\/\/i0.wp.com\/www.berlin.freidenker.org\/wp-content\/uploads\/2016\/07\/160714-Bild3_TTIP-Demo-blog.jpg?resize=300%2C225&amp;ssl=1 300w\" sizes=\"auto, (max-width: 500px) 100vw, 500px\" \/><\/a><\/p>\n<p><em>Der mit Abstand gr\u00f6\u00dfte Protest seit langem am 10. Oktober 2015 gegen TTIP, zu dem sich auch die Organisationen und Gewerkschaften getraut haben aufzurufen, und f\u00fcr den Sonderz\u00fcge und Busse bem\u00fcht wurden, hat in Berlin zwischen 250.000 und 300.000 Menschen auf die Stra\u00dfe gebracht. Manche sprechen sogar von 500.000 Teilnehmern. Aber selbst das sind gerade mal 0,6% der Bev\u00f6lkerung. Mal ehrlich, soll das wirklich alles sein??? Ist doch logisch, dass sich dann nicht gleich etwas \u00e4ndert.<\/em><\/p>\n<p><em> Die selbstorganisierte Europ\u00e4ische B\u00fcrgerinitiative gegen TTIP und CETA hat insgesamt 3,28 Mio Unterschriften gesammelt. Auch das sind gerade mal 0,6% der EU-B\u00fcrger. Und da erwartet einer, dass sich gro\u00df was tut?<\/em><\/p>\n<p><em>Das alles muss noch viel viel mehr werden und ist aus den genannten 3 Gr\u00fcnden (mediale Einsch\u00fcchterung, politische Ma\u00dfregelung und finanzielle Limitierung) eine gro\u00dfe Herausforderung.<\/em><br \/>\n<em> Das Internet ist dabei der gr\u00f6\u00dfte Segen und der t\u00fcckischste Fluch zugleich. Hervorragende Vernetzungsm\u00f6glichkeiten stehen \u00dcberwachungsm\u00f6glichkeiten und Kontrolle des Protestes gegen\u00fcber.<\/em><\/p>\n<p><em>Die Revolution kann nur im echten Leben statt finden, nicht online! F\u00fcr die Verbreitung von Informationen ist das Netz hervorragend, aber solange der Protest im Netz bleibt, ist er wirkungslos und unsichtbar. Und der Person die gestern Abend sagte \u201eAuf die Stra\u00dfe gehen und demonstrieren bringt eh nichts\u201c, m\u00f6chte ich erwidern: Das kommt ganz auf die Gr\u00f6\u00dfe an!<\/em><\/p>\n<p><em>In den letzten Jahren haben wir in Deutschland nichts nennenswertes gesehen und \u00fcber die immer wieder stattfindenden Millionen-Proteste in China, Russland, Spanien und Brasilien informieren unsere Mainstream-Medien nur am Rande oder gar nicht.<\/em><\/p>\n<p><em>Abschlie\u00dfend noch <a href=\"https:\/\/www.facebook.com\/notes\/peter-m%C3%BCller\/was-jeder-einzelne-tun-kann\/10202779201062357\" target=\"_blank\">der Verweis auf eine Liste mit konkreten Dingen<\/a>, mit denen jeder bei sich selbst\u00a0anfangen kann.<\/em><\/p>\n<p><em>Meinen herzlichen Dank an alle, die sich f\u00fcr Frieden und den Erhalt einer gesunden Umwelt engagieren. Im Gro\u00dfen und im Kleinen!<\/em><\/p>\n<p>.<br \/>\n<em> Daniel Becker<\/em><\/p>\n<p>.<br \/>\n<em> PS: Medienberichte \u00fcber die Veranstaltung im Kino Babylon werden erg\u00e4nzt, sobald sie erscheinen.<\/em><\/p>\n<p><strong>Update 20.7. &#8212;&#8212;&#8212;&#8212;&#8212;&#8212;&#8212;&#8212;&#8212;&#8212;&#8212;&#8212;&#8212;&#8212;&#8212;&#8212;&#8212;&#8212;&#8212;&#8212;&#8212;&#8212;&#8212;<\/strong><\/p>\n<p>Hier ist ein Medienbericht, \u00fcber den wir uns freuen. <a href=\"https:\/\/deutsch.rt.com\/inland\/39545-ramstein--letzte-gefecht\/\" target=\"_blank\">rtdeutsch<\/a> berichtete heute und hat auch diesen Videobericht bei youtube eingestellt:<\/p>\n<p><iframe loading=\"lazy\" src=\"\/\/www.youtube.com\/embed\/EIWV6ORDiBo\" width=\"500\" height=\"314\" allowfullscreen=\"allowfullscreen\"><\/iframe><\/p>\n<p>&nbsp;<\/p>\n","protected":false},"excerpt":{"rendered":"<p>Bericht und Reflexionen von Daniel Becker Gestern Abend fand die Berlin-Premiere von \u201eRamstein &#8211; Das letzte Gefecht\u201c im Kino Babylon statt. Zwischen den 120 Besuchern klafften leider gro\u00dfe L\u00fccken in dem Saal, der eigentlich f\u00fcr 500 Menschen Platz bietet. F\u00fcr die Diskussion mit den angereisten Podiumsg\u00e4sten Norbert Fleischer aus Leipzig und Wolfgang Jung aus Kaiserslautern [&hellip;]<\/p>\n","protected":false},"author":4,"featured_media":0,"comment_status":"open","ping_status":"open","sticky":false,"template":"","format":"standard","meta":{"jetpack_post_was_ever_published":false,"_jetpack_newsletter_access":"","_jetpack_dont_email_post_to_subs":false,"_jetpack_newsletter_tier_id":0,"_jetpack_memberships_contains_paywalled_content":false,"_jetpack_memberships_contains_paid_content":false,"footnotes":""},"categories":[49,14,22,45,175,21,8,13],"tags":[247,260,144,274,142,259],"class_list":["post-2414","post","type-post","status-publish","format-standard","hentry","category-aufklaerung","category-aktivitaeten-des-dfv-berlin","category-friedensaktionen","category-friedensbewegung","category-nato","category-politik","category-standpunkte","category-veranstaltungen","tag-luftpost","tag-norbert-fleischer","tag-ramstein","tag-rtdeutsch","tag-stopp-ramstein","tag-wolfgang-jumg"],"jetpack_featured_media_url":"","jetpack_shortlink":"https:\/\/wp.me\/py5dN-CW","jetpack_sharing_enabled":true,"_links":{"self":[{"href":"https:\/\/www.berlin.freidenker.org\/index.php?rest_route=\/wp\/v2\/posts\/2414","targetHints":{"allow":["GET"]}}],"collection":[{"href":"https:\/\/www.berlin.freidenker.org\/index.php?rest_route=\/wp\/v2\/posts"}],"about":[{"href":"https:\/\/www.berlin.freidenker.org\/index.php?rest_route=\/wp\/v2\/types\/post"}],"author":[{"embeddable":true,"href":"https:\/\/www.berlin.freidenker.org\/index.php?rest_route=\/wp\/v2\/users\/4"}],"replies":[{"embeddable":true,"href":"https:\/\/www.berlin.freidenker.org\/index.php?rest_route=%2Fwp%2Fv2%2Fcomments&post=2414"}],"version-history":[{"count":12,"href":"https:\/\/www.berlin.freidenker.org\/index.php?rest_route=\/wp\/v2\/posts\/2414\/revisions"}],"predecessor-version":[{"id":2478,"href":"https:\/\/www.berlin.freidenker.org\/index.php?rest_route=\/wp\/v2\/posts\/2414\/revisions\/2478"}],"wp:attachment":[{"href":"https:\/\/www.berlin.freidenker.org\/index.php?rest_route=%2Fwp%2Fv2%2Fmedia&parent=2414"}],"wp:term":[{"taxonomy":"category","embeddable":true,"href":"https:\/\/www.berlin.freidenker.org\/index.php?rest_route=%2Fwp%2Fv2%2Fcategories&post=2414"},{"taxonomy":"post_tag","embeddable":true,"href":"https:\/\/www.berlin.freidenker.org\/index.php?rest_route=%2Fwp%2Fv2%2Ftags&post=2414"}],"curies":[{"name":"wp","href":"https:\/\/api.w.org\/{rel}","templated":true}]}}