{"id":2434,"date":"2016-07-16T18:42:39","date_gmt":"2016-07-16T16:42:39","guid":{"rendered":"http:\/\/www.berlin.freidenker.org\/?p=2434"},"modified":"2016-07-16T18:44:21","modified_gmt":"2016-07-16T16:44:21","slug":"antikriegsmarkt-am-9-juli-2016-an-der-berliner-gedaechtniskirche","status":"publish","type":"post","link":"https:\/\/www.berlin.freidenker.org\/?p=2434","title":{"rendered":"Antikriegsmarkt am 9. Juli 2016  an der Berliner Ged\u00e4chtniskirche"},"content":{"rendered":"<p style=\"text-align: right;\"><a href=\"https:\/\/i0.wp.com\/www.berlin.freidenker.org\/wp-content\/uploads\/2016\/07\/NATO-raus-raus-aus-der-NATO-button-klein.gif?ssl=1\"><img data-recalc-dims=\"1\" loading=\"lazy\" decoding=\"async\" class=\"size-full wp-image-2441 alignleft\" src=\"https:\/\/i0.wp.com\/www.berlin.freidenker.org\/wp-content\/uploads\/2016\/07\/NATO-raus-raus-aus-der-NATO-button-klein.gif?resize=180%2C180&#038;ssl=1\" alt=\"NATO-raus-raus-aus-der-NATO-button klein\" width=\"180\" height=\"180\" \/><\/a><a href=\"https:\/\/i0.wp.com\/www.berlin.freidenker.org\/wp-content\/uploads\/2016\/07\/160716-Friedensfahrt-Logo10-768x647-FD-sehr-klein.jpg?ssl=1\"><img data-recalc-dims=\"1\" loading=\"lazy\" decoding=\"async\" class=\"alignnone size-full wp-image-2442\" src=\"https:\/\/i0.wp.com\/www.berlin.freidenker.org\/wp-content\/uploads\/2016\/07\/160716-Friedensfahrt-Logo10-768x647-FD-sehr-klein.jpg?resize=188%2C158&#038;ssl=1\" alt=\"160716 Friedensfahrt-Logo10-768x647 FD sehr klein\" width=\"188\" height=\"158\" \/><\/a><\/p>\n<h3><\/h3>\n<h3><\/h3>\n<h3 style=\"text-align: center;\">Bericht von Edi und Uta, Foto von Albrecht<\/h3>\n<p><em>Die Berliner Friedenskoordination, bekannt als Friko Berlin, hat auch in diesem Jahr \u00a0einen Antikriegsmarkt initiiert und vorbereitet.\u00a0<\/em><em>Diesmal an der Ged\u00e4chtniskirche, einer Ruine durch Zerst\u00f6rungen des 2. Weltkrieges.<\/em><\/p>\n<p><em>In Berlin kam bereits vor Monaten eine Vorbereitungsgruppe zusammen; im Friko-Mai-Plenum konnte der Aufruf abschlie\u00dfend beraten und Ende Mai breit verteilt werden. Immer wieder riefen die Friedensaktivisten zur Mitarbeit auf. Sie warben mit der Losung: <strong>Kein Frieden mit der NATO!<\/strong><\/em><\/p>\n<p><em>Der DFV-Landesverband Berlin unterst\u00fctzt die Anstrengungen der Friko, eine breite Bewegung gegen Kriege zu organisieren und nahm mit einem eigenen Stand sowie \u00a0Beitr\u00e4gen von Mitgliedern am B\u00fchnenprogramm teil.<\/em><\/p>\n<p><a href=\"https:\/\/i0.wp.com\/www.berlin.freidenker.org\/wp-content\/uploads\/2016\/07\/antikriegsmarkt-Juli-2016-DSC03700-Webseite.jpg?ssl=1\"><img data-recalc-dims=\"1\" loading=\"lazy\" decoding=\"async\" class=\"size-full wp-image-2447 aligncenter\" src=\"https:\/\/i0.wp.com\/www.berlin.freidenker.org\/wp-content\/uploads\/2016\/07\/antikriegsmarkt-Juli-2016-DSC03700-Webseite.jpg?resize=500%2C375&#038;ssl=1\" alt=\"antikriegsmarkt Juli 2016 DSC03700 Webseite\" width=\"500\" height=\"375\" srcset=\"https:\/\/i0.wp.com\/www.berlin.freidenker.org\/wp-content\/uploads\/2016\/07\/antikriegsmarkt-Juli-2016-DSC03700-Webseite.jpg?w=500&amp;ssl=1 500w, https:\/\/i0.wp.com\/www.berlin.freidenker.org\/wp-content\/uploads\/2016\/07\/antikriegsmarkt-Juli-2016-DSC03700-Webseite.jpg?resize=300%2C225&amp;ssl=1 300w\" sizes=\"auto, (max-width: 500px) 100vw, 500px\" \/><\/a><\/p>\n<p><em>Wie wichtig es ist, m\u00f6glichst viele Menschen zu bewegen, sich aktiv in der Friedensbewegung zu engagieren, zeigt das Treiben von USA\/NATO.<\/em><\/p>\n<p><em>Viele sind alarmiert dadurch, dass die NATO eine Erh\u00f6hung des Milit\u00e4retats aller Mitgliedsl\u00e4nder um fast zwei Drittel vorsieht, die Aggressionen gegen die Russische F\u00f6deration gef\u00e4hrlich zugenommen haben, Atomwaffen modernisiert werden sollen. Deutschland stellt u.a. mit der Milit\u00e4rbasis Ramstein daf\u00fcr sowie f\u00fcr den Drohnenkrieg eine Basis bereit. Deshalb wurden ein Alternativer Gipfel und eine Internationale Demonstration parallel zur NATO-Tagung in Warschau vorbereitet sowie in Berlin u.a. Orten Antikriegsveranstaltungen.<\/em><\/p>\n<p><em>Unsere Forderungen und Angebote waren Anlass f\u00fcr lebhafte Diskussionen mit G\u00e4sten oder Passanten:<\/em><\/p>\n<ul>\n<li><em>Frieden durch Dialog mit Russland<\/em><\/li>\n<li><em><a href=\"http:\/\/www.nrhz.de\/flyer\/beitrag.php?id=22932\" target=\"_blank\">Brief an Wladimir Putin zum Unterschreiben<\/a><\/em><\/li>\n<li><strong><em>Bekanntmachen der <a href=\"http:\/\/www.free21.org\/friedensfahrt-berlin-moskau-august-2016\/\" target=\"_blank\">Friedensfahrt Berlin-Moskau-Berlin<\/a>\u00a0vom 8. bis 21. August 2016,\u00a0<\/em><\/strong><strong style=\"line-height: 1.5;\"><em><a href=\"https:\/\/www.berlin.freidenker.org\/?page_id=1936\" target=\"_blank\">Startevent am Brandenburger Tor<\/a> 7.8.2016 15-18 Uhr.<\/em><\/strong><\/li>\n<li><em>Keine Erh\u00f6hung des R\u00fcstungsetats sondern Gelder f\u00fcr soziale Zwecke verwenden<\/em><\/li>\n<li><em>Beendigung der Milit\u00e4reins\u00e4tze im Ausland<\/em><\/li>\n<li><em>Verbot von Atomwaffen<\/em><\/li>\n<li><strong><em><a href=\"http:\/\/www.neinzurnato.de\/\" target=\"_blank\">Austritt der Bundesrepublik Deutschland aus der NATO<\/a> und <a href=\"http:\/\/www.ramstein-kampagne.eu\" target=\"_blank\">Ramstein-Kampagne<\/a><\/em><\/strong><\/li>\n<\/ul>\n<p><em>Am B\u00fchnenprogramm beteiligten sich mit sehr guter Resonanz die Freidenker-Mitglieder Klaus Linder sowie Jean-Theo Jost (9\/11-Sketch).<\/em><\/p>\n<p><iframe loading=\"lazy\" src=\"\/\/www.youtube.com\/embed\/fj5vyVQyXII\" width=\"500\" height=\"314\" allowfullscreen=\"allowfullscreen\"><\/iframe><\/p>\n<p><em>Es war insgesamt eine erfolgreiche Veranstaltung.<\/em><\/p>\n<p><em>Wie dringend notwendig solche Aktionen wie der Antikriegsmarkt sind, k\u00f6nnen wir immer wieder anhand von Mutlosigkeit und Desinformation von Mitb\u00fcrgern erleben.<\/em><\/p>\n<p><em>F\u00fcr uns wirft das die Frage auf, wie wir noch intensiver und erfolgreicher f\u00fcr unsere Friedenstermine werben k\u00f6nnen.<\/em><\/p>\n","protected":false},"excerpt":{"rendered":"<p>Bericht von Edi und Uta, Foto von Albrecht Die Berliner Friedenskoordination, bekannt als Friko Berlin, hat auch in diesem Jahr \u00a0einen Antikriegsmarkt initiiert und vorbereitet.\u00a0Diesmal an der Ged\u00e4chtniskirche, einer Ruine durch Zerst\u00f6rungen des 2. Weltkrieges. In Berlin kam bereits vor Monaten eine Vorbereitungsgruppe zusammen; im Friko-Mai-Plenum konnte der Aufruf abschlie\u00dfend beraten und Ende Mai breit [&hellip;]<\/p>\n","protected":false},"author":4,"featured_media":0,"comment_status":"open","ping_status":"open","sticky":false,"template":"","format":"standard","meta":{"jetpack_post_was_ever_published":false,"_jetpack_newsletter_access":"","_jetpack_dont_email_post_to_subs":false,"_jetpack_newsletter_tier_id":0,"_jetpack_memberships_contains_paywalled_content":false,"_jetpack_memberships_contains_paid_content":false,"footnotes":""},"categories":[49,14,22,45,24,19,175,21,13],"tags":[85,261,237,262,131,144,107],"class_list":["post-2434","post","type-post","status-publish","format-standard","hentry","category-aufklaerung","category-aktivitaeten-des-dfv-berlin","category-friedensaktionen","category-friedensbewegung","category-friko-berlin","category-kultur","category-nato","category-politik","category-veranstaltungen","tag-85","tag-antikriegsmarkt","tag-friedensfahrt-berlin-moskau","tag-jena-theo-jost","tag-putin","tag-ramstein","tag-russland"],"jetpack_featured_media_url":"","jetpack_shortlink":"https:\/\/wp.me\/py5dN-Dg","jetpack_sharing_enabled":true,"_links":{"self":[{"href":"https:\/\/www.berlin.freidenker.org\/index.php?rest_route=\/wp\/v2\/posts\/2434","targetHints":{"allow":["GET"]}}],"collection":[{"href":"https:\/\/www.berlin.freidenker.org\/index.php?rest_route=\/wp\/v2\/posts"}],"about":[{"href":"https:\/\/www.berlin.freidenker.org\/index.php?rest_route=\/wp\/v2\/types\/post"}],"author":[{"embeddable":true,"href":"https:\/\/www.berlin.freidenker.org\/index.php?rest_route=\/wp\/v2\/users\/4"}],"replies":[{"embeddable":true,"href":"https:\/\/www.berlin.freidenker.org\/index.php?rest_route=%2Fwp%2Fv2%2Fcomments&post=2434"}],"version-history":[{"count":16,"href":"https:\/\/www.berlin.freidenker.org\/index.php?rest_route=\/wp\/v2\/posts\/2434\/revisions"}],"predecessor-version":[{"id":2453,"href":"https:\/\/www.berlin.freidenker.org\/index.php?rest_route=\/wp\/v2\/posts\/2434\/revisions\/2453"}],"wp:attachment":[{"href":"https:\/\/www.berlin.freidenker.org\/index.php?rest_route=%2Fwp%2Fv2%2Fmedia&parent=2434"}],"wp:term":[{"taxonomy":"category","embeddable":true,"href":"https:\/\/www.berlin.freidenker.org\/index.php?rest_route=%2Fwp%2Fv2%2Fcategories&post=2434"},{"taxonomy":"post_tag","embeddable":true,"href":"https:\/\/www.berlin.freidenker.org\/index.php?rest_route=%2Fwp%2Fv2%2Ftags&post=2434"}],"curies":[{"name":"wp","href":"https:\/\/api.w.org\/{rel}","templated":true}]}}