{"id":2457,"date":"2016-07-17T12:29:40","date_gmt":"2016-07-17T10:29:40","guid":{"rendered":"http:\/\/www.berlin.freidenker.org\/?p=2457"},"modified":"2016-07-17T13:02:44","modified_gmt":"2016-07-17T11:02:44","slug":"bei-freidenkern-gefunden-und-anderswo-616","status":"publish","type":"post","link":"https:\/\/www.berlin.freidenker.org\/?p=2457","title":{"rendered":"Bei Freidenkern gefunden\u2026 und anderswo\u2026 6\/16\u00a0"},"content":{"rendered":"<p class=\"beitrags-titel\">Nur ein ganz kurzer Hinweis, einerseits, weil gegenw\u00e4rtig so enorm viel passiert und es andererseits gerade darum wichtig ist, die Analysen zu finden, die wirklich Orientierung geben.<\/p>\n<p class=\"beitrags-titel\">Eine solche Analyse zur <strong>Lage der T\u00fcrkei und Erdogans<\/strong> gab es Ende Juni bei Analitik unter dem Titel: <a href=\"http:\/\/analitik.de\/2016\/06\/29\/erdogans-kniefall-und-kriegserklaerung-des-westens\/\" target=\"_blank\">&#8222;Erdogans Kniefall und die Kriegserkl\u00e4rung des Westens&#8220;<\/a>. Wobei die beiden Kommentare (<a href=\"http:\/\/analitik.de\/2016\/06\/29\/erdogans-kniefall-und-kriegserklaerung-des-westens\/#comment-2696\" target=\"_blank\">hier <\/a>und <a href=\"http:\/\/analitik.de\/2016\/06\/29\/erdogans-kniefall-und-kriegserklaerung-des-westens\/#comment-2708\" target=\"_blank\">hier<\/a>) von Thomas Roth dazu eine wertvolle Erg\u00e4nzung und Vertiefung darstellen.<\/p>\n<p class=\"beitrags-titel\">Zum selben Thema gestern eine <a href=\"http:\/\/de.sputniknews.com\/politik\/20160716\/311511167\/politiker-erdogan-kontakte-militaers-russland.html\" target=\"_blank\">vielsagende russische Wortmeldung<\/a>.<\/p>\n<p class=\"beitrags-titel\">\u00dcbrigens ist Analitik fast immer \u00e4u\u00dferst lesenswert, z. B. auch <a href=\"http:\/\/analitik.de\/2016\/07\/13\/putin-berater-schlaegt-vergeblich-alarm\/\" target=\"_blank\">hier<\/a>\u00a0zur gegenw\u00e4rtigen geopolitischen Situation Russlands.<\/p>\n","protected":false},"excerpt":{"rendered":"<p>Nur ein ganz kurzer Hinweis, einerseits, weil gegenw\u00e4rtig so enorm viel passiert und es andererseits gerade darum wichtig ist, die Analysen zu finden, die wirklich Orientierung geben. Eine solche Analyse zur Lage der T\u00fcrkei und Erdogans gab es Ende Juni bei Analitik unter dem Titel: &#8222;Erdogans Kniefall und die Kriegserkl\u00e4rung des Westens&#8220;. Wobei die beiden [&hellip;]<\/p>\n","protected":false},"author":4,"featured_media":0,"comment_status":"open","ping_status":"open","sticky":false,"template":"","format":"standard","meta":{"jetpack_post_was_ever_published":false,"_jetpack_newsletter_access":"","_jetpack_dont_email_post_to_subs":false,"_jetpack_newsletter_tier_id":0,"_jetpack_memberships_contains_paywalled_content":false,"_jetpack_memberships_contains_paid_content":false,"footnotes":""},"categories":[49,30,47,175,21,23],"tags":[172,269,272,267,268,107,271,270,173],"class_list":["post-2457","post","type-post","status-publish","format-standard","hentry","category-aufklaerung","category-europa","category-nation","category-nato","category-politik","category-syrien","tag-erdogan","tag-eu","tag-iran","tag-islamismus","tag-mulltipolare-welt","tag-russland","tag-sco","tag-seidenstrasse","tag-tuerkei"],"jetpack_featured_media_url":"","jetpack_shortlink":"https:\/\/wp.me\/py5dN-DD","jetpack_sharing_enabled":true,"_links":{"self":[{"href":"https:\/\/www.berlin.freidenker.org\/index.php?rest_route=\/wp\/v2\/posts\/2457","targetHints":{"allow":["GET"]}}],"collection":[{"href":"https:\/\/www.berlin.freidenker.org\/index.php?rest_route=\/wp\/v2\/posts"}],"about":[{"href":"https:\/\/www.berlin.freidenker.org\/index.php?rest_route=\/wp\/v2\/types\/post"}],"author":[{"embeddable":true,"href":"https:\/\/www.berlin.freidenker.org\/index.php?rest_route=\/wp\/v2\/users\/4"}],"replies":[{"embeddable":true,"href":"https:\/\/www.berlin.freidenker.org\/index.php?rest_route=%2Fwp%2Fv2%2Fcomments&post=2457"}],"version-history":[{"count":4,"href":"https:\/\/www.berlin.freidenker.org\/index.php?rest_route=\/wp\/v2\/posts\/2457\/revisions"}],"predecessor-version":[{"id":2461,"href":"https:\/\/www.berlin.freidenker.org\/index.php?rest_route=\/wp\/v2\/posts\/2457\/revisions\/2461"}],"wp:attachment":[{"href":"https:\/\/www.berlin.freidenker.org\/index.php?rest_route=%2Fwp%2Fv2%2Fmedia&parent=2457"}],"wp:term":[{"taxonomy":"category","embeddable":true,"href":"https:\/\/www.berlin.freidenker.org\/index.php?rest_route=%2Fwp%2Fv2%2Fcategories&post=2457"},{"taxonomy":"post_tag","embeddable":true,"href":"https:\/\/www.berlin.freidenker.org\/index.php?rest_route=%2Fwp%2Fv2%2Ftags&post=2457"}],"curies":[{"name":"wp","href":"https:\/\/api.w.org\/{rel}","templated":true}]}}