{"id":246,"date":"2009-11-03T11:33:37","date_gmt":"2009-11-03T09:33:37","guid":{"rendered":"http:\/\/www.berlin.freidenker.org\/?p=246"},"modified":"2010-04-01T11:36:48","modified_gmt":"2010-04-01T09:36:48","slug":"wegsperren-nach-der-haft-wird-zur-gewohnheit","status":"publish","type":"post","link":"https:\/\/www.berlin.freidenker.org\/?p=246","title":{"rendered":"Wegsperren nach der Haft wird zur Gewohnheit"},"content":{"rendered":"<p>Sicherungsverwahrung ist nicht auf Ausnahmen beschr\u00e4nkt, kritisiert der Strafverteidiger Sebastian Scharmer.<\/p>\n<p>Am Donnerstag wollen die Justizminister der L\u00e4nder \u00fcber weitere Versch\u00e4rfungen der Sicherungsverwahrung beraten. Und die neue Bundesregierung hat in ihrem Koalitionsvertrag bereits angek\u00fcndigt, \u00bbSchutzl\u00fccken\u00ab zu schlie\u00dfen.<\/p>\n<p>Dazu ver\u00f6ffentlichte die Tageszeitung &#8222;Neues Deutschland&#8220; in ihrer Ausgabe vom 02.November 2009 ein Interview:<\/p>\n<p>http:\/\/www.neues-deutschland.de\/artikel\/158377.wegsperren-nach-der-haft-wird-zur-gewohnheit.html?sstr=Wegsperren<\/p>\n","protected":false},"excerpt":{"rendered":"<p>Sicherungsverwahrung ist nicht auf Ausnahmen beschr\u00e4nkt, kritisiert der Strafverteidiger Sebastian Scharmer. Am Donnerstag wollen die Justizminister der L\u00e4nder \u00fcber weitere Versch\u00e4rfungen der Sicherungsverwahrung beraten. Und die neue Bundesregierung hat in ihrem Koalitionsvertrag bereits angek\u00fcndigt, \u00bbSchutzl\u00fccken\u00ab zu schlie\u00dfen. Dazu ver\u00f6ffentlichte die Tageszeitung &#8222;Neues Deutschland&#8220; in ihrer Ausgabe vom 02.November 2009 ein Interview: http:\/\/www.neues-deutschland.de\/artikel\/158377.wegsperren-nach-der-haft-wird-zur-gewohnheit.html?sstr=Wegsperren<\/p>\n","protected":false},"author":4,"featured_media":0,"comment_status":"closed","ping_status":"closed","sticky":false,"template":"","format":"standard","meta":{"jetpack_post_was_ever_published":false,"_jetpack_newsletter_access":"","_jetpack_dont_email_post_to_subs":false,"_jetpack_newsletter_tier_id":0,"_jetpack_memberships_contains_paywalled_content":false,"_jetpack_memberships_contains_paid_content":false,"footnotes":""},"categories":[8],"tags":[],"class_list":["post-246","post","type-post","status-publish","format-standard","hentry","category-standpunkte"],"jetpack_featured_media_url":"","jetpack_shortlink":"https:\/\/wp.me\/py5dN-3Y","jetpack_sharing_enabled":true,"_links":{"self":[{"href":"https:\/\/www.berlin.freidenker.org\/index.php?rest_route=\/wp\/v2\/posts\/246","targetHints":{"allow":["GET"]}}],"collection":[{"href":"https:\/\/www.berlin.freidenker.org\/index.php?rest_route=\/wp\/v2\/posts"}],"about":[{"href":"https:\/\/www.berlin.freidenker.org\/index.php?rest_route=\/wp\/v2\/types\/post"}],"author":[{"embeddable":true,"href":"https:\/\/www.berlin.freidenker.org\/index.php?rest_route=\/wp\/v2\/users\/4"}],"replies":[{"embeddable":true,"href":"https:\/\/www.berlin.freidenker.org\/index.php?rest_route=%2Fwp%2Fv2%2Fcomments&post=246"}],"version-history":[{"count":6,"href":"https:\/\/www.berlin.freidenker.org\/index.php?rest_route=\/wp\/v2\/posts\/246\/revisions"}],"predecessor-version":[{"id":408,"href":"https:\/\/www.berlin.freidenker.org\/index.php?rest_route=\/wp\/v2\/posts\/246\/revisions\/408"}],"wp:attachment":[{"href":"https:\/\/www.berlin.freidenker.org\/index.php?rest_route=%2Fwp%2Fv2%2Fmedia&parent=246"}],"wp:term":[{"taxonomy":"category","embeddable":true,"href":"https:\/\/www.berlin.freidenker.org\/index.php?rest_route=%2Fwp%2Fv2%2Fcategories&post=246"},{"taxonomy":"post_tag","embeddable":true,"href":"https:\/\/www.berlin.freidenker.org\/index.php?rest_route=%2Fwp%2Fv2%2Ftags&post=246"}],"curies":[{"name":"wp","href":"https:\/\/api.w.org\/{rel}","templated":true}]}}