{"id":2504,"date":"2016-07-24T00:21:59","date_gmt":"2016-07-23T22:21:59","guid":{"rendered":"http:\/\/www.berlin.freidenker.org\/?p=2504"},"modified":"2016-07-24T00:53:48","modified_gmt":"2016-07-23T22:53:48","slug":"die-muenchner-anschlaege-und-der-schatten-des-911","status":"publish","type":"post","link":"https:\/\/www.berlin.freidenker.org\/?p=2504","title":{"rendered":"Die M\u00fcnchner Anschl\u00e4ge und der Schatten des 9\/11"},"content":{"rendered":"<h3 style=\"text-align: center;\">Brief von Elias Davidsson<\/h3>\n<p>(Im Interesse der Authentizit\u00e4t wurden Rechtschreibefehler im Text nicht korrigiert. <a href=\"https:\/\/www.berlin.freidenker.org\/?p=2091\" target=\"_blank\">Unser Freund Elias<\/a> ist kein Deutsch-Muttersprachler.)<\/p>\n<p><em>&#8222;Liebe Freunde, <\/em><\/p>\n<p><em>Wer die Anschl\u00e4ge des 9\/11, die Anschl\u00e4ge in Madrid (2004), London (2005) oder Charlie-Hebdo (2015) als staatliche Operationen verstanden hat, kann und soll nicht blau\u00e4ugig die Erkl\u00e4rungen der franz\u00f6sischen und deutschen Beh\u00f6rden \u00fcber die j\u00fcngsten Anschl\u00e4ge in Nizza, W\u00fcrzburg und M\u00fcnchen als bare M\u00fcnze schlucken. <\/em><\/p>\n<p><em>Die Gefahr besteht, dass sogar solche Menschen, die nach langer Z\u00f6gerung endlich erkannt haben, dass 9\/11 zumindest eine staatliche Operation war, jetzt wieder von herrschenden Medien \u00fcberrumpelt werden, wenn es um die Anschl\u00e4ge im eigenen Land geht. Man darf wohl davon ausgehen, dass die Beh\u00f6rden, die uns 15 Jahre \u00fcber die gro\u00dfen Anschl\u00e4gen belogen haben, dies als Teil einer westlichen Strategie tun, und dass sie diese Strategie heute, im Bezug auf Anschl\u00e4gen in Europa, auch weiter tun. <\/em><\/p>\n<p><em>Es gibt einige gemeinsame Eigenschaften, die sich durch alle diesen Anschl\u00e4ge durchziehen, und die man ganz besonders Aufmerksamkeit schenken sollte: <\/em><\/p>\n<p><em>(a) In allen diesen F\u00e4llen sind die mutma\u00dflichen T\u00e4ter gestorben. Der Staat wird damit von der Pflicht befreit ihre Schuld gerichtlich nachzuweisen. <\/em><\/p>\n<p><em> (b) In allen diesen F\u00e4llen hat keine authentische Organisation sich zur Tat bekannt gegeben (Al Qaeda und IS sind keine \u201cauthentische\u201d Organisationen, da sie keine bekannten Sitz, Adresse, Telefonnummer, Webseite haben. Niemand kann sie daher anfragen und ihre angeblichen Bekennermeldungen nachpr\u00fcfen.) <\/em><\/p>\n<p><em>(c) In allen diesen F\u00e4llen hat der Staat keine \u00f6ffentliche Untersuchung der Umst\u00e4nde bewilligt. Diese Verweigerung stellt eine Verletzung des V\u00f6lkerrechts und der Menschenrechte dar. Staaten sind verpflichtet eine angemessene Untersuchung (\u201cadequate investigation\u201d) einer schweren Verletzung des Rechts auf Leben (T\u00f6tung) zu f\u00fchren. Das Europ\u00e4ische Gerichtshof f\u00fcr Menschenrechte hat durch seine Rechtssprechung den Begriff \u201cangemessene Untersuchung\u201d definiert. Die betreffenden Staaten verhalten sich sehr verschwiegen und haben auch teilweise Beweise zerst\u00f6rt, gef\u00e4lscht oder verheimlicht. <\/em><\/p>\n<p><em>(d) In keinem dieser F\u00e4llen wurden die angeblichen T\u00e4ter von einer Bev\u00f6lkerung als Helden oder M\u00e4rtyrer gefeiert. <\/em><\/p>\n<p><em> (e) Keine dieser Taten hat in irgendeiner Weise die Interessen der weltweiten Muslime, der Afghanen, Iraker, Syrl\u00e4nder oder Pal\u00e4stinenser, gef\u00f6rdert. Im Gegenteil. Die Taten haben Islamophobie gesch\u00fcrt, f\u00fcr Kriegshetze gesorgt und den Aufbau eines Polizeistaates im Inneren gef\u00f6rdert. <\/em><\/p>\n<p><em> Daher m\u00fcssen wir mit der M\u00f6glichkeit bzw. Wahrscheinlichkeit rechnen, dass auch die j\u00fcngsten Anschl\u00e4ge in Frankreich und Deutschland staatlich organisiert wurden. Jeder, der die verlogene Legende des 9\/11 weiterverbreitet steht damit unter Verdacht auch die j\u00fcngsten Anschl\u00e4ge zu vertuschen wollen. Dies betrifft in erster Linie Amtstr\u00e4ger, Bundestagabgeordneten und Medien. <\/em><\/p>\n<p><em>Elias Davidsson <\/em><\/p>\n<p><em>23. Juli 2016&#8243;<\/em><\/p>\n<p>Verwiesen sei auch auf Beitr\u00e4ge bei <a href=\"https:\/\/www.radio-utopie.de\/2016\/07\/23\/verteidigungsministerin-zustaendige-polizeibehoerden-entschieden-gestern-ueber-bundeswehreinsatz-im-inland\/\" target=\"_blank\">Radio Utopie<\/a> und <a href=\"http:\/\/analitik.de\/2016\/07\/23\/jetzt-wird-es-auch-bei-uns-blutig\/\" target=\"_blank\">Analitik.<\/a><\/p>\n","protected":false},"excerpt":{"rendered":"<p>Brief von Elias Davidsson (Im Interesse der Authentizit\u00e4t wurden Rechtschreibefehler im Text nicht korrigiert. Unser Freund Elias ist kein Deutsch-Muttersprachler.) &#8222;Liebe Freunde, Wer die Anschl\u00e4ge des 9\/11, die Anschl\u00e4ge in Madrid (2004), London (2005) oder Charlie-Hebdo (2015) als staatliche Operationen verstanden hat, kann und soll nicht blau\u00e4ugig die Erkl\u00e4rungen der franz\u00f6sischen und deutschen Beh\u00f6rden \u00fcber [&hellip;]<\/p>\n","protected":false},"author":4,"featured_media":0,"comment_status":"open","ping_status":"open","sticky":false,"template":"","format":"standard","meta":{"jetpack_post_was_ever_published":false,"_jetpack_newsletter_access":"","_jetpack_dont_email_post_to_subs":false,"_jetpack_newsletter_tier_id":0,"_jetpack_memberships_contains_paywalled_content":false,"_jetpack_memberships_contains_paid_content":false,"footnotes":""},"categories":[49,14,46,175,21],"tags":[282,127,129,284,283],"class_list":["post-2504","post","type-post","status-publish","format-standard","hentry","category-aufklaerung","category-aktivitaeten-des-dfv-berlin","category-freidenker-im-gespraech","category-nato","category-politik","tag-ausnahmezustand","tag-brd","tag-krieg","tag-muenchen","tag-wuerzburg"],"jetpack_featured_media_url":"","jetpack_shortlink":"https:\/\/wp.me\/py5dN-Eo","jetpack_sharing_enabled":true,"_links":{"self":[{"href":"https:\/\/www.berlin.freidenker.org\/index.php?rest_route=\/wp\/v2\/posts\/2504","targetHints":{"allow":["GET"]}}],"collection":[{"href":"https:\/\/www.berlin.freidenker.org\/index.php?rest_route=\/wp\/v2\/posts"}],"about":[{"href":"https:\/\/www.berlin.freidenker.org\/index.php?rest_route=\/wp\/v2\/types\/post"}],"author":[{"embeddable":true,"href":"https:\/\/www.berlin.freidenker.org\/index.php?rest_route=\/wp\/v2\/users\/4"}],"replies":[{"embeddable":true,"href":"https:\/\/www.berlin.freidenker.org\/index.php?rest_route=%2Fwp%2Fv2%2Fcomments&post=2504"}],"version-history":[{"count":3,"href":"https:\/\/www.berlin.freidenker.org\/index.php?rest_route=\/wp\/v2\/posts\/2504\/revisions"}],"predecessor-version":[{"id":2507,"href":"https:\/\/www.berlin.freidenker.org\/index.php?rest_route=\/wp\/v2\/posts\/2504\/revisions\/2507"}],"wp:attachment":[{"href":"https:\/\/www.berlin.freidenker.org\/index.php?rest_route=%2Fwp%2Fv2%2Fmedia&parent=2504"}],"wp:term":[{"taxonomy":"category","embeddable":true,"href":"https:\/\/www.berlin.freidenker.org\/index.php?rest_route=%2Fwp%2Fv2%2Fcategories&post=2504"},{"taxonomy":"post_tag","embeddable":true,"href":"https:\/\/www.berlin.freidenker.org\/index.php?rest_route=%2Fwp%2Fv2%2Ftags&post=2504"}],"curies":[{"name":"wp","href":"https:\/\/api.w.org\/{rel}","templated":true}]}}