{"id":2512,"date":"2016-07-25T22:52:12","date_gmt":"2016-07-25T20:52:12","guid":{"rendered":"http:\/\/www.berlin.freidenker.org\/?p=2512"},"modified":"2016-07-25T22:52:12","modified_gmt":"2016-07-25T20:52:12","slug":"terror-und-fragen-1-warum-werden-terroristen-nicht-verhaftet","status":"publish","type":"post","link":"https:\/\/www.berlin.freidenker.org\/?p=2512","title":{"rendered":"Terror und Fragen (1) Warum werden Terroristen nicht verhaftet?"},"content":{"rendered":"<h4>Elias Davidsson sagt:<\/h4>\n<div class=\"\"><em>\u201eIn praktisch allen bekannten Terroranschl\u00e4gen in Nord-Amerika und Europa der letzten 15 Jahren, starben die T\u00e4ter. Sie\u00a0starben unter ungekl\u00e4rten Umst\u00e4nde. Unabh\u00e4ngige Zeugen zu ihren Tod gab es nicht. \u00a0Durch ihren Tod wurde der betreffende Staat von der Pflicht befreit ihre Schuld\u00a0in einem Gerichtsverfahren und im Beisein eines Strafverteidigers nachzuweisen. Eine angemessene, gerichtliche, Aufkl\u00e4rung der Anschl\u00e4ge fand daher nicht statt. F\u00fcr die Vertuschung einer Straftat sind solche Umst\u00e4nde g\u00fcnstig. Zufall?\u201c<\/em><\/div>\n<div class=\"\" style=\"text-align: center;\">.<\/div>\n<div class=\"\" style=\"text-align: center;\"><a href=\"https:\/\/i0.wp.com\/www.berlin.freidenker.org\/wp-content\/uploads\/2016\/07\/160725-Warum-werden-Terroristen-nicht_Page_1-webseite.jpg?ssl=1\"><img data-recalc-dims=\"1\" loading=\"lazy\" decoding=\"async\" class=\"alignnone size-full wp-image-2513\" src=\"https:\/\/i0.wp.com\/www.berlin.freidenker.org\/wp-content\/uploads\/2016\/07\/160725-Warum-werden-Terroristen-nicht_Page_1-webseite.jpg?resize=500%2C641&#038;ssl=1\" alt=\"160725 Warum werden Terroristen nicht_Page_1 webseite\" width=\"500\" height=\"641\" srcset=\"https:\/\/i0.wp.com\/www.berlin.freidenker.org\/wp-content\/uploads\/2016\/07\/160725-Warum-werden-Terroristen-nicht_Page_1-webseite.jpg?w=500&amp;ssl=1 500w, https:\/\/i0.wp.com\/www.berlin.freidenker.org\/wp-content\/uploads\/2016\/07\/160725-Warum-werden-Terroristen-nicht_Page_1-webseite.jpg?resize=234%2C300&amp;ssl=1 234w\" sizes=\"auto, (max-width: 500px) 100vw, 500px\" \/><\/a><\/div>\n","protected":false},"excerpt":{"rendered":"<p>Elias Davidsson sagt: \u201eIn praktisch allen bekannten Terroranschl\u00e4gen in Nord-Amerika und Europa der letzten 15 Jahren, starben die T\u00e4ter. Sie\u00a0starben unter ungekl\u00e4rten Umst\u00e4nde. Unabh\u00e4ngige Zeugen zu ihren Tod gab es nicht. \u00a0Durch ihren Tod wurde der betreffende Staat von der Pflicht befreit ihre Schuld\u00a0in einem Gerichtsverfahren und im Beisein eines Strafverteidigers nachzuweisen. Eine angemessene, gerichtliche, [&hellip;]<\/p>\n","protected":false},"author":5,"featured_media":0,"comment_status":"open","ping_status":"open","sticky":false,"template":"","format":"standard","meta":{"jetpack_post_was_ever_published":false,"_jetpack_newsletter_access":"","_jetpack_dont_email_post_to_subs":false,"_jetpack_newsletter_tier_id":0,"_jetpack_memberships_contains_paywalled_content":false,"_jetpack_memberships_contains_paid_content":false,"footnotes":""},"categories":[49,175,21],"tags":[85,105,284,187],"class_list":["post-2512","post","type-post","status-publish","format-standard","hentry","category-aufklaerung","category-nato","category-politik","tag-85","tag-elias-davidsson","tag-muenchen","tag-terror"],"jetpack_featured_media_url":"","jetpack_shortlink":"https:\/\/wp.me\/py5dN-Ew","jetpack_sharing_enabled":true,"_links":{"self":[{"href":"https:\/\/www.berlin.freidenker.org\/index.php?rest_route=\/wp\/v2\/posts\/2512","targetHints":{"allow":["GET"]}}],"collection":[{"href":"https:\/\/www.berlin.freidenker.org\/index.php?rest_route=\/wp\/v2\/posts"}],"about":[{"href":"https:\/\/www.berlin.freidenker.org\/index.php?rest_route=\/wp\/v2\/types\/post"}],"author":[{"embeddable":true,"href":"https:\/\/www.berlin.freidenker.org\/index.php?rest_route=\/wp\/v2\/users\/5"}],"replies":[{"embeddable":true,"href":"https:\/\/www.berlin.freidenker.org\/index.php?rest_route=%2Fwp%2Fv2%2Fcomments&post=2512"}],"version-history":[{"count":1,"href":"https:\/\/www.berlin.freidenker.org\/index.php?rest_route=\/wp\/v2\/posts\/2512\/revisions"}],"predecessor-version":[{"id":2514,"href":"https:\/\/www.berlin.freidenker.org\/index.php?rest_route=\/wp\/v2\/posts\/2512\/revisions\/2514"}],"wp:attachment":[{"href":"https:\/\/www.berlin.freidenker.org\/index.php?rest_route=%2Fwp%2Fv2%2Fmedia&parent=2512"}],"wp:term":[{"taxonomy":"category","embeddable":true,"href":"https:\/\/www.berlin.freidenker.org\/index.php?rest_route=%2Fwp%2Fv2%2Fcategories&post=2512"},{"taxonomy":"post_tag","embeddable":true,"href":"https:\/\/www.berlin.freidenker.org\/index.php?rest_route=%2Fwp%2Fv2%2Ftags&post=2512"}],"curies":[{"name":"wp","href":"https:\/\/api.w.org\/{rel}","templated":true}]}}