{"id":2524,"date":"2016-07-31T08:54:40","date_gmt":"2016-07-31T06:54:40","guid":{"rendered":"http:\/\/www.berlin.freidenker.org\/?p=2524"},"modified":"2016-07-31T10:14:27","modified_gmt":"2016-07-31T08:14:27","slug":"das-friedensvolk-in-kiew","status":"publish","type":"post","link":"https:\/\/www.berlin.freidenker.org\/?p=2524","title":{"rendered":"Das Friedensvolk von Kiew! &#8211; mit einer Nachbemerkung"},"content":{"rendered":"<p><iframe loading=\"lazy\" src=\"\/\/www.youtube.com\/embed\/ZnFhKU8NYtY\" width=\"500\" height=\"314\" allowfullscreen=\"allowfullscreen\"><\/iframe><\/p>\n<h3 style=\"text-align: center;\"><\/h3>\n<h3 style=\"text-align: center;\">&#8212;&#8212;&#8212;&#8212;&#8212; Nachbemerkung &#8212;&#8212;&#8212;&#8212;&#8212;<\/h3>\n<p style=\"text-align: left;\">Den Hinweis auf das obige Video, das uns tief beeindruckt, erhielten wir zusammen mit der folgenden Mail. Wir ver\u00f6ffentlichen diese Mail ohne, man denke! den Schreiber um Erlaubnis gefragt zu haben. Es gibt n\u00e4mlich herzliche Worte von Menschen, die herzlich aufgenommen werden von Menschen und die ohne R\u00fcckversicherung wieder ge\u00e4u\u00dfert werden und weiter getragen werden wollen, Worte, die keinen Privateigent\u00fcmer haben.<\/p>\n<div><em><span style=\"font-family: Arial; font-size: small;\">&#8222;Ihr Lieben, Bilder von dem Friedensmarsch ukrainischer, orthodoxer Christen und friedliebender B\u00fcrger nach Kiew. Von beiden Seiten des Landes, von West nach Ost und Ost nach West, also von den beiden Landesteilen, die angeblich miteinander im Krieg sind. Es wird von 1-1,5 Millionen Teilnehmern gesprochen. Habt ihr in unserem Medien etwas davon geh\u00f6rt? Wie gut und friedliebend ist eine Gesellschaft, deren Medien es nicht f\u00fcr Wert finden von so einem Ereignis zu berichten? In w<span class=\"text_exposed_show\">elchem Zustand muss eine Gesellschaft sein, die uns tagt\u00e4glich zum\u00fcllt mit Nachrichten von Krieg, Terror und Vertreibung aber, wenn es dann einmal einen positiven Lichtblick gibt, dar\u00fcber schweigt? Ja, ihr Lieben, wir alle, du und ich, sind auch ein Teil dieser Teufels-Gesellschaft und wir alle haben Verantwortung daf\u00fcr. Was k\u00f6nnen wir kleinen Leute schon tun, werden jetzt vielleicht einige sich fragen? Im Au\u00dfen erst mal vielleicht nicht viel, aber wir k\u00f6nnen beten, wenn wir uns gl\u00e4ubig nennen. Und jeder echte Gl\u00e4ubige wei\u00df, dass das Gebet eine gro\u00dfe Kraft sein kann, vielleicht die m\u00e4chtigste, die uns als Menschen gegeben wurde. Die Ukrainer haben dieses Wunder, so viele Menschen zu mobilisieren, offensichtlich unter anderem mit Gebeten vollbracht. F\u00fcr mich in meinem Glaubensleben sind Gebetserh\u00f6rungen eine immer wiederkehrende Erfahrung. Brauchen wir auch eine Katastrophe, wie die Ukrainer, um zum Wesentlichen zu erwachen.? So traurig es klingt, aber ich glaube fast ja!<\/span><\/span><\/em><\/div>\n<div><em>\u00a0<\/em><\/div>\n<div><em><span style=\"color: #000000; font-family: Arial; font-size: small;\"><span class=\"text_exposed_show\">In Liebe<\/span><\/span><\/em><\/div>\n<div><em>\u00a0<\/em><\/div>\n<div><em><span style=\"color: #000000; font-family: Arial; font-size: small;\"><span class=\"text_exposed_show\">M. Y.&#8220;<\/span><\/span><\/em><\/div>\n<p>Und was ist das? Friedensreligiosit\u00e4t auch bei uns?<\/p>\n<p><iframe loading=\"lazy\" src=\"\/\/www.youtube.com\/embed\/iS_masia2E4\" width=\"500\" height=\"314\" allowfullscreen=\"allowfullscreen\"><\/iframe><\/p>\n","protected":false},"excerpt":{"rendered":"<p>&#8212;&#8212;&#8212;&#8212;&#8212; Nachbemerkung &#8212;&#8212;&#8212;&#8212;&#8212; Den Hinweis auf das obige Video, das uns tief beeindruckt, erhielten wir zusammen mit der folgenden Mail. Wir ver\u00f6ffentlichen diese Mail ohne, man denke! den Schreiber um Erlaubnis gefragt zu haben. Es gibt n\u00e4mlich herzliche Worte von Menschen, die herzlich aufgenommen werden von Menschen und die ohne R\u00fcckversicherung wieder ge\u00e4u\u00dfert werden und [&hellip;]<\/p>\n","protected":false},"author":4,"featured_media":0,"comment_status":"open","ping_status":"open","sticky":false,"template":"","format":"standard","meta":{"jetpack_post_was_ever_published":false,"_jetpack_newsletter_access":"","_jetpack_dont_email_post_to_subs":false,"_jetpack_newsletter_tier_id":0,"_jetpack_memberships_contains_paywalled_content":false,"_jetpack_memberships_contains_paid_content":false,"footnotes":""},"categories":[49,22,45,19,47,175,21,80,31],"tags":[281,254,286],"class_list":["post-2524","post","type-post","status-publish","format-standard","hentry","category-aufklaerung","category-friedensaktionen","category-friedensbewegung","category-kultur","category-nation","category-nato","category-politik","category-religion","category-ukraine","tag-friedensmarsch","tag-orthodoxe-kirche","tag-privateigentum"],"jetpack_featured_media_url":"","jetpack_shortlink":"https:\/\/wp.me\/py5dN-EI","jetpack_sharing_enabled":true,"_links":{"self":[{"href":"https:\/\/www.berlin.freidenker.org\/index.php?rest_route=\/wp\/v2\/posts\/2524","targetHints":{"allow":["GET"]}}],"collection":[{"href":"https:\/\/www.berlin.freidenker.org\/index.php?rest_route=\/wp\/v2\/posts"}],"about":[{"href":"https:\/\/www.berlin.freidenker.org\/index.php?rest_route=\/wp\/v2\/types\/post"}],"author":[{"embeddable":true,"href":"https:\/\/www.berlin.freidenker.org\/index.php?rest_route=\/wp\/v2\/users\/4"}],"replies":[{"embeddable":true,"href":"https:\/\/www.berlin.freidenker.org\/index.php?rest_route=%2Fwp%2Fv2%2Fcomments&post=2524"}],"version-history":[{"count":10,"href":"https:\/\/www.berlin.freidenker.org\/index.php?rest_route=\/wp\/v2\/posts\/2524\/revisions"}],"predecessor-version":[{"id":2536,"href":"https:\/\/www.berlin.freidenker.org\/index.php?rest_route=\/wp\/v2\/posts\/2524\/revisions\/2536"}],"wp:attachment":[{"href":"https:\/\/www.berlin.freidenker.org\/index.php?rest_route=%2Fwp%2Fv2%2Fmedia&parent=2524"}],"wp:term":[{"taxonomy":"category","embeddable":true,"href":"https:\/\/www.berlin.freidenker.org\/index.php?rest_route=%2Fwp%2Fv2%2Fcategories&post=2524"},{"taxonomy":"post_tag","embeddable":true,"href":"https:\/\/www.berlin.freidenker.org\/index.php?rest_route=%2Fwp%2Fv2%2Ftags&post=2524"}],"curies":[{"name":"wp","href":"https:\/\/api.w.org\/{rel}","templated":true}]}}