{"id":2537,"date":"2016-08-01T11:04:56","date_gmt":"2016-08-01T09:04:56","guid":{"rendered":"http:\/\/www.berlin.freidenker.org\/?p=2537"},"modified":"2016-08-01T11:15:35","modified_gmt":"2016-08-01T09:15:35","slug":"bei-freidenkern-gefunden-und-anderswo-816","status":"publish","type":"post","link":"https:\/\/www.berlin.freidenker.org\/?p=2537","title":{"rendered":"Bei Freidenkern gefunden\u2026 und anderswo\u2026 8\/16\u00a0"},"content":{"rendered":"<p style=\"text-align: center;\">Mit unserem heutigen Hinweis greifen wir wieder einmal &#8222;9\/11&#8220; auf. Nicht deshalb, weil sich dieses Ereignis nun bald zum 15. Mal j\u00e4hrt, sondern, weil es in gewisser Weise &#8222;die Mutter&#8220; des &#8222;war on terror&#8220; ist.<\/p>\n<p style=\"text-align: center;\">Ohne die imperialistische Verschw\u00f6rung des 9. September 2001 zumindest in den Grundz\u00fcgen zu begreifen, ist keine prinzipielle Einsicht in die terroristische Weltmachtstrategie des Imperialismus, einschlie\u00dflich der damit gegebenen Weltkriegsgefahr, m\u00f6glich.<\/p>\n<p><iframe loading=\"lazy\" src=\"\/\/www.youtube.com\/embed\/rsjhpg7xIKo\" width=\"500\" height=\"314\" allowfullscreen=\"allowfullscreen\"><\/iframe><\/p>\n<p>Dieses knappe Video und noch viel mehr ist zu finden im Forum <a href=\"http:\/\/geomatiko.eu\/forum\/index.php\" target=\"_blank\">&#8222;geomatiko&#8220;<\/a>.<\/p>\n<p>Zum Thema &#8222;Verschw\u00f6rungstheorie&#8220; hat Ullrich F. J. Mies einen konzentrierten Beitag geschrieben:<\/p>\n<p><em>&#8222;<b>Verschw\u00f6rungstheoretiker!, Antisemit!, Antiamerikaner! Querfrontler! All diese Diskurs-Totschagskeulen werden gezielt eingesetzt, um politische Bewegungen und politisch Aktive zu spalten, Organisationen zu zersetzen, Debatten unm\u00f6glich zu machen und den \u201eVerschw\u00f6rungstheoretiker\u201c \u201ezu verbrennen\u201c. Diese Strategie geht zu weiten Teilen auf. Auch viele Linke laufen in diese Falle.<\/b>\u00a0<\/em><\/p>\n<div><em>Beschr\u00e4nken wir uns hier auf die Verschw\u00f6rungsnummer. Der Begriff stammt von der CIA.\u00a0In ihrem Dokument \u201eDocument 1035-960, Concerning Criticism of the Warren Report\u201c aus dem Jahr 1968 wurden alle Zweifler an der offiziellen Darstellung des Mordes an John F. Kennedy zu Vertretern einer \u201econspiracy theory\u201c und damit zu Spinnern erkl\u00e4rt: Ein genialer Schachzug des Dienstes&#8230;.&#8220;<\/em> weiter <a href=\"https:\/\/opablog.net\/2016\/07\/31\/verschwoerungstheoretiker\/\" target=\"_blank\">hier<\/a>.<\/div>\n","protected":false},"excerpt":{"rendered":"<p>Mit unserem heutigen Hinweis greifen wir wieder einmal &#8222;9\/11&#8220; auf. Nicht deshalb, weil sich dieses Ereignis nun bald zum 15. Mal j\u00e4hrt, sondern, weil es in gewisser Weise &#8222;die Mutter&#8220; des &#8222;war on terror&#8220; ist. Ohne die imperialistische Verschw\u00f6rung des 9. September 2001 zumindest in den Grundz\u00fcgen zu begreifen, ist keine prinzipielle Einsicht in die [&hellip;]<\/p>\n","protected":false},"author":4,"featured_media":0,"comment_status":"open","ping_status":"open","sticky":false,"template":"","format":"standard","meta":{"jetpack_post_was_ever_published":false,"_jetpack_newsletter_access":"","_jetpack_dont_email_post_to_subs":false,"_jetpack_newsletter_tier_id":0,"_jetpack_memberships_contains_paywalled_content":false,"_jetpack_memberships_contains_paid_content":false,"footnotes":""},"categories":[49,175,21],"tags":[85,87,86],"class_list":["post-2537","post","type-post","status-publish","format-standard","hentry","category-aufklaerung","category-nato","category-politik","tag-85","tag-nwo","tag-verschwoerungstheorie"],"jetpack_featured_media_url":"","jetpack_shortlink":"https:\/\/wp.me\/py5dN-EV","jetpack_sharing_enabled":true,"_links":{"self":[{"href":"https:\/\/www.berlin.freidenker.org\/index.php?rest_route=\/wp\/v2\/posts\/2537","targetHints":{"allow":["GET"]}}],"collection":[{"href":"https:\/\/www.berlin.freidenker.org\/index.php?rest_route=\/wp\/v2\/posts"}],"about":[{"href":"https:\/\/www.berlin.freidenker.org\/index.php?rest_route=\/wp\/v2\/types\/post"}],"author":[{"embeddable":true,"href":"https:\/\/www.berlin.freidenker.org\/index.php?rest_route=\/wp\/v2\/users\/4"}],"replies":[{"embeddable":true,"href":"https:\/\/www.berlin.freidenker.org\/index.php?rest_route=%2Fwp%2Fv2%2Fcomments&post=2537"}],"version-history":[{"count":8,"href":"https:\/\/www.berlin.freidenker.org\/index.php?rest_route=\/wp\/v2\/posts\/2537\/revisions"}],"predecessor-version":[{"id":2545,"href":"https:\/\/www.berlin.freidenker.org\/index.php?rest_route=\/wp\/v2\/posts\/2537\/revisions\/2545"}],"wp:attachment":[{"href":"https:\/\/www.berlin.freidenker.org\/index.php?rest_route=%2Fwp%2Fv2%2Fmedia&parent=2537"}],"wp:term":[{"taxonomy":"category","embeddable":true,"href":"https:\/\/www.berlin.freidenker.org\/index.php?rest_route=%2Fwp%2Fv2%2Fcategories&post=2537"},{"taxonomy":"post_tag","embeddable":true,"href":"https:\/\/www.berlin.freidenker.org\/index.php?rest_route=%2Fwp%2Fv2%2Ftags&post=2537"}],"curies":[{"name":"wp","href":"https:\/\/api.w.org\/{rel}","templated":true}]}}