{"id":2560,"date":"2016-08-04T20:45:48","date_gmt":"2016-08-04T18:45:48","guid":{"rendered":"http:\/\/www.berlin.freidenker.org\/?p=2560"},"modified":"2016-08-04T20:46:21","modified_gmt":"2016-08-04T18:46:21","slug":"die-friedensfahrt-berlin-moskau-startet-in-drei-tagen-am-brandenburger-tor-15-uhr","status":"publish","type":"post","link":"https:\/\/www.berlin.freidenker.org\/?p=2560","title":{"rendered":"Die Friedensfahrt Berlin-Moskau startet! &#8211; In drei Tagen am Brandenburger Tor, 15 Uhr!"},"content":{"rendered":"<p style=\"text-align: center;\"><a href=\"https:\/\/i0.wp.com\/www.berlin.freidenker.org\/wp-content\/uploads\/2016\/08\/160804-FD-Website-Petition-frieden-mit-russland-ist-fuer-uns-unverzichtbar_1470238100.jpg?ssl=1\"><img data-recalc-dims=\"1\" loading=\"lazy\" decoding=\"async\" class=\"alignnone size-full wp-image-2561\" src=\"https:\/\/i0.wp.com\/www.berlin.freidenker.org\/wp-content\/uploads\/2016\/08\/160804-FD-Website-Petition-frieden-mit-russland-ist-fuer-uns-unverzichtbar_1470238100.jpg?resize=500%2C333&#038;ssl=1\" alt=\"160804 FD-Website Petition frieden-mit-russland-ist-fuer-uns-unverzichtbar_1470238100\" width=\"500\" height=\"333\" srcset=\"https:\/\/i0.wp.com\/www.berlin.freidenker.org\/wp-content\/uploads\/2016\/08\/160804-FD-Website-Petition-frieden-mit-russland-ist-fuer-uns-unverzichtbar_1470238100.jpg?w=500&amp;ssl=1 500w, https:\/\/i0.wp.com\/www.berlin.freidenker.org\/wp-content\/uploads\/2016\/08\/160804-FD-Website-Petition-frieden-mit-russland-ist-fuer-uns-unverzichtbar_1470238100.jpg?resize=300%2C200&amp;ssl=1 300w\" sizes=\"auto, (max-width: 500px) 100vw, 500px\" \/><\/a><\/p>\n<p style=\"text-align: center;\">Ein bedeutsamer Start war aber gestern schon &#8211; der Start der<\/p>\n<h2 class=\"western\" align=\"center\"><em><span style=\"font-family: 'Century Gothic', sans-serif;\"><span style=\"font-size: xx-large;\"><b>&#8222;Petition Frieden mit Russland<\/b><\/span><\/span><\/em><\/h2>\n<p class=\"western\" style=\"text-align: center;\" align=\"left\"><em><span style=\"font-family: 'Century Gothic', sans-serif;\"><span style=\"font-size: large;\"><b>Wir Unterzeichner fordern den Bundestag und die Bundesregierung, sich dringend und massiv f\u00fcr die Wahrung des Friedens mit Russland einzusetzen, insbesondere durch\u2026:<\/b><\/span><\/span><\/em><\/p>\n<ol style=\"text-align: center;\">\n<li>\n<p class=\"western\" align=\"left\"><em>\u2026<span style=\"font-family: Arial, sans-serif;\"><span style=\"font-size: medium;\"><span style=\"font-family: 'Century Gothic', sans-serif;\">Unterlassung jeglicher milit\u00e4rischer Drohgeb\u00e4rden im Rahmen der NATO und EU, einschlie\u00dflich der Erh\u00f6hung des Verteidigungsetats und der Stationierung rotierender Bundeswehr-Kontingente im Baltikum, um Vertrauen als Voraussetzung f\u00fcr Dialog wieder herzustellen;<\/span><\/span><\/span><\/em><\/p>\n<\/li>\n<\/ol>\n<ol style=\"text-align: center;\" start=\"2\">\n<li>\n<p class=\"western\" align=\"left\"><em>\u2026<span style=\"font-family: Arial, sans-serif;\"><span style=\"font-size: medium;\"><span style=\"font-family: 'Century Gothic', sans-serif;\">Einladung Russlands zu Gespr\u00e4chen auf h\u00f6chster Regierungsebene, um Einigkeit \u00fcber eine rasche Abschaffung der Wirtschaftssanktionen, eine Normalisierung der Beziehungen und eine Perspektive f\u00fcr regionale Kooperations- und Integrationsabkommen im paneurasischen Kontext herzustellen;<\/span><\/span><\/span><\/em><\/p>\n<\/li>\n<\/ol>\n<ol style=\"text-align: center;\" start=\"3\">\n<li>\n<p class=\"western\" align=\"left\"><em>\u2026<span style=\"font-family: Arial, sans-serif;\"><span style=\"font-size: medium;\"><span style=\"font-family: 'Century Gothic', sans-serif;\">Einberufung einer parit\u00e4tisch besetzten Historiker- und Expertenkommission, die den Konfliktgegenstand Ukraine, der den destruktiven Sanktionen und Aufr\u00fcstung auf beiden Seiten zugrunde liegt, transparent nach wissenschaftlichen Standards aufarbeitet und damit tendenzi\u00f6se, irref\u00fchrende mediale und politische Narrativen \u00fcberfl\u00fcssig macht;<\/span><\/span><\/span><\/em><\/p>\n<\/li>\n<\/ol>\n<ol style=\"text-align: center;\" start=\"4\">\n<li>\n<p class=\"western\" align=\"left\"><em>\u2026<span style=\"font-family: Arial, sans-serif;\"><span style=\"font-size: medium;\"><span style=\"font-family: 'Century Gothic', sans-serif;\">Ausbau kultureller, wissenschaftlicher und wirtschaftlicher Formen der Zusammenarbeit mit Russland auf den Ebenen von Zivilgesell\u00adschaft, Medien und Politik, um Vertrauensbildung durch Dialog zu erzielen.<\/span><\/span><\/span><\/em><\/p>\n<\/li>\n<\/ol>\n<p class=\"western\" style=\"text-align: center;\" align=\"left\"><em><span style=\"font-family: 'Century Gothic', sans-serif;\"><span style=\"font-size: medium;\"><b>Wir Unterzeichner erinnern daran, dass es angesichts der leidvollen historischen Erfahrungen die erste Pflicht der politischen Repr\u00e4sentanten Deutschlands ist, mit nichtmilit\u00e4rischen Ma\u00dfnahmen f\u00fcr Frieden und eine tragf\u00e4hige Partnerschaft mit Russland zu sorgen. F\u00fcr uns ist Frieden durch eine bis nach Russland erweiterte europ\u00e4ische Zusammenarbeit alternativlos.&#8220;<\/b><\/span><\/span><\/em><\/p>\n<p class=\"western\" style=\"text-align: left;\" align=\"left\">Die Petition wurde bereits am ersten Tag von 800 Menschen unterzeichnet. Zur Stunde sind es 955.<\/p>\n<p class=\"western\" style=\"text-align: left;\" align=\"left\">Dr. Rainer Rothfu\u00df, der Initiator schreibt:\u00a0<em>\u201eDurch das Unterzeichnen und Verbreiten der Petition k\u00f6nnen sich auch Menschen an unserer Friedensinitiative beteiligen, denen eine pers\u00f6nliche Mitfahrt nach Russland nicht m\u00f6glich ist. Uns ist es ein Anliegen, den Menschen in Russland zu signalisieren, dass Frieden und V\u00f6lkerfreundschaft f\u00fcr uns unverzichtbar sind. Wir tun das symbolisch mit unserer Fahrt, andere haben jetzt die M\u00f6glichkeit, das online kund zu tun.\u201c<\/em><\/p>\n<p>Die gesammelten Unterschriften sollen sowohl den deutschen, \u00f6sterreichischen und schweizerischen Parlamenten und Regierungen als auch dem EU Parlament und der Europ\u00e4ischen Kommission \u00fcbergeben werden.<\/p>\n<p style=\"text-align: center;\"><a href=\"https:\/\/www.openpetition.de\/petition\/online\/frieden-mit-russland-ist-fuer-uns-unverzichtbar\" target=\"_blank\">Hier geht es zur Petition. M\u00f6gen viele tausend Friedenswillige unterschreiben!<\/a><\/p>\n","protected":false},"excerpt":{"rendered":"<p>Ein bedeutsamer Start war aber gestern schon &#8211; der Start der &#8222;Petition Frieden mit Russland Wir Unterzeichner fordern den Bundestag und die Bundesregierung, sich dringend und massiv f\u00fcr die Wahrung des Friedens mit Russland einzusetzen, insbesondere durch\u2026: \u2026Unterlassung jeglicher milit\u00e4rischer Drohgeb\u00e4rden im Rahmen der NATO und EU, einschlie\u00dflich der Erh\u00f6hung des Verteidigungsetats und der Stationierung [&hellip;]<\/p>\n","protected":false},"author":4,"featured_media":0,"comment_status":"open","ping_status":"open","sticky":false,"template":"","format":"standard","meta":{"jetpack_post_was_ever_published":false,"_jetpack_newsletter_access":"","_jetpack_dont_email_post_to_subs":false,"_jetpack_newsletter_tier_id":0,"_jetpack_memberships_contains_paywalled_content":false,"_jetpack_memberships_contains_paid_content":false,"footnotes":""},"categories":[49,14,30,22,45,19,47,175,21,8,13,31],"tags":[231,127,52,59,230,291,139],"class_list":["post-2560","post","type-post","status-publish","format-standard","hentry","category-aufklaerung","category-aktivitaeten-des-dfv-berlin","category-europa","category-friedensaktionen","category-friedensbewegung","category-kultur","category-nation","category-nato","category-politik","category-standpunkte","category-veranstaltungen","category-ukraine","tag-berlin-moskau","tag-brd","tag-dr-rainer-rothfuss","tag-freidenker","tag-friedensfahrt","tag-ukraine-russland","tag-zivilgesellschaft"],"jetpack_featured_media_url":"","jetpack_shortlink":"https:\/\/wp.me\/py5dN-Fi","jetpack_sharing_enabled":true,"_links":{"self":[{"href":"https:\/\/www.berlin.freidenker.org\/index.php?rest_route=\/wp\/v2\/posts\/2560","targetHints":{"allow":["GET"]}}],"collection":[{"href":"https:\/\/www.berlin.freidenker.org\/index.php?rest_route=\/wp\/v2\/posts"}],"about":[{"href":"https:\/\/www.berlin.freidenker.org\/index.php?rest_route=\/wp\/v2\/types\/post"}],"author":[{"embeddable":true,"href":"https:\/\/www.berlin.freidenker.org\/index.php?rest_route=\/wp\/v2\/users\/4"}],"replies":[{"embeddable":true,"href":"https:\/\/www.berlin.freidenker.org\/index.php?rest_route=%2Fwp%2Fv2%2Fcomments&post=2560"}],"version-history":[{"count":3,"href":"https:\/\/www.berlin.freidenker.org\/index.php?rest_route=\/wp\/v2\/posts\/2560\/revisions"}],"predecessor-version":[{"id":2564,"href":"https:\/\/www.berlin.freidenker.org\/index.php?rest_route=\/wp\/v2\/posts\/2560\/revisions\/2564"}],"wp:attachment":[{"href":"https:\/\/www.berlin.freidenker.org\/index.php?rest_route=%2Fwp%2Fv2%2Fmedia&parent=2560"}],"wp:term":[{"taxonomy":"category","embeddable":true,"href":"https:\/\/www.berlin.freidenker.org\/index.php?rest_route=%2Fwp%2Fv2%2Fcategories&post=2560"},{"taxonomy":"post_tag","embeddable":true,"href":"https:\/\/www.berlin.freidenker.org\/index.php?rest_route=%2Fwp%2Fv2%2Ftags&post=2560"}],"curies":[{"name":"wp","href":"https:\/\/api.w.org\/{rel}","templated":true}]}}