{"id":2567,"date":"2016-08-06T10:10:50","date_gmt":"2016-08-06T08:10:50","guid":{"rendered":"http:\/\/www.berlin.freidenker.org\/?p=2567"},"modified":"2016-08-06T20:16:07","modified_gmt":"2016-08-06T18:16:07","slug":"macht-sich-wer-zu-breit","status":"publish","type":"post","link":"https:\/\/www.berlin.freidenker.org\/?p=2567","title":{"rendered":"Macht sich jemand zu breit?"},"content":{"rendered":"<p><a href=\"https:\/\/i0.wp.com\/www.berlin.freidenker.org\/wp-content\/uploads\/2016\/08\/Friedensfahrt-FD-Website-kopf-13466207_1741035739519114_6052240723190341530_n.jpg?ssl=1\"><img data-recalc-dims=\"1\" loading=\"lazy\" decoding=\"async\" class=\"alignnone size-full wp-image-2569\" src=\"https:\/\/i0.wp.com\/www.berlin.freidenker.org\/wp-content\/uploads\/2016\/08\/Friedensfahrt-FD-Website-kopf-13466207_1741035739519114_6052240723190341530_n.jpg?resize=500%2C185&#038;ssl=1\" alt=\"Friedensfahrt FD Website kopf 13466207_1741035739519114_6052240723190341530_n\" width=\"500\" height=\"185\" srcset=\"https:\/\/i0.wp.com\/www.berlin.freidenker.org\/wp-content\/uploads\/2016\/08\/Friedensfahrt-FD-Website-kopf-13466207_1741035739519114_6052240723190341530_n.jpg?w=500&amp;ssl=1 500w, https:\/\/i0.wp.com\/www.berlin.freidenker.org\/wp-content\/uploads\/2016\/08\/Friedensfahrt-FD-Website-kopf-13466207_1741035739519114_6052240723190341530_n.jpg?resize=300%2C111&amp;ssl=1 300w\" sizes=\"auto, (max-width: 500px) 100vw, 500px\" \/><\/a><\/p>\n<p>Morgen startet die <a href=\"https:\/\/www.facebook.com\/events\/1391103897585613\/\" target=\"_blank\">Friedensfahrt<\/a>\u00a0Berlin-Moskau-Berlin.<\/p>\n<p>Am 3. 8. startete die <a href=\"https:\/\/www.openpetition.de\/petition\/online\/frieden-mit-russland-ist-fuer-uns-unverzichtbar\" target=\"_blank\">Petition zur Friedensfahrt<\/a>.<\/p>\n<p>Die Petition spricht das heute Notwendige aus und formuliert <a href=\"https:\/\/opablog.net\/2016\/08\/04\/die-friedensfahrt-berlin-moskau-startet-in-drei-tagen-am-brandenburger-tor-15-uhr\/\" target=\"_blank\">vier Mindestforderungen<\/a> an die politischen Kr\u00e4fte in Deutschland.<\/p>\n<p style=\"text-align: left;\">Das sind Forderungen, die JEDER und JEDE Friedenswillige unterschreiben kann. Und in der Tat: Unter den bis jetzt 1842 Unterschreibern finden sich Viele, die zum ersten Mal gemeinsam eine Friedensbotschaft unterschrieben haben!\u00a0<a href=\"https:\/\/cooptv.wordpress.com\/2016\/08\/05\/petition-frieden-mit-russland-ist-fuer-uns-unverzichtbar\/\" target=\"_blank\">Einige<\/a> \u00e4u\u00dfern <a href=\"https:\/\/medien-meinungen.de\/2016\/08\/warum-wir-die-friedensfahrt-berlin-moskau-dennoch-unterstuetzen\/\" target=\"_blank\">Bedenken<\/a> aber die SACHE ist wichtig, die SORGE ist gro\u00df genug.<\/p>\n<p>Eine Freundin schreibt:<\/p>\n<p><em>Liebe Freidenker,\u00a0<span style=\"line-height: 1.5;\">die Petition finde ich eine prima Aktion &#8211; eigentlich. Leider gerieren sich als Unterst\u00fctzer auch 2 obskure Websites\u00a0&#8230;. Optisch machen sie sich breit. Das schreckt mich ab. Ehrlich. L\u00e4sst sich da nix machen? Fragenden Gru\u00df\u00a0<\/span><\/em><\/p>\n<p><em>Biggi<\/em><\/p>\n<p>Garantiert l\u00e4\u00dft sich da etwas machen, Biggi:<\/p>\n<p>Machen wir uns alle breit! Jeder und jede Friedenswillige soll &#8222;sich breit machen&#8220;, soll sein ganzes Netz aktivieren, soll Freunde, Bekannte, Kooperations- und B\u00fcndnispartner mitbringen noch und noch. Dann wird die Stimme der Friedensbewegung wieder m\u00e4chtig. Dann wird sie wie der Chor des Lebens, den nicht Vors\u00e4ngerInnen dirigieren und den auch gelegentliche Misst\u00f6ne nicht aus dem Takt bringen.<\/p>\n","protected":false},"excerpt":{"rendered":"<p>Morgen startet die Friedensfahrt\u00a0Berlin-Moskau-Berlin. Am 3. 8. startete die Petition zur Friedensfahrt. Die Petition spricht das heute Notwendige aus und formuliert vier Mindestforderungen an die politischen Kr\u00e4fte in Deutschland. Das sind Forderungen, die JEDER und JEDE Friedenswillige unterschreiben kann. Und in der Tat: Unter den bis jetzt 1842 Unterschreibern finden sich Viele, die zum ersten [&hellip;]<\/p>\n","protected":false},"author":4,"featured_media":0,"comment_status":"open","ping_status":"open","sticky":false,"template":"","format":"standard","meta":{"jetpack_post_was_ever_published":false,"_jetpack_newsletter_access":"","_jetpack_dont_email_post_to_subs":false,"_jetpack_newsletter_tier_id":0,"_jetpack_memberships_contains_paywalled_content":false,"_jetpack_memberships_contains_paid_content":false,"footnotes":""},"categories":[49,22,45,21],"tags":[59,230],"class_list":["post-2567","post","type-post","status-publish","format-standard","hentry","category-aufklaerung","category-friedensaktionen","category-friedensbewegung","category-politik","tag-freidenker","tag-friedensfahrt"],"jetpack_featured_media_url":"","jetpack_shortlink":"https:\/\/wp.me\/py5dN-Fp","jetpack_sharing_enabled":true,"_links":{"self":[{"href":"https:\/\/www.berlin.freidenker.org\/index.php?rest_route=\/wp\/v2\/posts\/2567","targetHints":{"allow":["GET"]}}],"collection":[{"href":"https:\/\/www.berlin.freidenker.org\/index.php?rest_route=\/wp\/v2\/posts"}],"about":[{"href":"https:\/\/www.berlin.freidenker.org\/index.php?rest_route=\/wp\/v2\/types\/post"}],"author":[{"embeddable":true,"href":"https:\/\/www.berlin.freidenker.org\/index.php?rest_route=\/wp\/v2\/users\/4"}],"replies":[{"embeddable":true,"href":"https:\/\/www.berlin.freidenker.org\/index.php?rest_route=%2Fwp%2Fv2%2Fcomments&post=2567"}],"version-history":[{"count":9,"href":"https:\/\/www.berlin.freidenker.org\/index.php?rest_route=\/wp\/v2\/posts\/2567\/revisions"}],"predecessor-version":[{"id":2598,"href":"https:\/\/www.berlin.freidenker.org\/index.php?rest_route=\/wp\/v2\/posts\/2567\/revisions\/2598"}],"wp:attachment":[{"href":"https:\/\/www.berlin.freidenker.org\/index.php?rest_route=%2Fwp%2Fv2%2Fmedia&parent=2567"}],"wp:term":[{"taxonomy":"category","embeddable":true,"href":"https:\/\/www.berlin.freidenker.org\/index.php?rest_route=%2Fwp%2Fv2%2Fcategories&post=2567"},{"taxonomy":"post_tag","embeddable":true,"href":"https:\/\/www.berlin.freidenker.org\/index.php?rest_route=%2Fwp%2Fv2%2Ftags&post=2567"}],"curies":[{"name":"wp","href":"https:\/\/api.w.org\/{rel}","templated":true}]}}