{"id":2621,"date":"2016-09-06T18:39:00","date_gmt":"2016-09-06T16:39:00","guid":{"rendered":"http:\/\/www.berlin.freidenker.org\/?p=2621"},"modified":"2016-09-17T10:21:19","modified_gmt":"2016-09-17T08:21:19","slug":"14-09-2016-berliner-runde-freidenker-im-gespraech","status":"publish","type":"post","link":"https:\/\/www.berlin.freidenker.org\/?p=2621","title":{"rendered":"14.09.2016 &#8211; \u201eBerliner Runde \u2013 Freidenker im Gespr\u00e4ch\u201c &#8211; mit Update 7.9.2016"},"content":{"rendered":"<p style=\"text-align: left;\" align=\"center\"><span style=\"color: #333333;\"><span style=\"font-family: 'Liberation Serif', serif;\"><span style=\"font-size: small;\">Liebe Freidenkerin, lieber Freidenker, liebe Freunde,\u00a0<\/span><\/span><\/span><span style=\"color: #333333;\"><span style=\"font-family: 'Liberation Serif', serif;\"><span style=\"font-size: small;\">wir laden ein zu unserer n\u00e4chsten \u00f6ffentlichen<\/span><\/span><\/span><\/p>\n<p align=\"center\"><strong><span style=\"color: #333333;\">\u201e<\/span><\/strong><strong><span style=\"color: #333333;\"><span style=\"font-family: 'Liberation Serif', serif;\"><span style=\"font-size: large;\"><b>Berliner Runde \u2013 Freidenker im Gespr\u00e4ch\u201c<\/b><\/span><\/span><\/span><\/strong><\/p>\n<p align=\"center\"><span style=\"color: #333333;\"><span style=\"font-family: 'Liberation Serif', serif;\"><span style=\"font-size: small;\"><b>am\u00a0<\/b><\/span><\/span><\/span><strong><span style=\"color: #333333;\"><span style=\"font-family: 'Liberation Serif', serif;\"><span style=\"font-size: small;\"><b>Mittwoch, dem 14<\/b><\/span><\/span><\/span><\/strong><strong><span style=\"color: #333333;\"><span style=\"font-family: 'Liberation Serif', serif;\"><span style=\"font-size: small;\"><b>. September<\/b><\/span><\/span><\/span><\/strong><strong><span style=\"color: #333333;\"><span style=\"font-family: 'Liberation Serif', serif;\"><span style=\"font-size: small;\"><b>\u00a02016, 18.00 Uhr\u00a0<\/b><\/span><\/span><\/span><\/strong><\/p>\n<p align=\"center\"><span style=\"color: #333333;\"><span style=\"font-family: 'Liberation Serif', serif;\"><span style=\"font-size: small;\">im Klub der Volkssolidarit\u00e4t, Torstr. 203 \u2013 205, 10115 Berlin<b>*<\/b><\/span><\/span><\/span><\/p>\n<p align=\"center\"><span style=\"color: #333333;\"><span style=\"font-family: 'Liberation Serif', serif;\"><span style=\"font-size: large;\"><strong><span style=\"color: #000000;\"><b>\u201eFriedensfahrt Berlin-Moskau 2016\u201c<\/b><\/span><\/strong><\/span><\/span><\/span><\/p>\n<p align=\"center\"><strong><span style=\"color: #333333;\"><span style=\"font-family: 'Liberation Serif', serif;\"><span style=\"font-size: large;\"><b>Es berichten Freidenker, die an der Fahrt teilgenommen haben.<\/b><\/span><\/span><\/span><\/strong><\/p>\n<p>Die Friedensfahrt mit rund 250 Teilnehmern und Teilnehmerinnen, die vom 7. August bis 21. August 2016 stattfand, hatte mit Stettin, Kaliningrad, Gvardejsk, Schiauliai, Pskow, Utorgosh, Luba, St. Petersburg, Twer, Moskau, Smolensk, Katyn, Minsk und Warschau viel mehr Stationen als die obige Kurzbezeichnung erkennen l\u00e4sst.<\/p>\n<p>Immer und \u00fcberall ging es uns um das friedliche Zusammenleben der V\u00f6lker, besonders des deutschen mit dem russischen Volk. Wir haben der Opfer der Weltkriege gedacht und immer und \u00fcberall gemeinsam mit unseren jeweiligen Gastgebern gefordert, dass es nie wieder Krieg geben d\u00fcrfe. Wir alle, mit dieser \u201eVolksdiplomatie von unten\u201c, waren uns einig: Die kriegstreiberische Politik der NATO muss beendet werden!<\/p>\n<p style=\"text-align: center;\"><em>In unserer Freidenkerrunde am 14.9. wollen wir sowohl bildhaft von unseren Erlebnissen berichten als auch einige Erfahrungen und Probleme ansprechen, \u00fcber die wir uns Meinungsaustausch, wenn n\u00f6tig auch Meinungsstreit, w\u00fcnschen. Vielleicht k\u00f6nnen wir bei dieser Runde sogar beweisen, dass die russische Gastfreundschaft auch lukullisch ein wenig auf uns abgef\u00e4rbt hat.<\/em><\/p>\n<p>Zur inhaltlichen Orientierung der Friedensfahrt gibt es viele Dokumente. Wir m\u00f6chten zur Vorbereitung <a href=\"https:\/\/www.openpetition.de\/petition\/online\/frieden-mit-russland-ist-fuer-uns-unverzichtbar\" target=\"_blank\">die Petition hervorheben, die Dr. Rainer Rothfuss, Initiator der Fahrt, am 3. 8. 2016 gestartet hat<\/a> und die bisher 9222 Unterst\u00fctzerInnen z\u00e4hlt (Text der Petition in der Anlage).<\/p>\n<p>\u00dcber die Fahrt selbst haben die konventionellen Massenmedien in Deutschland nicht berichtet (in Russland umso mehr). In einigen alternativen Medien jedoch gab es viele Informationen. Diese sind (leider) nur online zu finden, etwa auf der Seite \u201e<a href=\"http:\/\/www.druschba.info\/\" target=\"_blank\">druschba.info<\/a>\u201c aber auch tagesaktuell auf \u201e<a href=\"https:\/\/opablog.net\/?s=Tagebuch\" target=\"_blank\">opablog<\/a>\u201c.<\/p>\n<p>Zu den Problemstellungen, \u00fcber die wir uns Meinungsaustausch w\u00fcnschen, geh\u00f6ren Fragen wie:<br \/>\n&#8211; Schlie\u00dft unsere B\u00fcndnispolitik f\u00fcr den Frieden die Zusammenarbeit mit Rechten ein? Wen oder was bezeichnen wir \u00fcberhaupt mit dem Begriff \u201eRechte\u201c? Sind das Fragen, die neue Anforderungen an uns stellen? (Es w\u00e4re hilfreich, wenn wir in diese Diskussion unser Freidenkerheft 1-16 einbeziehen w\u00fcrden, namentlich den Beitrag: <a href=\"http:\/\/www.freidenker.org\/cms\/dfv\/images\/stories\/PDF\/freidenker-16-01-rechts-links.pdf\" target=\"_blank\">&#8222;Nicht rechts, nicht links&#8220;?<\/a>\u00a0von Klaus Hartmann.)<br \/>\n&#8211; Ist eine neue Qualit\u00e4t demokratischer Massenbewegungen m\u00f6glich, wie sie u.a. mit dem Slogan \u201eVolksdiplomatie von unten\u201c umschrieben wird? Und wenn ja, wie k\u00f6nnen wir dazu beitragen, dass aus M\u00f6glichkeit Wirklichkeit wird?<br \/>\n&#8211; Haben wir ein nationales Interesse zu vertreten? Geschichtsbewusstsein gegen Geschichtsnihilismus? Was hei\u00dft das heute konkret?<\/p>\n<p>Wir freuen uns auf unseren n\u00e4chsten freidenkerischen Gedankenaustausch.<\/p>\n<p style=\"text-align: right;\"><strong>Leitungskollektiv der Berliner Freidenker<\/strong><\/p>\n<p style=\"text-align: left;\">*S1-, S2-, S25-Oranienburger Str., U6-Oranienburger Tor<\/p>\n<p><strong>&#8212;&#8212;&#8212;&#8212;&#8212;&#8212;&#8212;&#8212;&#8212;&#8212;&#8212;&#8212;&#8212;&#8212;&#8212;&#8212;&#8211;<\/strong><\/p>\n<p><strong>Update 7.9.2016:<\/strong><\/p>\n<p><strong>Zur Einstimmung auf unsere Diskussion sollte <a href=\"https:\/\/opablog.net\/2016\/09\/07\/friedensfahrt-2016-in-geschichtlich-vermintem-gelaende\/\" target=\"_blank\">dieses Posting<\/a>\u00a0einschlie\u00dflich des dort verlinkten Videos ber\u00fccksichtigt werden.\u00a0<\/strong><\/p>\n<p><strong>&#8212;&#8212;&#8212;&#8212;&#8212;&#8212;&#8212;&#8212;&#8212;&#8212;&#8212;&#8212;&#8212;&#8212;&#8212;&#8212;<\/strong><\/p>\n<p><strong>Anlage: Text der Petition von Dr. Rainer Rothfuss<\/strong><\/p>\n<p><!--more--><br \/>\n<em>&#8222;Frieden mit Russland ist f\u00fcr uns unverzichtbar<\/em><\/p>\n<p><em>Wir Unterzeichner fordern den Bundestag und die Bundesregierung, sich dringend und massiv f\u00fcr die Wahrung des Friedens mit Russland einzusetzen, insbesondere durch\u2026:<\/em><\/p>\n<p><em>1. \u2026Unterlassung jeglicher milit\u00e4rischer Drohgeb\u00e4rden im Rahmen der NATO und EU, einschlie\u00dflich der Erh\u00f6hung des Verteidigungsetats und der Stationierung rotierender Bundeswehr-Kontingente im Baltikum, um Vertrauen als Voraussetzung f\u00fcr Dialog wieder herzustellen;<\/em><\/p>\n<p><em>2. \u2026Einladung Russlands zu Gespr\u00e4chen auf h\u00f6chster Regierungsebene, um Einigkeit \u00fcber eine rasche Abschaffung der Wirtschaftssanktionen, eine Normalisierung der Beziehungen und eine Perspektive f\u00fcr regionale Kooperations- und Integrationsabkommen im paneurasischen Kontext herzustellen;<\/em><\/p>\n<p><em>3. \u2026Einberufung einer parit\u00e4tisch besetzten Historiker- und Expertenkommission, die den Konfliktgegenstand Ukraine, der den destruktiven Sanktionen und Aufr\u00fcstung auf beiden Seiten zugrunde liegt, transparent nach wissenschaftlichen Standards aufarbeitet und damit tendenzi\u00f6se, irref\u00fchrende mediale und politische Narrativen \u00fcberfl\u00fcssig macht;<\/em><\/p>\n<p><em>4. \u2026Ausbau kultureller, wissenschaftlicher und wirtschaftlicher Formen der Zusammenarbeit mit Russland auf den Ebenen von Zivilgesell\u00adschaft, Medien und Politik, um Vertrauensbildung durch Dialog zu erzielen.<\/em><\/p>\n<p><em>Begr\u00fcndung:<\/em><br \/>\n<em> Wir Unterzeichner erinnern daran, dass es angesichts der leidvollen historischen Erfahrungen die erste Pflicht der politischen Repr\u00e4sentanten Deutschlands ist, mit nichtmilit\u00e4rischen Ma\u00dfnahmen f\u00fcr Frieden und eine tragf\u00e4hige Partnerschaft mit Russland zu sorgen. F\u00fcr uns ist Frieden durch eine bis nach Russland erweiterte europ\u00e4ische Zusammenarbeit alternativlos.<\/em><\/p>\n<p>&nbsp;<\/p>\n","protected":false},"excerpt":{"rendered":"<p>Liebe Freidenkerin, lieber Freidenker, liebe Freunde,\u00a0wir laden ein zu unserer n\u00e4chsten \u00f6ffentlichen \u201eBerliner Runde \u2013 Freidenker im Gespr\u00e4ch\u201c am\u00a0Mittwoch, dem 14. September\u00a02016, 18.00 Uhr\u00a0 im Klub der Volkssolidarit\u00e4t, Torstr. 203 \u2013 205, 10115 Berlin* \u201eFriedensfahrt Berlin-Moskau 2016\u201c Es berichten Freidenker, die an der Fahrt teilgenommen haben. Die Friedensfahrt mit rund 250 Teilnehmern und Teilnehmerinnen, die [&hellip;]<\/p>\n","protected":false},"author":4,"featured_media":0,"comment_status":"open","ping_status":"open","sticky":false,"template":"","format":"standard","meta":{"jetpack_post_was_ever_published":false,"_jetpack_newsletter_access":"","_jetpack_dont_email_post_to_subs":false,"_jetpack_newsletter_tier_id":0,"_jetpack_memberships_contains_paywalled_content":false,"_jetpack_memberships_contains_paid_content":false,"footnotes":""},"categories":[49,14,30,46,22,45,47,175,21,13],"tags":[300,230,302,301,107],"class_list":["post-2621","post","type-post","status-publish","format-standard","hentry","category-aufklaerung","category-aktivitaeten-des-dfv-berlin","category-europa","category-freidenker-im-gespraech","category-friedensaktionen","category-friedensbewegung","category-nation","category-nato","category-politik","category-veranstaltungen","tag-rechte","tag-friedensfahrt","tag-geschichtsrevisionismus","tag-opablog","tag-russland"],"jetpack_featured_media_url":"","jetpack_shortlink":"https:\/\/wp.me\/py5dN-Gh","jetpack_sharing_enabled":true,"_links":{"self":[{"href":"https:\/\/www.berlin.freidenker.org\/index.php?rest_route=\/wp\/v2\/posts\/2621","targetHints":{"allow":["GET"]}}],"collection":[{"href":"https:\/\/www.berlin.freidenker.org\/index.php?rest_route=\/wp\/v2\/posts"}],"about":[{"href":"https:\/\/www.berlin.freidenker.org\/index.php?rest_route=\/wp\/v2\/types\/post"}],"author":[{"embeddable":true,"href":"https:\/\/www.berlin.freidenker.org\/index.php?rest_route=\/wp\/v2\/users\/4"}],"replies":[{"embeddable":true,"href":"https:\/\/www.berlin.freidenker.org\/index.php?rest_route=%2Fwp%2Fv2%2Fcomments&post=2621"}],"version-history":[{"count":16,"href":"https:\/\/www.berlin.freidenker.org\/index.php?rest_route=\/wp\/v2\/posts\/2621\/revisions"}],"predecessor-version":[{"id":2658,"href":"https:\/\/www.berlin.freidenker.org\/index.php?rest_route=\/wp\/v2\/posts\/2621\/revisions\/2658"}],"wp:attachment":[{"href":"https:\/\/www.berlin.freidenker.org\/index.php?rest_route=%2Fwp%2Fv2%2Fmedia&parent=2621"}],"wp:term":[{"taxonomy":"category","embeddable":true,"href":"https:\/\/www.berlin.freidenker.org\/index.php?rest_route=%2Fwp%2Fv2%2Fcategories&post=2621"},{"taxonomy":"post_tag","embeddable":true,"href":"https:\/\/www.berlin.freidenker.org\/index.php?rest_route=%2Fwp%2Fv2%2Ftags&post=2621"}],"curies":[{"name":"wp","href":"https:\/\/api.w.org\/{rel}","templated":true}]}}