{"id":2725,"date":"2016-09-27T12:27:03","date_gmt":"2016-09-27T10:27:03","guid":{"rendered":"http:\/\/www.berlin.freidenker.org\/?p=2725"},"modified":"2016-09-27T12:33:19","modified_gmt":"2016-09-27T10:33:19","slug":"zum-verwirrspiel-um-den-8-10","status":"publish","type":"post","link":"https:\/\/www.berlin.freidenker.org\/?p=2725","title":{"rendered":"Zum Verwirrspiel um den 8. 10."},"content":{"rendered":"<h3 style=\"text-align: center;\">&#8222;Bundesweite Friedensdemonstration am 8. Oktober 2016 in Berlin&#8220; versus Friedensdemonstration am 8. Oktober 2016 in Berlin &#8222;Die Waffen nieder&#8220;<\/h3>\n<h4 style=\"text-align: center;\">Erl\u00e4uterungen von Klaus Hartmann<\/h4>\n<p>&nbsp;<\/p>\n<p><em>Liebe Freundinnen, liebe Freunde,<\/em><\/p>\n<p><em>immer wieder gibt es bei manchen Irritationen, wenn sie Mails von einem omin\u00f6sen Absender &#8222;Friedensbewegung&#8220;erhalten. <\/em><\/p>\n<p><em>Der als Ergebnis der Dortmunder Konferenz der Friedensbewegung am 02.07.2016 entstandene Aufruftext\u00a0 (Die Waffen nieder&#8230;) wurde mit Presseerkl\u00e4rung am 06.07.16 sowie auf zahlreichen\u00a0 Internetseiten von Friedensorganisationen bekannt gemacht. Der Aufruf kann ab 22.07.2016 auch online unterzeichnet werden.<\/em><\/p>\n<p><em>Umso verbl\u00fcffender, dass am 20.07.2016 eine weitere Presserkl\u00e4rung verbreitet wurde, Absender &#8222;Friedensbewegung&#8220;, die zum selben Datum am selben Ort zu einer &#8222;Bundesweiten Friedensdemonstration&#8220; einl\u00e4dt, dazu aber einen anderen Aufruf verbreitet. Nun war von Anfang an bei den Initiatoren unumstritten, dass alle Gruppen und Initiativen auch jederzeit mit eigenen Einladungen, Aufrufen und Plattformen nach Berlin mobilisieren k\u00f6nnen. Nicht der Umstand des eigenen Aufrufs, auch nicht sein Inhalt ist das Problem, sondern dass hier so getan wird, als sei &#8222;diese&#8220; Demo &#8222;die eigentliche&#8220; bundesweite Demo. Ein Blick auf die Website offenbart: Diese &#8222;Friedensbewegung&#8220; ist die der Internetseite &#8222;Die Rote Fahne&#8220;, &#8222;Begr\u00fcndet 1918 von Karl Liebknecht &amp; Rosa Luxemburg\u00a0 1992 von Stephan Steins&#8220;. Die hier dokumentierte Bescheidenheit setzt sich konsequent in der Friedensbewegungs-Darstellung und der Veranstaltung der bundesweiten Demo durch selbigen fort.<\/em><\/p>\n<p><em>Doris Pumphrey (FriKo Berlin) nennt es &#8222;einfach scheinheilig, wenn sie so tun als w\u00e4re es nur ein Zufall, dass genau am gleichen Ort zur gleichen Zeit neben ihrer eine &#8218;zweite Demonstration&#8216; stattfindet, &#8230; im<u> besten Fall<\/u> Trittbrettfahrerei, sich an die allgemeine Demo ranzuh\u00e4ngen, um die gesamte Veranstaltung als ihre zu verkaufen&#8220;. Das ist ein Verwirrspiel, das verwirren wird, das absichtlich Verwirrung schaffen soll: Steins hat offenbar Uli Gellermann (Rationalgalerie), <span class=\"CahootsID_bb1a348c0940b1862f3b7a8d5dbef5426ef6fc29 tooltipstered\">Albrecht M\u00fcller<\/span> (Nachdenkseiten), Fee Strieffler\/Wolfgang Jung (Ramsteiner Appell), Eveline Hecht-Galinski und auch mich als Redner angefragt &#8211; aber die Befragten (sofern sie es nicht schon selbst wussten) im Unklaren gelassen, um welche Demo es sich nun handelt. Objektiv stellt dies eine Diversion dar, gerichtet gegen das oben genannte Ziel: &#8222;wieder eine gemeinsame Friedensbewegung auf die Stra\u00dfe zu bringen&#8220;. <\/em><\/p>\n<p><em>Doris und George schreiben weiter, worauf sie wiederholt aufmerksam machen: &#8222;Der Gegner wird alle Register ziehn, um zu verhindern, dass es wieder eine vereinte gro\u00dfe Friedensbewegung gibt. Er tut das seit \u00fcber zwei Jahren und die NATO-Geheimdienste werden ganz besonders aktiv werden, um die Vorbereitung f\u00fcr eine gemeinsame gro\u00dfe Demonstration am 8. Oktober zu erschweren, mit Verwirrung, Diversion, Denunziation und internem Streit. Steins&#8216; Rolle erg\u00e4nzt die Rolle der Verfechter der Inquisition in der Friedensbewegung: In unterschiedlichen Variationen als &#8222;Friedensaktivisten&#8220; aktiv, um Friedensbewegung zu verunsichern, verwirren, zerstreiten, ihr notwendiges Anwachsen zu verhindern &#8211; Anwachsen als breite Bewegung, die sehr unterscheidliches politisches Bewusstein nur in einem Punkt zusammenbringt und gemeinsam agieren l\u00e4sst: gegen Krieg.\u00a0 Wir werden in Zukunft diesbez\u00fcglich noch viel erleben&#8230;&#8220;.<\/em><\/p>\n<p><em>Diese Zeilen schrieb ich bereits am 21.07.2016 an einige Friedensfreundinnen und -freunde, &#8222;zur Aufl\u00f6sung der Verwirrung, die Herr Steins mit &#8217;seiner&#8216; bundesweiten Friedensdemo anrichtet&#8220;. Inzwischen hat der Gro\u00dfe Vorsitzende Steins noch eins draufgesetzt, und verbreitet im Namen seines ZK (das er FbK nennt, steht f\u00fcr &#8222;Friedensbewegung bundesweite Koordination&#8220;) die Nachricht: <\/em><\/p>\n<p><em>&#8222;Selbstverst\u00e4ndlich hat auch die FbK nichts dagegen und w\u00fcrde es durchaus begr\u00fcssen, wenn sich\u00a0Laura von Wimmersperg, Klaus Hartmann und auch Reiner Braun etc. mit ihren &#8222;Die Waffen nieder&#8220;-Fahnen an der bundesweiten Friedensdemonstration beteiligen\u00a0w\u00fcrden.&#8220; Ist das zum Lachen? Man k\u00f6nnte fragen, ob der gesch\u00e4tzte Autor noch alle Latten am Zaun hat, ob \u00e4rztliche Hilfe hier was auszurichten vermag? Das Problem, wie oben schon bemerkt, liegt wohl tiefer: Spaltung ist das Ziel. <\/em><\/p>\n<p><em>Daher werden wir uns schon auf die Erfolgsmeldung einstellen k\u00f6nnen, dass die Teilnehmer der Demo am 08.10. in Berlin nat\u00fcrlich dem Steins-Aufruf gefolgt sind, alle anderen haben sich eingereiht. Bleibt nur &#8211; unbeirrt zu bleiben und f\u00fcr die Demo noch st\u00e4rker zu mobilisieren.<\/em><\/p>\n<p><em>Herzliche Gr\u00fc\u00dfe<\/em><br \/>\n<em>Klaus Hartmann<\/em><\/p>\n<hr \/>\n<p><strong>Hinweis der Webredaktion:<\/strong><\/p>\n<p><strong>Die exakten Termindaten zu beiden Veranstaltungen sind\u00a0<a href=\"https:\/\/www.berlin.freidenker.org\/?page_id=1936\" target=\"_blank\">hier<\/a>\u00a0zu finden.<\/strong><\/p>\n<p>&nbsp;<\/p>\n","protected":false},"excerpt":{"rendered":"<p>&#8222;Bundesweite Friedensdemonstration am 8. Oktober 2016 in Berlin&#8220; versus Friedensdemonstration am 8. Oktober 2016 in Berlin &#8222;Die Waffen nieder&#8220; Erl\u00e4uterungen von Klaus Hartmann &nbsp; Liebe Freundinnen, liebe Freunde, immer wieder gibt es bei manchen Irritationen, wenn sie Mails von einem omin\u00f6sen Absender &#8222;Friedensbewegung&#8220;erhalten. Der als Ergebnis der Dortmunder Konferenz der Friedensbewegung am 02.07.2016 entstandene Aufruftext\u00a0 [&hellip;]<\/p>\n","protected":false},"author":4,"featured_media":0,"comment_status":"open","ping_status":"open","sticky":false,"template":"","format":"standard","meta":{"jetpack_post_was_ever_published":false,"_jetpack_newsletter_access":"","_jetpack_dont_email_post_to_subs":false,"_jetpack_newsletter_tier_id":0,"_jetpack_memberships_contains_paywalled_content":false,"_jetpack_memberships_contains_paid_content":false,"footnotes":""},"categories":[1,49,22,45,24,47,175,21,8,13],"tags":[309,59,308,202,311],"class_list":["post-2725","post","type-post","status-publish","format-standard","hentry","category-allgemein","category-aufklaerung","category-friedensaktionen","category-friedensbewegung","category-friko-berlin","category-nation","category-nato","category-politik","category-standpunkte","category-veranstaltungen","tag-die-waffen-nieder","tag-freidenker","tag-friedensdemo-8-10","tag-klaus-hartmann","tag-steins"],"jetpack_featured_media_url":"","jetpack_shortlink":"https:\/\/wp.me\/py5dN-HX","jetpack_sharing_enabled":true,"_links":{"self":[{"href":"https:\/\/www.berlin.freidenker.org\/index.php?rest_route=\/wp\/v2\/posts\/2725","targetHints":{"allow":["GET"]}}],"collection":[{"href":"https:\/\/www.berlin.freidenker.org\/index.php?rest_route=\/wp\/v2\/posts"}],"about":[{"href":"https:\/\/www.berlin.freidenker.org\/index.php?rest_route=\/wp\/v2\/types\/post"}],"author":[{"embeddable":true,"href":"https:\/\/www.berlin.freidenker.org\/index.php?rest_route=\/wp\/v2\/users\/4"}],"replies":[{"embeddable":true,"href":"https:\/\/www.berlin.freidenker.org\/index.php?rest_route=%2Fwp%2Fv2%2Fcomments&post=2725"}],"version-history":[{"count":10,"href":"https:\/\/www.berlin.freidenker.org\/index.php?rest_route=\/wp\/v2\/posts\/2725\/revisions"}],"predecessor-version":[{"id":2739,"href":"https:\/\/www.berlin.freidenker.org\/index.php?rest_route=\/wp\/v2\/posts\/2725\/revisions\/2739"}],"wp:attachment":[{"href":"https:\/\/www.berlin.freidenker.org\/index.php?rest_route=%2Fwp%2Fv2%2Fmedia&parent=2725"}],"wp:term":[{"taxonomy":"category","embeddable":true,"href":"https:\/\/www.berlin.freidenker.org\/index.php?rest_route=%2Fwp%2Fv2%2Fcategories&post=2725"},{"taxonomy":"post_tag","embeddable":true,"href":"https:\/\/www.berlin.freidenker.org\/index.php?rest_route=%2Fwp%2Fv2%2Ftags&post=2725"}],"curies":[{"name":"wp","href":"https:\/\/api.w.org\/{rel}","templated":true}]}}