{"id":2751,"date":"2016-09-29T23:31:41","date_gmt":"2016-09-29T21:31:41","guid":{"rendered":"http:\/\/www.berlin.freidenker.org\/?p=2751"},"modified":"2016-10-01T23:58:12","modified_gmt":"2016-10-01T21:58:12","slug":"neu-zwei-wichtige-termine-am-1-10-neu","status":"publish","type":"post","link":"https:\/\/www.berlin.freidenker.org\/?p=2751","title":{"rendered":"Neu!!! Zwei wichtige Termine am 1.10. Neu!!!"},"content":{"rendered":"<h3 style=\"text-align: center;\">Bitte rechts den Button &#8222;Termine und Veranstaltungen&#8220; klicken!<\/h3>\n<div><span style=\"color: #0000ff;\"><em>Die \u201eSyrische Gemeinde in Deutschland und Europa\u201c und die sie unterst\u00fctzenden Organisationen und Initiativen veranstalten am kommenden Samstag die nachstehende Kundgebung.\u00a0<\/em><\/span><\/div>\n<div><span style=\"color: #0000ff;\">\u00a0<\/span><\/div>\n<div><span style=\"color: #0000ff;\"><em><b>Datum: Samstag, 01.10.2016<br \/>\nWo: Beim Brandenburger Tor \u2013 Vor der US-Botschaft \u2013 Pariser Platz 2, 10117 Berlin<br \/>\nUhrzeit: 13:30 Uhr (Bitte p\u00fcnktlich erscheinen !)<\/b><\/em><\/span><\/div>\n<div><em><b><br \/>\n<\/b><span style=\"color: #ff0000;\"><b>Die Friedensfahrer (Berlin-Moskau-Berlin) treffen sich zur von <span id=\":60i.7\" class=\"\">Ken<\/span><span id=\":60i.8\" class=\"\">Jebsen<\/span> initiierten Demo am 01.10. um 11:55 Uhr vor dem Kanzleramt in Berlin und werden dort noch letzte<span id=\":60i.9\" class=\"\">Petitions<\/span>-Unterschriften sammeln f\u00fcr die \u00dcbergabe am 03.10. in Dresden.<\/b><\/span><\/em><\/div>\n<h4 style=\"text-align: center;\"><strong>Zus\u00e4tzlich ausf\u00fchrliche Informationen \u00fcber beide Veranstaltungen auf<a href=\"https:\/\/opablog.net\/2016\/09\/29\/1-10-kanzleramt\/\" target=\"_blank\"> opablog.<\/a><\/strong><\/h4>\n","protected":false},"excerpt":{"rendered":"<p>Bitte rechts den Button &#8222;Termine und Veranstaltungen&#8220; klicken! Die \u201eSyrische Gemeinde in Deutschland und Europa\u201c und die sie unterst\u00fctzenden Organisationen und Initiativen veranstalten am kommenden Samstag die nachstehende Kundgebung.\u00a0 \u00a0 Datum: Samstag, 01.10.2016 Wo: Beim Brandenburger Tor \u2013 Vor der US-Botschaft \u2013 Pariser Platz 2, 10117 Berlin Uhrzeit: 13:30 Uhr (Bitte p\u00fcnktlich erscheinen !) Die [&hellip;]<\/p>\n","protected":false},"author":4,"featured_media":0,"comment_status":"open","ping_status":"open","sticky":false,"template":"","format":"standard","meta":{"jetpack_post_was_ever_published":false,"_jetpack_newsletter_access":"","_jetpack_dont_email_post_to_subs":false,"_jetpack_newsletter_tier_id":0,"_jetpack_memberships_contains_paywalled_content":false,"_jetpack_memberships_contains_paid_content":false,"footnotes":""},"categories":[22,45,175,21,23,13],"tags":[41,301,313],"class_list":["post-2751","post","type-post","status-publish","format-standard","hentry","category-friedensaktionen","category-friedensbewegung","category-nato","category-politik","category-syrien","category-veranstaltungen","tag-ken-jebsen","tag-opablog","tag-syrien"],"jetpack_featured_media_url":"","jetpack_shortlink":"https:\/\/wp.me\/py5dN-In","jetpack_sharing_enabled":true,"_links":{"self":[{"href":"https:\/\/www.berlin.freidenker.org\/index.php?rest_route=\/wp\/v2\/posts\/2751","targetHints":{"allow":["GET"]}}],"collection":[{"href":"https:\/\/www.berlin.freidenker.org\/index.php?rest_route=\/wp\/v2\/posts"}],"about":[{"href":"https:\/\/www.berlin.freidenker.org\/index.php?rest_route=\/wp\/v2\/types\/post"}],"author":[{"embeddable":true,"href":"https:\/\/www.berlin.freidenker.org\/index.php?rest_route=\/wp\/v2\/users\/4"}],"replies":[{"embeddable":true,"href":"https:\/\/www.berlin.freidenker.org\/index.php?rest_route=%2Fwp%2Fv2%2Fcomments&post=2751"}],"version-history":[{"count":4,"href":"https:\/\/www.berlin.freidenker.org\/index.php?rest_route=\/wp\/v2\/posts\/2751\/revisions"}],"predecessor-version":[{"id":2757,"href":"https:\/\/www.berlin.freidenker.org\/index.php?rest_route=\/wp\/v2\/posts\/2751\/revisions\/2757"}],"wp:attachment":[{"href":"https:\/\/www.berlin.freidenker.org\/index.php?rest_route=%2Fwp%2Fv2%2Fmedia&parent=2751"}],"wp:term":[{"taxonomy":"category","embeddable":true,"href":"https:\/\/www.berlin.freidenker.org\/index.php?rest_route=%2Fwp%2Fv2%2Fcategories&post=2751"},{"taxonomy":"post_tag","embeddable":true,"href":"https:\/\/www.berlin.freidenker.org\/index.php?rest_route=%2Fwp%2Fv2%2Ftags&post=2751"}],"curies":[{"name":"wp","href":"https:\/\/api.w.org\/{rel}","templated":true}]}}