{"id":2775,"date":"2016-10-04T06:08:31","date_gmt":"2016-10-04T04:08:31","guid":{"rendered":"http:\/\/www.berlin.freidenker.org\/?p=2775"},"modified":"2016-10-04T06:08:31","modified_gmt":"2016-10-04T04:08:31","slug":"ein-breites-buendnis-ruft-zur-friedensdemo-am-8-10-nach-berlin","status":"publish","type":"post","link":"https:\/\/www.berlin.freidenker.org\/?p=2775","title":{"rendered":"Ein breites B\u00fcndnis ruft zur Friedensdemo am 8. 10. nach Berlin"},"content":{"rendered":"<p>Nicht weniger als 186 Initiativen und Organisationen rufen (neben weit \u00fcber tausend Einzelpersonen) zur Friedensdemo<\/p>\n<h4>&#8222;Die Waffen nieder!!!\u00a0Kooperation statt NATO-Konfrontation, Abr\u00fcstung statt Sozialabbau&#8220;<\/h4>\n<p>am 8.10. nach Berlin. <a href=\"http:\/\/friedensdemo.org\/unterschriften-initiativenorganisationen\/\" target=\"_blank\">Hier <\/a>kann jeder und jede Interesssierte die Liste einsehen.<\/p>\n<p>Damit ist schon jetzt, \u00fcber viele Meinungsunterschiede hinweg, das Zeichen gesetzt, dass der Einsatz f\u00fcr den Frieden nicht eine Art Privileg weniger\u00a0Gesinnungsgepr\u00fcfter sein kann. Einerseits sind es die Einheit und Bestimmtheit einer Bewegung, die ihre Kraft ausmachen. Doch auf der anderen Seite wiegen\u00a0Vielfalt und Breite ebenso schwer. Die Menschen sind verschieden, die politischen Kr\u00e4fte unterscheiden sich, aber die Bereitschaft sich f\u00fcr den Frieden einzusetzen ist eine der tiefsten Gemeinsamkeiten. Sie ist so umfassend, dass die Friedensbewegung eigentlich die 99%, von denen Blockupy immer spricht, vertreten sollte. Nur die offenen oder verkappten Friedensfeinde bleiben au\u00dfen vor.<\/p>\n<p>Sich in dieser Breite zu vereinen, bedeutet Toleranz zu \u00fcben, Spannungen auszuhalten und Streit im Interesse der Sache nicht zu vermeiden. Der Aufruf der Demo (<a href=\"http:\/\/friedensdemo.org\/aufruf-zur-demonstration-am-08-10-2016-in-berlin\/\" target=\"_blank\">hier ist der Text<\/a>) ist kein Gebetskanon. Es darf weitergedacht werden! Weitergehende Sichtweisen und Ziele &#8222;d\u00fcrfen&#8220; erkl\u00e4rt werden. Alles Andere w\u00e4re ja der Tod einer solchen Bewegung.<\/p>\n<p>Deshalb unterst\u00fctzen wir Freidenker die Demo mit aller Kraft. Weil sie<\/p>\n<ul>\n<li>f\u00fcr alle Friedenswilligen offen ist<\/li>\n<li>sich von offenen und verkappten Friedensfeinden abgrenzt<\/li>\n<li>Raum gibt f\u00fcr Forderungen, die im Interesse des Friedens weitergehen.<\/li>\n<\/ul>\n","protected":false},"excerpt":{"rendered":"<p>Nicht weniger als 186 Initiativen und Organisationen rufen (neben weit \u00fcber tausend Einzelpersonen) zur Friedensdemo &#8222;Die Waffen nieder!!!\u00a0Kooperation statt NATO-Konfrontation, Abr\u00fcstung statt Sozialabbau&#8220; am 8.10. nach Berlin. Hier kann jeder und jede Interesssierte die Liste einsehen. Damit ist schon jetzt, \u00fcber viele Meinungsunterschiede hinweg, das Zeichen gesetzt, dass der Einsatz f\u00fcr den Frieden nicht eine [&hellip;]<\/p>\n","protected":false},"author":4,"featured_media":0,"comment_status":"open","ping_status":"open","sticky":false,"template":"","format":"standard","meta":{"jetpack_post_was_ever_published":false,"_jetpack_newsletter_access":"","_jetpack_dont_email_post_to_subs":false,"_jetpack_newsletter_tier_id":0,"_jetpack_memberships_contains_paywalled_content":false,"_jetpack_memberships_contains_paid_content":false,"footnotes":""},"categories":[30,22,45,47,175,21,8,13],"tags":[309,308],"class_list":["post-2775","post","type-post","status-publish","format-standard","hentry","category-europa","category-friedensaktionen","category-friedensbewegung","category-nation","category-nato","category-politik","category-standpunkte","category-veranstaltungen","tag-die-waffen-nieder","tag-friedensdemo-8-10"],"jetpack_featured_media_url":"","jetpack_shortlink":"https:\/\/wp.me\/py5dN-IL","jetpack_sharing_enabled":true,"_links":{"self":[{"href":"https:\/\/www.berlin.freidenker.org\/index.php?rest_route=\/wp\/v2\/posts\/2775","targetHints":{"allow":["GET"]}}],"collection":[{"href":"https:\/\/www.berlin.freidenker.org\/index.php?rest_route=\/wp\/v2\/posts"}],"about":[{"href":"https:\/\/www.berlin.freidenker.org\/index.php?rest_route=\/wp\/v2\/types\/post"}],"author":[{"embeddable":true,"href":"https:\/\/www.berlin.freidenker.org\/index.php?rest_route=\/wp\/v2\/users\/4"}],"replies":[{"embeddable":true,"href":"https:\/\/www.berlin.freidenker.org\/index.php?rest_route=%2Fwp%2Fv2%2Fcomments&post=2775"}],"version-history":[{"count":4,"href":"https:\/\/www.berlin.freidenker.org\/index.php?rest_route=\/wp\/v2\/posts\/2775\/revisions"}],"predecessor-version":[{"id":2779,"href":"https:\/\/www.berlin.freidenker.org\/index.php?rest_route=\/wp\/v2\/posts\/2775\/revisions\/2779"}],"wp:attachment":[{"href":"https:\/\/www.berlin.freidenker.org\/index.php?rest_route=%2Fwp%2Fv2%2Fmedia&parent=2775"}],"wp:term":[{"taxonomy":"category","embeddable":true,"href":"https:\/\/www.berlin.freidenker.org\/index.php?rest_route=%2Fwp%2Fv2%2Fcategories&post=2775"},{"taxonomy":"post_tag","embeddable":true,"href":"https:\/\/www.berlin.freidenker.org\/index.php?rest_route=%2Fwp%2Fv2%2Ftags&post=2775"}],"curies":[{"name":"wp","href":"https:\/\/api.w.org\/{rel}","templated":true}]}}