{"id":2785,"date":"2016-10-05T11:18:37","date_gmt":"2016-10-05T09:18:37","guid":{"rendered":"http:\/\/www.berlin.freidenker.org\/?p=2785"},"modified":"2016-10-05T11:18:37","modified_gmt":"2016-10-05T09:18:37","slug":"rainer-rupp-zur-demo-am-8-10-die-waffen-nieder","status":"publish","type":"post","link":"https:\/\/www.berlin.freidenker.org\/?p=2785","title":{"rendered":"Rainer Rupp zur Demo am 8.10. &#8222;Die Waffen nieder&#8220;"},"content":{"rendered":"<p>Zu weiteren Verwirrspielen um die gro\u00dfe Friedensdemo in Berlin am 8.10. \u00a0\u00e4u\u00dfert sich qualifiziert und k\u00e4mpferisch, wie gewohnt, Rainer Rupp bei rtdeutsch:<\/p>\n<h1 class=\"article__heading \" style=\"text-align: center;\">&#8222;Linke Friedenst\u00e4ubchen flattern f\u00fcr Kriegstreiber&#8220;<\/h1>\n<p>&#8222;Gegen aktuelle Kriege und eine Konfrontationspolitik gegen Russland wird am Samstag, dem 8. Oktober, in Berlin eine von etwa 200 Organisationen unterst\u00fctzte Protestdemo stattfinden. &#8222;Linke&#8220; Gesinnungstaliban attackieren die Aktion bereits im Vorfeld.&#8220;<\/p>\n<h3 style=\"text-align: center;\"><a href=\"https:\/\/deutsch.rt.com\/meinung\/41533-linke-friedenstaubchen-flattern-fur-kriegstreiber\/\" target=\"_blank\">Weiterlesen hier!<\/a><\/h3>\n","protected":false},"excerpt":{"rendered":"<p>Zu weiteren Verwirrspielen um die gro\u00dfe Friedensdemo in Berlin am 8.10. \u00a0\u00e4u\u00dfert sich qualifiziert und k\u00e4mpferisch, wie gewohnt, Rainer Rupp bei rtdeutsch: &#8222;Linke Friedenst\u00e4ubchen flattern f\u00fcr Kriegstreiber&#8220; &#8222;Gegen aktuelle Kriege und eine Konfrontationspolitik gegen Russland wird am Samstag, dem 8. Oktober, in Berlin eine von etwa 200 Organisationen unterst\u00fctzte Protestdemo stattfinden. &#8222;Linke&#8220; Gesinnungstaliban attackieren die [&hellip;]<\/p>\n","protected":false},"author":4,"featured_media":0,"comment_status":"open","ping_status":"open","sticky":false,"template":"","format":"standard","meta":{"jetpack_post_was_ever_published":false,"_jetpack_newsletter_access":"","_jetpack_dont_email_post_to_subs":false,"_jetpack_newsletter_tier_id":0,"_jetpack_memberships_contains_paywalled_content":false,"_jetpack_memberships_contains_paid_content":false,"footnotes":""},"categories":[49,22,45,175,21,8,13],"tags":[310,309,181,274],"class_list":["post-2785","post","type-post","status-publish","format-standard","hentry","category-aufklaerung","category-friedensaktionen","category-friedensbewegung","category-nato","category-politik","category-standpunkte","category-veranstaltungen","tag-demo-8-10","tag-die-waffen-nieder","tag-rainer-rupp","tag-rtdeutsch"],"jetpack_featured_media_url":"","jetpack_shortlink":"https:\/\/wp.me\/py5dN-IV","jetpack_sharing_enabled":true,"_links":{"self":[{"href":"https:\/\/www.berlin.freidenker.org\/index.php?rest_route=\/wp\/v2\/posts\/2785","targetHints":{"allow":["GET"]}}],"collection":[{"href":"https:\/\/www.berlin.freidenker.org\/index.php?rest_route=\/wp\/v2\/posts"}],"about":[{"href":"https:\/\/www.berlin.freidenker.org\/index.php?rest_route=\/wp\/v2\/types\/post"}],"author":[{"embeddable":true,"href":"https:\/\/www.berlin.freidenker.org\/index.php?rest_route=\/wp\/v2\/users\/4"}],"replies":[{"embeddable":true,"href":"https:\/\/www.berlin.freidenker.org\/index.php?rest_route=%2Fwp%2Fv2%2Fcomments&post=2785"}],"version-history":[{"count":1,"href":"https:\/\/www.berlin.freidenker.org\/index.php?rest_route=\/wp\/v2\/posts\/2785\/revisions"}],"predecessor-version":[{"id":2786,"href":"https:\/\/www.berlin.freidenker.org\/index.php?rest_route=\/wp\/v2\/posts\/2785\/revisions\/2786"}],"wp:attachment":[{"href":"https:\/\/www.berlin.freidenker.org\/index.php?rest_route=%2Fwp%2Fv2%2Fmedia&parent=2785"}],"wp:term":[{"taxonomy":"category","embeddable":true,"href":"https:\/\/www.berlin.freidenker.org\/index.php?rest_route=%2Fwp%2Fv2%2Fcategories&post=2785"},{"taxonomy":"post_tag","embeddable":true,"href":"https:\/\/www.berlin.freidenker.org\/index.php?rest_route=%2Fwp%2Fv2%2Ftags&post=2785"}],"curies":[{"name":"wp","href":"https:\/\/api.w.org\/{rel}","templated":true}]}}