{"id":2788,"date":"2016-10-06T01:27:17","date_gmt":"2016-10-05T23:27:17","guid":{"rendered":"http:\/\/www.berlin.freidenker.org\/?p=2788"},"modified":"2016-10-05T21:29:10","modified_gmt":"2016-10-05T19:29:10","slug":"die-waffen-nieder-raus-aus-der-nato-das-sollen-gegensaetze-sein","status":"publish","type":"post","link":"https:\/\/www.berlin.freidenker.org\/?p=2788","title":{"rendered":"&#8222;Die Waffen nieder!&#8220; \/\/ &#8222;Raus aus der NATO!&#8220; &#8211; Das sollen Gegens\u00e4tze sein???"},"content":{"rendered":"<p>Dass beide Forderungen unterschiedlich akzentuieren, liegt auf der Hand. Aber unvereinbare Gegens\u00e4tze? So verschieden, dass unbedingt ZWEI voneinander abgegrenzte Veranstaltungen n\u00f6tig sind?<\/p>\n<p>Grunds\u00e4tzlich wird kein Friedensfreund und keine Freundin den ehrw\u00fcrdigen <a href=\"https:\/\/de.wikipedia.org\/wiki\/Die_Waffen_nieder!\" target=\"_blank\">Slogan der Bertha von Suttner <\/a>\u201eDie Waffen nieder!\u201c (bekanntlich ein Romantitel aus dem Jahr 1889) gering sch\u00e4tzen. Folgt nicht selbst heute die Waffenstillstandsvereinbarung zwischen Russland und den USA vom 9. September 2016 diesem Prinzip? \u2013 In einen Krieg verstrickte, tats\u00e4chlich oder angeblich f\u00fcr humanit\u00e4re Werte k\u00e4mpfende, BERECHENBARE M\u00e4chte einigen sich, die Waffen schweigen zu lassen. Zun\u00e4chst f\u00fcr einen begrenzten Zeitraum aber mit der Option auf Verl\u00e4ngerung.<\/p>\n<p>Die Betonung liegt auf \u201eberechenbar, humanit\u00e4ren Werten verpflichtet\u201c.<\/p>\n<p>Was sp\u00e4ter als Faschismus in die Welt gehievt wurde oder heute als gewaltt\u00e4tiger Extremismus\/Terrorismus, das konnte sich Bertha von Suttner nicht vorstellen. Ich zweifle, dass sie sich gegen\u00fcber diesen Kriegsungeheuern auf die h\u00f6fliche Empfehlung, \u201edie Waffen niederzulegen\u201c beschr\u00e4nkt h\u00e4tte.\u00a0Wie es auch sei. Unsere beiden, (wirklich oder angeblich) humanit\u00e4ren Werten verpflichteten M\u00e4chte Russland und USA waren sich v\u00f6llig einig: Die Vernichtung der Terroristen IS und Al Nusra wird fortgesetzt auch w\u00e4hrend der Laufzeit des Waffenstillstands und zwar gemeinsam.<\/p>\n<p>\u201eDie Waffen nieder!\u201c dr\u00fcckt also keineswegs einen ohnm\u00e4chtigen W\u00fcnsch aus und ist schon gar nicht die Feigheit, den\/die Angreifer beim Namen zu nennen. Diese Losung ist der entschiedenste Aufruf, Verantwortung f\u00fcr den Frieden zu \u00fcbernehmen, Imperialismus und Aggression aufzudecken und schlie\u00dft nicht aus, faschistische (oder gleichartige) M\u00f6rder als letztes Machtmittel mit Gewalt zu stoppen.<\/p>\n<p>Wer behauptet \u201eDie Waffen nieder!\u201c hindere daran, die aggressive Politik der NATO beim Namen zu nennen, der sollte noch einmal neu nachdenken. Das Gegenteil ist der Fall.<\/p>\n<p>Die Freidenker halten sich zugute, aktiver Teil der \u201ealten\u201c, \u201etraditionell verwurzelten\u201c Friedensbewegung zu sein. Das hat sie nie gehindert, in den verwickelten K\u00e4mpfen unserer Zeit klar zwischen Angreifer und Angegriffenem zu unterscheiden. Insbesondere die ber\u00fcchtigte \u201e\u00c4quidistanz zwischen den Konfliktparteien\u201c in Syrien oder der Ukraine haben die Freidenker nie eingenommen. Seit Jahr und Tag prangern sie die aggressive Politik der USA \u00a0und der von den aggressivsten imperialistischen Kr\u00e4ften gesteuerten NATO gegen Russland an. Seit Jahr und Tag sammeln die Freidenker Unterschriften f\u00fcr den Appell:<\/p>\n<h4 style=\"text-align: center;\"><a href=\"http:\/\/www.neinzurnato.de\/?page_id=173\" target=\"_blank\">Sagt NEIN, \u00e4chtet Aggressionen, bannt die Weltkriegsgefahr!<\/a><\/h4>\n<p style=\"text-align: center;\">mit dem ber\u00fchmten Abschlu\u00dfslogan:<\/p>\n<h4 style=\"text-align: center;\">DEUTSCHLAND RAUS AUS DER NATO \u2013 NATO RAUS AUS DEUTSCHLAND!<\/h4>\n<p>Zur Demo am 8.10. \u201eDie Waffen nieder!\u201c sind die Freidenker mit diesem Frontbanner dabei:<\/p>\n<p><a href=\"https:\/\/i0.wp.com\/www.berlin.freidenker.org\/wp-content\/uploads\/2016\/10\/161005-Frontbanner-FD-Webseite-NATO-raus-raus-aus-der-NATO-banner-3m-x-1m.jpg?ssl=1\"><img data-recalc-dims=\"1\" loading=\"lazy\" decoding=\"async\" class=\"size-full wp-image-2796 alignnone\" src=\"https:\/\/i0.wp.com\/www.berlin.freidenker.org\/wp-content\/uploads\/2016\/10\/161005-Frontbanner-FD-Webseite-NATO-raus-raus-aus-der-NATO-banner-3m-x-1m.jpg?resize=500%2C169&#038;ssl=1\" alt=\"161005 Frontbanner FD Webseite NATO-raus-raus-aus-der-NATO-banner-3m-x-1m\" width=\"500\" height=\"169\" srcset=\"https:\/\/i0.wp.com\/www.berlin.freidenker.org\/wp-content\/uploads\/2016\/10\/161005-Frontbanner-FD-Webseite-NATO-raus-raus-aus-der-NATO-banner-3m-x-1m.jpg?w=500&amp;ssl=1 500w, https:\/\/i0.wp.com\/www.berlin.freidenker.org\/wp-content\/uploads\/2016\/10\/161005-Frontbanner-FD-Webseite-NATO-raus-raus-aus-der-NATO-banner-3m-x-1m.jpg?resize=300%2C101&amp;ssl=1 300w\" sizes=\"auto, (max-width: 500px) 100vw, 500px\" \/><\/a><\/p>\n","protected":false},"excerpt":{"rendered":"<p>Dass beide Forderungen unterschiedlich akzentuieren, liegt auf der Hand. Aber unvereinbare Gegens\u00e4tze? So verschieden, dass unbedingt ZWEI voneinander abgegrenzte Veranstaltungen n\u00f6tig sind? Grunds\u00e4tzlich wird kein Friedensfreund und keine Freundin den ehrw\u00fcrdigen Slogan der Bertha von Suttner \u201eDie Waffen nieder!\u201c (bekanntlich ein Romantitel aus dem Jahr 1889) gering sch\u00e4tzen. Folgt nicht selbst heute die Waffenstillstandsvereinbarung zwischen [&hellip;]<\/p>\n","protected":false},"author":4,"featured_media":0,"comment_status":"open","ping_status":"open","sticky":false,"template":"","format":"standard","meta":{"jetpack_post_was_ever_published":false,"_jetpack_newsletter_access":"","_jetpack_dont_email_post_to_subs":false,"_jetpack_newsletter_tier_id":0,"_jetpack_memberships_contains_paywalled_content":false,"_jetpack_memberships_contains_paid_content":false,"footnotes":""},"categories":[27,49,30,22,45,47,175,21,8,23,13,31],"tags":[310,309,59,204,315],"class_list":["post-2788","post","type-post","status-publish","format-standard","hentry","category-arbeiterfotografie","category-aufklaerung","category-europa","category-friedensaktionen","category-friedensbewegung","category-nation","category-nato","category-politik","category-standpunkte","category-syrien","category-veranstaltungen","category-ukraine","tag-demo-8-10","tag-die-waffen-nieder","tag-freidenker","tag-nato-raus","tag-v-suttner"],"jetpack_featured_media_url":"","jetpack_shortlink":"https:\/\/wp.me\/py5dN-IY","jetpack_sharing_enabled":true,"_links":{"self":[{"href":"https:\/\/www.berlin.freidenker.org\/index.php?rest_route=\/wp\/v2\/posts\/2788","targetHints":{"allow":["GET"]}}],"collection":[{"href":"https:\/\/www.berlin.freidenker.org\/index.php?rest_route=\/wp\/v2\/posts"}],"about":[{"href":"https:\/\/www.berlin.freidenker.org\/index.php?rest_route=\/wp\/v2\/types\/post"}],"author":[{"embeddable":true,"href":"https:\/\/www.berlin.freidenker.org\/index.php?rest_route=\/wp\/v2\/users\/4"}],"replies":[{"embeddable":true,"href":"https:\/\/www.berlin.freidenker.org\/index.php?rest_route=%2Fwp%2Fv2%2Fcomments&post=2788"}],"version-history":[{"count":14,"href":"https:\/\/www.berlin.freidenker.org\/index.php?rest_route=\/wp\/v2\/posts\/2788\/revisions"}],"predecessor-version":[{"id":2803,"href":"https:\/\/www.berlin.freidenker.org\/index.php?rest_route=\/wp\/v2\/posts\/2788\/revisions\/2803"}],"wp:attachment":[{"href":"https:\/\/www.berlin.freidenker.org\/index.php?rest_route=%2Fwp%2Fv2%2Fmedia&parent=2788"}],"wp:term":[{"taxonomy":"category","embeddable":true,"href":"https:\/\/www.berlin.freidenker.org\/index.php?rest_route=%2Fwp%2Fv2%2Fcategories&post=2788"},{"taxonomy":"post_tag","embeddable":true,"href":"https:\/\/www.berlin.freidenker.org\/index.php?rest_route=%2Fwp%2Fv2%2Ftags&post=2788"}],"curies":[{"name":"wp","href":"https:\/\/api.w.org\/{rel}","templated":true}]}}