{"id":2831,"date":"2016-10-08T02:38:33","date_gmt":"2016-10-08T00:38:33","guid":{"rendered":"http:\/\/www.berlin.freidenker.org\/?p=2831"},"modified":"2016-10-08T06:22:29","modified_gmt":"2016-10-08T04:22:29","slug":"mikis-theodorakis-gruesst-die-deutschen-friedenskaempferinnen-und-friedenskaempfer","status":"publish","type":"post","link":"https:\/\/www.berlin.freidenker.org\/?p=2831","title":{"rendered":"Mikis Theodorakis gr\u00fc\u00dft die Friedensk\u00e4mpferinnen und Friedensk\u00e4mpfer in Deutschland"},"content":{"rendered":"<p style=\"text-align: center;\"><iframe loading=\"lazy\" src=\"\/\/www.youtube.com\/embed\/mH7dZJLqj7w\" width=\"500\" height=\"314\" allowfullscreen=\"allowfullscreen\"><\/iframe><\/p>\n<h3 style=\"text-align: center;\">Heute 12 Uhr, Alexanderplatz\/Otto Braun-Strasse!<\/h3>\n","protected":false},"excerpt":{"rendered":"<p>Heute 12 Uhr, Alexanderplatz\/Otto Braun-Strasse!<\/p>\n","protected":false},"author":5,"featured_media":0,"comment_status":"open","ping_status":"open","sticky":false,"template":"","format":"standard","meta":{"jetpack_post_was_ever_published":false,"_jetpack_newsletter_access":"","_jetpack_dont_email_post_to_subs":false,"_jetpack_newsletter_tier_id":0,"_jetpack_memberships_contains_paywalled_content":false,"_jetpack_memberships_contains_paid_content":false,"footnotes":""},"categories":[22,45,19,13],"tags":[321,320,308,322,319],"class_list":["post-2831","post","type-post","status-publish","format-standard","hentry","category-friedensaktionen","category-friedensbewegung","category-kultur","category-veranstaltungen","tag-321","tag-axion-esti","tag-friedensdemo-8-10","tag-griechenland","tag-mikios-theodorakis"],"jetpack_featured_media_url":"","jetpack_shortlink":"https:\/\/wp.me\/py5dN-JF","jetpack_sharing_enabled":true,"_links":{"self":[{"href":"https:\/\/www.berlin.freidenker.org\/index.php?rest_route=\/wp\/v2\/posts\/2831","targetHints":{"allow":["GET"]}}],"collection":[{"href":"https:\/\/www.berlin.freidenker.org\/index.php?rest_route=\/wp\/v2\/posts"}],"about":[{"href":"https:\/\/www.berlin.freidenker.org\/index.php?rest_route=\/wp\/v2\/types\/post"}],"author":[{"embeddable":true,"href":"https:\/\/www.berlin.freidenker.org\/index.php?rest_route=\/wp\/v2\/users\/5"}],"replies":[{"embeddable":true,"href":"https:\/\/www.berlin.freidenker.org\/index.php?rest_route=%2Fwp%2Fv2%2Fcomments&post=2831"}],"version-history":[{"count":3,"href":"https:\/\/www.berlin.freidenker.org\/index.php?rest_route=\/wp\/v2\/posts\/2831\/revisions"}],"predecessor-version":[{"id":2835,"href":"https:\/\/www.berlin.freidenker.org\/index.php?rest_route=\/wp\/v2\/posts\/2831\/revisions\/2835"}],"wp:attachment":[{"href":"https:\/\/www.berlin.freidenker.org\/index.php?rest_route=%2Fwp%2Fv2%2Fmedia&parent=2831"}],"wp:term":[{"taxonomy":"category","embeddable":true,"href":"https:\/\/www.berlin.freidenker.org\/index.php?rest_route=%2Fwp%2Fv2%2Fcategories&post=2831"},{"taxonomy":"post_tag","embeddable":true,"href":"https:\/\/www.berlin.freidenker.org\/index.php?rest_route=%2Fwp%2Fv2%2Ftags&post=2831"}],"curies":[{"name":"wp","href":"https:\/\/api.w.org\/{rel}","templated":true}]}}