{"id":2928,"date":"2016-10-26T11:55:31","date_gmt":"2016-10-26T09:55:31","guid":{"rendered":"http:\/\/www.berlin.freidenker.org\/?p=2928"},"modified":"2016-10-27T10:16:10","modified_gmt":"2016-10-27T08:16:10","slug":"gefaehrlich-oder-harmlos-jetzt-transparenz-bei-glyphosat-fordern","status":"publish","type":"post","link":"https:\/\/www.berlin.freidenker.org\/?p=2928","title":{"rendered":"Gef\u00e4hrlich oder harmlos? Jetzt Transparenz bei Glyphosat fordern"},"content":{"rendered":"<h3 class=\"bodytext pargrf\">Das Umweltinstitut M\u00fcnchen e. V. informiert:<\/h3>\n<p class=\"bodytext pargrf\"><em><strong>Liebe Freundinnen und Freunde des Umweltinstituts,<\/strong><\/em><\/p>\n<p><em>im Streit \u00fcber die Wiederzulassung des Unkrautvernichters Glyphosat verweisen Hersteller und Beh\u00f6rden immer wieder auf Studien, die belegen sollen, dass das Pestizid harmlos ist. Doch die genannten Studien sind bisher \u00f6ffentlich nicht zug\u00e4nglich und somit nicht \u00fcberpr\u00fcfbar.<\/em><\/p>\n<p class=\"bodytext pargrf\"><em>Schon lange fordern wir daher die Herausgabe dieser Geheimstudien. <strong>Jetzt haben die Hersteller einen Leseraum in Br\u00fcssel eingerichtet, in dem die Studien f\u00fcr einige Wochen unter strengen Auflagen eingesehen werden k\u00f6nnen.<\/strong><\/em><\/p>\n<p class=\"bodytext pargrf\"><em>Unser Referent Karl B\u00e4r hat diesen Raum besucht, um sich selbst ein Bild zu machen. Unter st\u00e4ndiger Aufsicht durch Wachpersonal konnte er die Studien an speziellen Computern einsehen. Dabei durften weder Kopien noch Fotos gemacht werden, lediglich handschriftliche Notizen. Karl B\u00e4r: <strong>&#8222;Unter diesen Bedingungen ist es unm\u00f6glich, die 71 Studien einer ernsthaften \u00dcberpr\u00fcfung zu unterziehen.&#8220;<\/strong> So ein Leseraum ist offenbar kein Ersatz f\u00fcr echte Transparenz oder gar wissenschaftliche Auseinandersetzung!<\/em><\/p>\n<p class=\"bodytext pargrf\"><em>Bis sp\u00e4testens Ende n\u00e4chsten Jahres soll die Bewertung der Europ\u00e4ischen Chemikalienagentur (ECHA) vorliegen, auf deren Grundlage \u00fcber die Wiederzulassung von Glyphosat entschieden wird. <strong>Schon mehr als 22.000 Menschen fordern mit uns: &#8222;Die ECHA darf keinen Persilschein f\u00fcr Glyphosat ausstellen.&#8220;<\/strong><\/em><\/p>\n<p><em><a title=\"Jetzt mitmachen: Kein Persilschein f\u00fcr Glyphosat\" href=\"http:\/\/newsletter.umweltinstitut.org\/c\/19970551\/f65ee47328262-ofckzg\" target=\"_blank\" rel=\"noreferrer\"><strong>Wir fordern eine unabh\u00e4ngige und transparente Bewertung der Gefahren von Glyphosat: Machen Sie mit, schlie\u00dfen auch Sie sich unserer Aktion an.<\/strong><\/a><\/em><\/p>\n<p style=\"text-align: center;\">***<\/p>\n<p>Das Umweltinstitut M\u00fcnchen e. V. informiert <a href=\"http:\/\/www.umweltinstitut.org\/home.html\" target=\"_blank\">hier<\/a> ausf\u00fchrlich \u00fcber seine T\u00e4tigkeitsfelder, das Team und viele Aktivit\u00e4ten. Zugleich erf\u00fcllt es nicht die Transparenzkriterien der Zivilgesellschaft, wie sie als Mindestkriterien u. a. von der ITZ\u00a0<a href=\"https:\/\/www.transparency.de\/fileadmin\/pdfs\/Themen\/Nonprofit\/ITZ_Leitfaden_v1.2_16-05-10.pdf\" target=\"_blank\">hier<\/a> definiert sind und zur Zeit von <a href=\"https:\/\/www.transparency.de\/Die-Unterzeichner.2050.0.html\" target=\"_blank\">790 zivilgesellschaftlichen Organisationen<\/a> erf\u00fcllt werden.<\/p>\n<p style=\"text-align: center;\">&#8212;&#8212;&#8212;&#8212;&#8212;&#8212;&#8212;&#8212;&#8212;&#8212;&#8212;&#8212;&#8212;&#8212;&#8212;&#8212;&#8212;&#8212;&#8212;&#8212;<\/p>\n<p><iframe loading=\"lazy\" src=\"\/\/www.youtube.com\/embed\/3ivpJx3gkMY\" width=\"500\" height=\"314\" allowfullscreen=\"allowfullscreen\"><\/iframe><\/p>\n","protected":false},"excerpt":{"rendered":"<p>Das Umweltinstitut M\u00fcnchen e. V. informiert: Liebe Freundinnen und Freunde des Umweltinstituts, im Streit \u00fcber die Wiederzulassung des Unkrautvernichters Glyphosat verweisen Hersteller und Beh\u00f6rden immer wieder auf Studien, die belegen sollen, dass das Pestizid harmlos ist. Doch die genannten Studien sind bisher \u00f6ffentlich nicht zug\u00e4nglich und somit nicht \u00fcberpr\u00fcfbar. Schon lange fordern wir daher die [&hellip;]<\/p>\n","protected":false},"author":4,"featured_media":0,"comment_status":"open","ping_status":"open","sticky":false,"template":"","format":"standard","meta":{"jetpack_post_was_ever_published":false,"_jetpack_newsletter_access":"","_jetpack_dont_email_post_to_subs":true,"_jetpack_newsletter_tier_id":0,"_jetpack_memberships_contains_paywalled_content":false,"_jetpack_memberships_contains_paid_content":false,"footnotes":""},"categories":[49,30,8,28],"tags":[269,336,195,337],"class_list":["post-2928","post","type-post","status-publish","format-standard","hentry","category-aufklaerung","category-europa","category-standpunkte","category-umweltschutz","tag-eu","tag-glyphosat","tag-itz","tag-umweltinstitut-muenchen"],"jetpack_featured_media_url":"","jetpack_shortlink":"https:\/\/wp.me\/py5dN-Le","jetpack_sharing_enabled":true,"_links":{"self":[{"href":"https:\/\/www.berlin.freidenker.org\/index.php?rest_route=\/wp\/v2\/posts\/2928","targetHints":{"allow":["GET"]}}],"collection":[{"href":"https:\/\/www.berlin.freidenker.org\/index.php?rest_route=\/wp\/v2\/posts"}],"about":[{"href":"https:\/\/www.berlin.freidenker.org\/index.php?rest_route=\/wp\/v2\/types\/post"}],"author":[{"embeddable":true,"href":"https:\/\/www.berlin.freidenker.org\/index.php?rest_route=\/wp\/v2\/users\/4"}],"replies":[{"embeddable":true,"href":"https:\/\/www.berlin.freidenker.org\/index.php?rest_route=%2Fwp%2Fv2%2Fcomments&post=2928"}],"version-history":[{"count":5,"href":"https:\/\/www.berlin.freidenker.org\/index.php?rest_route=\/wp\/v2\/posts\/2928\/revisions"}],"predecessor-version":[{"id":2949,"href":"https:\/\/www.berlin.freidenker.org\/index.php?rest_route=\/wp\/v2\/posts\/2928\/revisions\/2949"}],"wp:attachment":[{"href":"https:\/\/www.berlin.freidenker.org\/index.php?rest_route=%2Fwp%2Fv2%2Fmedia&parent=2928"}],"wp:term":[{"taxonomy":"category","embeddable":true,"href":"https:\/\/www.berlin.freidenker.org\/index.php?rest_route=%2Fwp%2Fv2%2Fcategories&post=2928"},{"taxonomy":"post_tag","embeddable":true,"href":"https:\/\/www.berlin.freidenker.org\/index.php?rest_route=%2Fwp%2Fv2%2Ftags&post=2928"}],"curies":[{"name":"wp","href":"https:\/\/api.w.org\/{rel}","templated":true}]}}