{"id":2937,"date":"2016-10-26T22:35:24","date_gmt":"2016-10-26T20:35:24","guid":{"rendered":"http:\/\/www.berlin.freidenker.org\/?p=2937"},"modified":"2016-10-27T11:20:22","modified_gmt":"2016-10-27T09:20:22","slug":"bei-freidenkern-gefunden-und-anderswo-1016","status":"publish","type":"post","link":"https:\/\/www.berlin.freidenker.org\/?p=2937","title":{"rendered":"Bei Freidenkern gefunden\u2026 und anderswo\u2026 10\/16\u00a0"},"content":{"rendered":"<p>Die Nachdenkseiten haben sich eines, wie ich meine, vernachl\u00e4ssigten Themas angenommen &#8211; der <strong>Glaubw\u00fcrdigkeit zivilgesellschaftlicher Organisationen.<\/strong> Den Anlass lieferte ihnen &#8222;Campact e. V.&#8220;. Am <a href=\"http:\/\/www.nachdenkseiten.de\/?p=35193\" target=\"_blank\">27.9.2016 wurde das Problem auf den Nachdenkseiten<\/a> zum ersten Mal angesprochen, da sich der \u201ethemen scout\u201c Yves Venedy von Campact in der Kalte-Kriegs-Logik gegen Russland ge\u00e4u\u00dfert hatte. Am <a href=\"http:\/\/www.nachdenkseiten.de\/?p=35390\" target=\"_blank\">13.10. 2016 legten die Nachdenkseiten nach<\/a>: <em>&#8222;Leserinnen und Leser der NachDenkSeiten haben weiter recherchiert und Erstaunliches ans Licht geholt.&#8220; <\/em>Zugleich starteten NDS einen Aufruf an ihre Leserinnen und Leser, selbst zu pr\u00fcfen und zu recherchieren und gaben zu diesem Zweck einige orientierende Fragestellungen vor.\u00a0Jetzt,<a href=\"http:\/\/www.nachdenkseiten.de\/?p=35545\" target=\"_blank\"> am 25.10. 2016 bringen die Nachdenkseiten den zusammenfassenden Beitrag:<\/a> &#8222;<em>Ist Campact zu trauen? \u2013 NDS-Leserinnen und Leser meinen mehrheitlich: nein. Und sie belegen das.&#8220; <\/em>und stellen eine <a href=\"http:\/\/www.nachdenkseiten.de\/upload\/pdf\/161025_Ist-Campact-zu-trauen-nein_final_Dokupdf.pdf\" target=\"_blank\">27-seitige Dokumentation der LeserInnen-R\u00fcckmeldungen<\/a> online.<\/p>\n<p>Ich hatte mich im Zusammenhang mit den von Campact im September 2016 organisierten Protesten gegen TTIP und CETA unabh\u00e4ngig von den NDS f\u00fcr Campact interessiert und die Informationen gesichtet, die der Verein im Rahmen seiner <a href=\"https:\/\/www.transparency.de\/Die-Unterzeichner.2050.0.html\" target=\"_blank\">Teilnahme an der ITZ<\/a> ver\u00f6ffentlicht. Danach finanziert sich der Verein seit Jahren aus F\u00f6rderbeitr\u00e4gen (z. Z. mehr als 47.000 F\u00f6rdererInnen) und Spenden, w\u00e4hrend in den Anfangsjahren die Finanzierung durch einige Stiftungen ma\u00dfgeblich war (lt. Wikipedia), wor\u00fcber aber keine detaillierten Daten \u00f6ffentlich zug\u00e4nglich sind.<\/p>\n<p>Interessant sind die Angaben zur inneren Verfasstheit des Vereins. Seine Mitgliederzahl ist auf 12 begrenzt (war in fr\u00fcheren Jahren auf sieben begrenzt). Die Vereinsmitgliedschaft der drei Vorstandsmitglieder (die in Personalunion Gesch\u00e4ftsf\u00fchrer sind) endete satzungsgem\u00e4\u00df mit der Wahl in den Vorstand. Die 12 Mitglieder werden zu gleichen Teilen vom Team (53 festangestellte Personen) von einer Repr\u00e4sentanz der vielen tausend F\u00f6rdererInnen und vom Vorstand gestellt; ein offensichtlich in vieler Hinsicht ungew\u00f6hnliches Vereinsmodell.\u00a0Angaben zur (zentralen) Rolle und Stellung der drei Gesch\u00e4ftsf\u00fchrer konnte ich nicht online finden. K\u00e4me Till Eulenspiegel des Wegs, das f\u00fcr drastische Spr\u00fcche bekannte Original aus dem deutschen Volksbuch, w\u00fcrde er vielleicht sagen: &#8222;Gl\u00fcckwunsch, Ihr drei gro\u00dfm\u00e4chtigen Herren Gesch\u00e4ftsf\u00fchrer, vor jeder demokratischen St\u00f6rung habt Ihr Euch zuverl\u00e4ssig gesch\u00fctzt!&#8220;<\/p>\n<p>Die Kurzinformationen zu den Teammitgliedern laden zu weiteren Recherchen ein. Beachtlich, was die NDS (<a href=\"http:\/\/www.nachdenkseiten.de\/?p=35390\" target=\"_blank\">hier<\/a>, zu Punkt 6 scrollen) zu den Kopplungen von Gesch\u00e4ftsf\u00fchrer Bautz (Campact und Bewegungsstiftung), managing director Fiedler (Bewegungsstiftung) und der Hintergrundorganisation des Weltsozialforums (<a href=\"http:\/\/www.globalresearch.ca\/rockefeller-ford-foundations-behind-world-social-forum-wsf-the-corporate-funding-of-social-activism\/5540552\" target=\"_blank\">Recherchen Chossudovski<\/a>) in den Vordergrund ger\u00fcckt und so sichtbar gemacht haben.<\/p>\n<p>Den NDS ist zu danken, einen kritischen Blick (ohne Pauschalurteil!) auf Campact gelenkt zu haben. Andere &#8222;zivilgesellschaftliche Organisationen&#8220; erfreuen sich schon l\u00e4nger kritischer Aufmerksamkeit. Ich erinnere an <a href=\"http:\/\/www.kritisches-netzwerk.de\/forum\/ihr-werdet-s-nicht-vermuten-avaaz-sind-nicht-die-guten\" target=\"_blank\">AVAAZ,<\/a>\u00a0an\u00a0<a href=\"http:\/\/info.kopp-verlag.de\/hintergruende\/deutschland\/friederike-beck\/betreutes-fliehen-george-soros-und-das-netzwerk-um-pro-asyl.html\" target=\"_blank\">pro Asyl<\/a> (Achtung f\u00fcr&#8217;s Seelenheil &#8211; der entsprechende Beitrag steht bei Kopp!), mein Blick geht auch auf IALANA, Hauptwirkungsst\u00e4tte von Reiner Braun, mit deren Transparenz ich ungute Erfahrungen machte (<a href=\"https:\/\/opablog.net\/2015\/06\/10\/unverschamte-fragen\/\" target=\"_blank\">hier<\/a>, <a href=\"https:\/\/opablog.net\/2015\/06\/25\/diskussionsverweigerung-oder-geht-opa-jetzt-unter-die-radikalinskis\/\" target=\"_blank\">hier <\/a>und <a href=\"https:\/\/opablog.net\/2015\/11\/10\/wie-schaetzt-der-deutsche-freidenker-verband-die-initiative-transparente-zivilgesellschaft-konkret-ein\/\" target=\"_blank\">hier<\/a>) oder den <a href=\"https:\/\/opablog.net\/2015\/03\/27\/solidarisierungseifer\/\" target=\"_blank\">Bund f\u00fcr soziale Verteidigung<\/a>. Und es scheint mir eine berechtigte Frage, wer das <a href=\"https:\/\/www.berlin.freidenker.org\/?p=2925\" target=\"_blank\">IPB<\/a> dieser Tage bef\u00e4higt hat, einige Vorschl\u00e4ge zu Syrien zu formulieren, die sozusagen tausendprozentig in die Agenda gewisser politischer M\u00e4chte passen.<\/p>\n<p>Immer wieder geschieht es also, dass konkrete Organisationen aus konkretem Anlass kritisch unter die Lupe genommen werden. Oft sind die Ergebnisse durchaus bemerkenswert, geraten mit der Zeit aber in Vergessenheit. Beim n\u00e4chsten Anlass f\u00fcr Skepsis f\u00e4ngt das Orientierungsbem\u00fchen wieder bei Null an. Die Materialien der <a href=\"https:\/\/www.transparency.de\/Zivilgesellschaft.1427.0.html\" target=\"_blank\">ITZ<\/a>, die selbst l\u00fcckenhaft bzw. diskussionsw\u00fcrdig sind, werden kaum genutzt<\/p>\n<p style=\"text-align: center;\"><strong>Ist es nicht an der Zeit, dass JEDE Initiative und Organisation, die politisches Vertrauen einfordert, Standards der Transparenz praktiziert, die Vertrauen f\u00f6rdern?<\/strong><\/p>\n<p style=\"text-align: center;\">***<\/p>\n<p style=\"text-align: left;\">Die Nachdenkseiten (NDS), um vorstehenden Beitrag nach dieser Seite abzurunden, bzw. ihr gemeinn\u00fctziger F\u00f6rderverein <a href=\"http:\/\/www.nachdenkseiten.de\/?page_id=14\" target=\"_blank\">IQM<\/a>, sind nicht Mitglied der &#8222;Initiative Transparente Zivilgesellschaft&#8220; (ITZ).<\/p>\n","protected":false},"excerpt":{"rendered":"<p>Die Nachdenkseiten haben sich eines, wie ich meine, vernachl\u00e4ssigten Themas angenommen &#8211; der Glaubw\u00fcrdigkeit zivilgesellschaftlicher Organisationen. Den Anlass lieferte ihnen &#8222;Campact e. V.&#8220;. Am 27.9.2016 wurde das Problem auf den Nachdenkseiten zum ersten Mal angesprochen, da sich der \u201ethemen scout\u201c Yves Venedy von Campact in der Kalte-Kriegs-Logik gegen Russland ge\u00e4u\u00dfert hatte. Am 13.10. 2016 legten [&hellip;]<\/p>\n","protected":false},"author":4,"featured_media":0,"comment_status":"open","ping_status":"open","sticky":false,"template":"","format":"standard","meta":{"jetpack_post_was_ever_published":false,"_jetpack_newsletter_access":"","_jetpack_dont_email_post_to_subs":true,"_jetpack_newsletter_tier_id":0,"_jetpack_memberships_contains_paywalled_content":false,"_jetpack_memberships_contains_paid_content":false,"footnotes":""},"categories":[49,19,21,8],"tags":[339,335,340,135],"class_list":["post-2937","post","type-post","status-publish","format-standard","hentry","category-aufklaerung","category-kultur","category-politik","category-standpunkte","tag-campact","tag-ipb","tag-nachdenkseiten","tag-transparenz"],"jetpack_featured_media_url":"","jetpack_shortlink":"https:\/\/wp.me\/py5dN-Ln","jetpack_sharing_enabled":true,"_links":{"self":[{"href":"https:\/\/www.berlin.freidenker.org\/index.php?rest_route=\/wp\/v2\/posts\/2937","targetHints":{"allow":["GET"]}}],"collection":[{"href":"https:\/\/www.berlin.freidenker.org\/index.php?rest_route=\/wp\/v2\/posts"}],"about":[{"href":"https:\/\/www.berlin.freidenker.org\/index.php?rest_route=\/wp\/v2\/types\/post"}],"author":[{"embeddable":true,"href":"https:\/\/www.berlin.freidenker.org\/index.php?rest_route=\/wp\/v2\/users\/4"}],"replies":[{"embeddable":true,"href":"https:\/\/www.berlin.freidenker.org\/index.php?rest_route=%2Fwp%2Fv2%2Fcomments&post=2937"}],"version-history":[{"count":12,"href":"https:\/\/www.berlin.freidenker.org\/index.php?rest_route=\/wp\/v2\/posts\/2937\/revisions"}],"predecessor-version":[{"id":2954,"href":"https:\/\/www.berlin.freidenker.org\/index.php?rest_route=\/wp\/v2\/posts\/2937\/revisions\/2954"}],"wp:attachment":[{"href":"https:\/\/www.berlin.freidenker.org\/index.php?rest_route=%2Fwp%2Fv2%2Fmedia&parent=2937"}],"wp:term":[{"taxonomy":"category","embeddable":true,"href":"https:\/\/www.berlin.freidenker.org\/index.php?rest_route=%2Fwp%2Fv2%2Fcategories&post=2937"},{"taxonomy":"post_tag","embeddable":true,"href":"https:\/\/www.berlin.freidenker.org\/index.php?rest_route=%2Fwp%2Fv2%2Ftags&post=2937"}],"curies":[{"name":"wp","href":"https:\/\/api.w.org\/{rel}","templated":true}]}}