{"id":3019,"date":"2016-11-11T13:35:26","date_gmt":"2016-11-11T11:35:26","guid":{"rendered":"http:\/\/www.berlin.freidenker.org\/?p=3019"},"modified":"2016-11-11T13:40:53","modified_gmt":"2016-11-11T11:40:53","slug":"ein-offener-brief-und","status":"publish","type":"post","link":"https:\/\/www.berlin.freidenker.org\/?p=3019","title":{"rendered":"Ein offener Brief und&#8230;"},"content":{"rendered":"<h4><strong>Gestern erreichte mich, Klaus-Peter Kurch, dieser Spendenaufruf des stellvertretenden politischen Gesch\u00e4ftsf\u00fchrers der\u00a0Deutschen Friedensgesellschaft \u2013 Vereinigte KriegsdienstgegnerInnen (DFG-VK)\u00a0Michael \u2013 Michi \u2013 Schulze von Gla\u00dfer:<\/strong><\/h4>\n<p><em><strong>&#8222;Liebes DFG-VK-Mitglied und liebe Freundinnen und Freunde des Verbands,<\/strong><\/em><\/p>\n<p><em>heute vor 124 Jahren haben die sp\u00e4teren Friedensnobelpreistr\u00e4ger Bertha von Suttner und Alfred Herrmann Fried in Berlin die \u201eDeutsche Friedensgesellschaft\u201c gegr\u00fcndet. &#8230;\u00a0<\/em><em>Wir haben den deutschen Kaiser und seine Armee, die Reichswehr der Weimarer Republik und die Wehrmacht der Nationalsozialisten \u00fcberstanden \u2013 immer haben wir uns f\u00fcr Frieden engagiert. Im Kalten Krieg setzten wir uns trotz aller Widerst\u00e4nde gegen den Atomtod und den Vietnamkrieg sowie f\u00fcr die Entspannungspolitik, eine internationale Abr\u00fcstung und das Recht auf Kriegsdienstverweigerung ein. Auch aktuell leben wir angesichts der Kriege im Nahen Osten und dem neuen S\u00e4belrasseln zwischen Ost und West in friedenspolitisch heiklen Zeiten. Die Wahl Donald Trumps zum US-Pr\u00e4sidenten k\u00f6nnte zu einem neuen, menschenverachtenden \u201eGloabl War on Terror\u201c f\u00fchren. Daher m\u00fcssen wir unsere Stimme heute umso lauter erheben und auf der Stra\u00dfe und in politischen R\u00e4umen gegen Krieg und f\u00fcr Abr\u00fcstung und zivile Konfliktl\u00f6sung sprechen. Daf\u00fcr braucht es eine starke DFG-VK!<\/em><\/p>\n<p><em><strong>Nur mit einer guten finanziellen Ausstattung haben wir Handlungsm\u00f6glichkeiten und Einfluss. Deshalb rufen wir auf: Spendet dem Verband, um ihm im 125-Jahre-DFG-VK-Jubil\u00e4umsjahr 2017 zu neuer St\u00e4rke zu verhelfen!<\/strong><\/em><\/p>\n<p><em><a href=\"https:\/\/www.dfg-vk.de\/spenden\" target=\"_blank\" rel=\"noreferrer\"><img decoding=\"async\" src=\"https:\/\/posteo.de\/webmail\/?_task=mail&amp;_uid=4995&amp;_mbox=INBOX&amp;_action=get&amp;_part=5&amp;_embed=1&amp;_mimeclass=image\" alt=\"\" \/><\/a>Eine Idee, um unsere Vorstellungen f\u00fcr eine friedliche und solidarische Welt noch weiter zu verbreiten und in der \u00d6ffentlichkeit st\u00e4rker wahrgenommen zu werden haben wir schon: Mit einem DFG-VK-Bulli\/Transporter wollen wir im Jubil\u00e4umsjahr und dar\u00fcber hinaus gerne durch zahlreiche St\u00e4dte touren und f\u00fcr den Frieden werben. Daf\u00fcr haben wir in diesem Jahr schon ein Konzept und aufmerksamkeitserregende Aktionsformate \u2013 <a href=\"https:\/\/www.youtube.com\/watch?v=e8g_9xka3MA\" target=\"_blank\" rel=\"noreferrer\">etwa gegen Atomwaffen und R\u00fcstungsexporte<\/a> \u2013 entwickelt, &#8230;.\u00a0<\/em><\/p>\n<p>(Randbemerkung K-P K: Briefschreiber verlinkt hier auf ein Youtube-Video der DFG-VK, das am 30.5.2016 gepostet wurde, bis heute immerhin schon 54 mal (!) aufgerufen wurde, 1 Dislike \u00a0und 0 Kommentare erreicht hat &#8211; wahrlich ein &#8222;aufmerksamkeitserregendes Aktionsformat&#8220;.)<em>\u00a0<\/em><\/p>\n<p><em>Um die Kosten f\u00fcr die Anschaffung und den Betrieb zu decken, brauchen wir aber mindestens 17.500 Euro. Hier seid ihr \u2013 und bist du \u2013 gefragt! Hilf uns, den Wunsch wahr werden zu lassen: &#8230;<\/em><\/p>\n<p><strong>Vielen Dank f\u00fcr eure und deine Unterst\u00fctzung,<\/strong><\/p>\n<p><em><img decoding=\"async\" src=\"https:\/\/posteo.de\/webmail\/?_task=mail&amp;_uid=4995&amp;_mbox=INBOX&amp;_action=get&amp;_part=4&amp;_embed=1&amp;_mimeclass=image\" \/><\/em><\/p>\n<p><em>Michael \u2013 Michi \u2013 Schulze von Gla\u00dfer<\/em><\/p>\n<p>Stellvertretender politischer Gesch\u00e4ftsf\u00fchrer der<\/p>\n<p>Deutschen Friedensgesellschaft \u2013 Vereinigte KriegsdienstgegnerInnen<i>&#8222;<\/i><\/p>\n<h4><strong>Ich habe mir erlaubt, auf den Spendeaufruf der DFG-VK mit <a href=\"https:\/\/www.berlin.freidenker.org\/?p=3024\" target=\"_blank\">diesem offenen Brief<\/a> zu antworten.<\/strong><\/h4>\n","protected":false},"excerpt":{"rendered":"<p>Gestern erreichte mich, Klaus-Peter Kurch, dieser Spendenaufruf des stellvertretenden politischen Gesch\u00e4ftsf\u00fchrers der\u00a0Deutschen Friedensgesellschaft \u2013 Vereinigte KriegsdienstgegnerInnen (DFG-VK)\u00a0Michael \u2013 Michi \u2013 Schulze von Gla\u00dfer: &#8222;Liebes DFG-VK-Mitglied und liebe Freundinnen und Freunde des Verbands, heute vor 124 Jahren haben die sp\u00e4teren Friedensnobelpreistr\u00e4ger Bertha von Suttner und Alfred Herrmann Fried in Berlin die \u201eDeutsche Friedensgesellschaft\u201c gegr\u00fcndet. &#8230;\u00a0Wir haben [&hellip;]<\/p>\n","protected":false},"author":4,"featured_media":0,"comment_status":"open","ping_status":"open","sticky":false,"template":"","format":"standard","meta":{"jetpack_post_was_ever_published":false,"_jetpack_newsletter_access":"","_jetpack_dont_email_post_to_subs":true,"_jetpack_newsletter_tier_id":0,"_jetpack_memberships_contains_paywalled_content":false,"_jetpack_memberships_contains_paid_content":false,"footnotes":""},"categories":[49,22,45,8],"tags":[354,195,301,135],"class_list":["post-3019","post","type-post","status-publish","format-standard","hentry","category-aufklaerung","category-friedensaktionen","category-friedensbewegung","category-standpunkte","tag-dfg-vk","tag-itz","tag-opablog","tag-transparenz"],"jetpack_featured_media_url":"","jetpack_shortlink":"https:\/\/wp.me\/py5dN-MH","jetpack_sharing_enabled":true,"_links":{"self":[{"href":"https:\/\/www.berlin.freidenker.org\/index.php?rest_route=\/wp\/v2\/posts\/3019","targetHints":{"allow":["GET"]}}],"collection":[{"href":"https:\/\/www.berlin.freidenker.org\/index.php?rest_route=\/wp\/v2\/posts"}],"about":[{"href":"https:\/\/www.berlin.freidenker.org\/index.php?rest_route=\/wp\/v2\/types\/post"}],"author":[{"embeddable":true,"href":"https:\/\/www.berlin.freidenker.org\/index.php?rest_route=\/wp\/v2\/users\/4"}],"replies":[{"embeddable":true,"href":"https:\/\/www.berlin.freidenker.org\/index.php?rest_route=%2Fwp%2Fv2%2Fcomments&post=3019"}],"version-history":[{"count":10,"href":"https:\/\/www.berlin.freidenker.org\/index.php?rest_route=\/wp\/v2\/posts\/3019\/revisions"}],"predecessor-version":[{"id":3037,"href":"https:\/\/www.berlin.freidenker.org\/index.php?rest_route=\/wp\/v2\/posts\/3019\/revisions\/3037"}],"wp:attachment":[{"href":"https:\/\/www.berlin.freidenker.org\/index.php?rest_route=%2Fwp%2Fv2%2Fmedia&parent=3019"}],"wp:term":[{"taxonomy":"category","embeddable":true,"href":"https:\/\/www.berlin.freidenker.org\/index.php?rest_route=%2Fwp%2Fv2%2Fcategories&post=3019"},{"taxonomy":"post_tag","embeddable":true,"href":"https:\/\/www.berlin.freidenker.org\/index.php?rest_route=%2Fwp%2Fv2%2Ftags&post=3019"}],"curies":[{"name":"wp","href":"https:\/\/api.w.org\/{rel}","templated":true}]}}