{"id":3024,"date":"2016-11-11T13:37:15","date_gmt":"2016-11-11T11:37:15","guid":{"rendered":"http:\/\/www.berlin.freidenker.org\/?p=3024"},"modified":"2016-11-15T18:28:54","modified_gmt":"2016-11-15T16:28:54","slug":"eine-offene-antwort","status":"publish","type":"post","link":"https:\/\/www.berlin.freidenker.org\/?p=3024","title":{"rendered":"&#8230; eine offene Antwort"},"content":{"rendered":"<h4>Meine Antwort auf den <a href=\"https:\/\/www.berlin.freidenker.org\/?p=3019\" target=\"_blank\">Spendenaufruf von Herrn Schulze von Gla\u00dfer:<\/a><\/h4>\n<p><em>&#8222;Sehr geehrter Herr Schulze von Gla\u00dfer,<\/em><\/p>\n<p><em>eigentlich geh\u00f6re ich zu den &#8222;richtigen Adressen&#8220; f\u00fcr Ihren Spendenaufruf. Organisationen und Personen, deren Einsatz f\u00fcr Frieden und Aufkl\u00e4rung, f\u00fcr Emanzipation und gegen Imperialismus mich rundum \u00fcberzeugt, unterst\u00fctze ich (im Rahmen meiner begrenzten M\u00f6glichkeiten) jeden Monat mit insgesamt 65,-\u20ac. Die DFG-VK aber geh\u00f6rt nicht dazu. Das h\u00e4ngt mit der Aktivit\u00e4t Ihres Gesch\u00e4ftsf\u00fchrers Monty Sch\u00e4del gegen den Friedenswinter 2014\/2015 zusammen\u00a0und generell mit den feindseligen Querfrontvorw\u00fcrfen, die er unterst\u00fctzt. <a href=\"https:\/\/opablog.net\/?s=monty+sch%C3%A4del\" target=\"_blank\">Hier<\/a> habe ich mich reichlich damit auseinandergesetzt.\u00a0Es gibt weitere Positionen Ihres Vereins, die ich f\u00fcr NICHT zum Frieden hinf\u00fchrend halte, z. B.<a href=\"https:\/\/www.dfg-vk.de\/aktuelle-kriegsgebiete\/interview-mit-dem-is-verhandeln\" target=\"_blank\"> diese<\/a>.\u00a0<\/em><\/p>\n<p><em>Trotzdem: Dass die regelm\u00e4\u00dfige finanzielle Unterst\u00fctzung Ihrer Organisation aus den genannten (und weiteren) Gr\u00fcnden ausscheidet, bedeutet f\u00fcr mich nicht, keinerlei Ihrer Aktionen zu unterst\u00fctzen. Nat\u00fcrlich spende ich auch aus aktuellen Einzelanl\u00e4ssen, wenn mich das konkrete Anliegen und die Transparenz der Organisation \u00fcberzeugen.<\/em><\/p>\n<p><em>Ja, die Transparenz von Friedensorganisationen, von zivilgesellschaftlichen Organisationen \u00fcberhaupt, ist mir ein ganz wesentlicher Faktor, um Vertrauen aufzubauen. Erfreulicherweise gibt es eine <a href=\"https:\/\/www.transparency.de\/Zivilgesellschaft.1427.0.html\" target=\"_blank\">&#8222;Initiative Transparente Zivilgesellschaft&#8220;<\/a>, die zumindest Anfangsschritte der Gew\u00e4hrleistung von mehr Transparenz propagiert und zur Zeit von immerhin <a href=\"https:\/\/www.transparency.de\/Die-Unterzeichner.2050.0.html\" target=\"_blank\">791 zivilgesellschaftlichen Organisationen<\/a> getragen wird.<\/em><\/p>\n<p><em>Im Juni 2015 habe ich zehn bekannte Organisationen der Friedensbewegung nach ihrem Verh\u00e4ltnis zur Transparenz (h\u00f6flich) gefragt (<a href=\"https:\/\/opablog.net\/2015\/06\/10\/unverschamte-fragen\/\" target=\"_blank\">hier<\/a>), die DFG-VK auch.<\/em><\/p>\n<p><em>Geantwortet haben mir Null.<\/em><\/p>\n<p><em>Ich schlie\u00dfe nicht aus, dass es auch zuf\u00e4llige, unwichtige, gleichg\u00fcltige Gr\u00fcnde f\u00fcr Intransparenz geben kann &#8211; Gewohnheiten, Traditionen; keine Mauschelabsichten. Mag alles sein. Doch wer sich dem ernsthaft vorgetragenem, begr\u00fcndetem Wunsch nach Transparenz hartn\u00e4ckig verweigert (und zwar ohne Argumente oder mit fadenscheinigen Argumenten), der m\u00f6ge nicht auf meine vertrauensvolle Offenheit hoffen. &#8222;Pr\u00fcfe die Rechnung. Du musst sie bezahlen. Legen den Finger auf jeden Posten.&#8220; empfahl der alte Brecht.<\/em><\/p>\n<p><em>Solange Sie, lieber Herr Schulze von Glaser, mir nicht &#8222;jeden Posten&#8220; der politischen und finanziellen Rechnung Ihrer langj\u00e4hrig verdienten Organisation vorlegen, wird mein Geldt\u00e4schchen f\u00fcr Sie geschlossen bleiben.<\/em><\/p>\n<p><em>Mit friedensbewegtem und aufkl\u00e4rerischem Gru\u00df<\/em><\/p>\n<p><em>Klaus-Peter Kurch&#8220;<\/em><\/p>\n","protected":false},"excerpt":{"rendered":"<p>Meine Antwort auf den Spendenaufruf von Herrn Schulze von Gla\u00dfer: &#8222;Sehr geehrter Herr Schulze von Gla\u00dfer, eigentlich geh\u00f6re ich zu den &#8222;richtigen Adressen&#8220; f\u00fcr Ihren Spendenaufruf. Organisationen und Personen, deren Einsatz f\u00fcr Frieden und Aufkl\u00e4rung, f\u00fcr Emanzipation und gegen Imperialismus mich rundum \u00fcberzeugt, unterst\u00fctze ich (im Rahmen meiner begrenzten M\u00f6glichkeiten) jeden Monat mit insgesamt 65,-\u20ac. [&hellip;]<\/p>\n","protected":false},"author":4,"featured_media":0,"comment_status":"open","ping_status":"open","sticky":false,"template":"","format":"standard","meta":{"jetpack_post_was_ever_published":false,"_jetpack_newsletter_access":"","_jetpack_dont_email_post_to_subs":true,"_jetpack_newsletter_tier_id":0,"_jetpack_memberships_contains_paywalled_content":false,"_jetpack_memberships_contains_paid_content":false,"footnotes":""},"categories":[1,49,22,45,8],"tags":[354,195,301,135],"class_list":["post-3024","post","type-post","status-publish","format-standard","hentry","category-allgemein","category-aufklaerung","category-friedensaktionen","category-friedensbewegung","category-standpunkte","tag-dfg-vk","tag-itz","tag-opablog","tag-transparenz"],"jetpack_featured_media_url":"","jetpack_shortlink":"https:\/\/wp.me\/py5dN-MM","jetpack_sharing_enabled":true,"_links":{"self":[{"href":"https:\/\/www.berlin.freidenker.org\/index.php?rest_route=\/wp\/v2\/posts\/3024","targetHints":{"allow":["GET"]}}],"collection":[{"href":"https:\/\/www.berlin.freidenker.org\/index.php?rest_route=\/wp\/v2\/posts"}],"about":[{"href":"https:\/\/www.berlin.freidenker.org\/index.php?rest_route=\/wp\/v2\/types\/post"}],"author":[{"embeddable":true,"href":"https:\/\/www.berlin.freidenker.org\/index.php?rest_route=\/wp\/v2\/users\/4"}],"replies":[{"embeddable":true,"href":"https:\/\/www.berlin.freidenker.org\/index.php?rest_route=%2Fwp%2Fv2%2Fcomments&post=3024"}],"version-history":[{"count":9,"href":"https:\/\/www.berlin.freidenker.org\/index.php?rest_route=\/wp\/v2\/posts\/3024\/revisions"}],"predecessor-version":[{"id":3056,"href":"https:\/\/www.berlin.freidenker.org\/index.php?rest_route=\/wp\/v2\/posts\/3024\/revisions\/3056"}],"wp:attachment":[{"href":"https:\/\/www.berlin.freidenker.org\/index.php?rest_route=%2Fwp%2Fv2%2Fmedia&parent=3024"}],"wp:term":[{"taxonomy":"category","embeddable":true,"href":"https:\/\/www.berlin.freidenker.org\/index.php?rest_route=%2Fwp%2Fv2%2Fcategories&post=3024"},{"taxonomy":"post_tag","embeddable":true,"href":"https:\/\/www.berlin.freidenker.org\/index.php?rest_route=%2Fwp%2Fv2%2Ftags&post=3024"}],"curies":[{"name":"wp","href":"https:\/\/api.w.org\/{rel}","templated":true}]}}