{"id":3046,"date":"2016-11-13T10:30:43","date_gmt":"2016-11-13T08:30:43","guid":{"rendered":"http:\/\/www.berlin.freidenker.org\/?p=3046"},"modified":"2016-11-13T10:32:08","modified_gmt":"2016-11-13T08:32:08","slug":"wir-im-frieden-wir-fuer-den-frieden-ein-bericht-und-ein-aufruf","status":"publish","type":"post","link":"https:\/\/www.berlin.freidenker.org\/?p=3046","title":{"rendered":"&#8222;Wir im Frieden? Wir f\u00fcr den Frieden!&#8220; &#8211; ein Bericht und ein Aufruf"},"content":{"rendered":"<p><em>Liebe Freunde,<\/em><\/p>\n<p><em>die Friedensveranstaltung in Bernau am 10.11.16 war ein gro\u00dfes Erlebnis. Sie stand unter dem Motto:<strong>&#8222;Wir im Frieden? Wir f\u00fcr den Frieden!&#8220;<\/strong>.<\/em><\/p>\n<p><em>Der B\u00fcrgermeister Andr\u00e9 Stahl freute sich als Schirmherr \u00fcber das gro\u00dfe Interesse, denn viele Bernauerinnen und Bernauer sowie Sympathisanten waren gekommen, um ihren Friedenswillen auszudr\u00fccken. Darunter war auch eine Gruppe &#8222;Freidenker&#8220; aus Bernau und Berlin.<\/em><\/p>\n<p><em>Ein besonderes Erlebnis war der Vortrag von Dr. Friedrich Wolff mit fundierten Aussagen \u00fcber vergangene und jetzige K\u00e4mpfe. Dankenswerterweise stellte uns die Familie Wolff inzwischen den lesenswerten Vortrag zur Verf\u00fcgung (<a href=\"https:\/\/www.berlin.freidenker.org\/?p=3043\" target=\"_blank\">hier ist der Wortlaut<\/a>).<\/em><\/p>\n<p><em>Der anschlie\u00dfende Film &#8222;Nie wieder Krieg&#8220; war eindrucksvoll. Falls Ihr Interesse an der DVD habt werden wir uns k\u00fcmmern.<\/em><\/p>\n<p><em>Nun ermuntern wir Euch, auch dem Beispiel von Wolfgang Gehrke (&#8222;Hamburger Friedenskonferenz 2016&#8220;) zu folgen und in Eurer Region\/Stadtteil eine gemeinsame Friedensveranstaltung zu organisieren. Erfahrungen gibt das &#8222;Territoriale B\u00fcndnis Bernau und Umgebung&#8220; sicher gerne weiter.<\/em><\/p>\n<p><em>Mit herzlichen und solidarischen Gr\u00fc\u00dfen<\/em><\/p>\n<p><em>Uta und Edi Mader<\/em><\/p>\n<p><em>Mitglieder im Dt. Freidenker-Verband<\/em><\/p>\n","protected":false},"excerpt":{"rendered":"<p>Liebe Freunde, die Friedensveranstaltung in Bernau am 10.11.16 war ein gro\u00dfes Erlebnis. Sie stand unter dem Motto:&#8222;Wir im Frieden? Wir f\u00fcr den Frieden!&#8220;. Der B\u00fcrgermeister Andr\u00e9 Stahl freute sich als Schirmherr \u00fcber das gro\u00dfe Interesse, denn viele Bernauerinnen und Bernauer sowie Sympathisanten waren gekommen, um ihren Friedenswillen auszudr\u00fccken. Darunter war auch eine Gruppe &#8222;Freidenker&#8220; aus [&hellip;]<\/p>\n","protected":false},"author":4,"featured_media":0,"comment_status":"open","ping_status":"open","sticky":false,"template":"","format":"standard","meta":{"jetpack_post_was_ever_published":false,"_jetpack_newsletter_access":"","_jetpack_dont_email_post_to_subs":true,"_jetpack_newsletter_tier_id":0,"_jetpack_memberships_contains_paywalled_content":false,"_jetpack_memberships_contains_paid_content":false,"footnotes":""},"categories":[14,22,45,21,13],"tags":[120,358,361,119,359,360],"class_list":["post-3046","post","type-post","status-publish","format-standard","hentry","category-aktivitaeten-des-dfv-berlin","category-friedensaktionen","category-friedensbewegung","category-politik","category-veranstaltungen","tag-die-linke","tag-freidenker-bernau","tag-friedensbuendnis-bernau-und-umgebung","tag-gehrke","tag-hamburger-friedenskonferenz","tag-r"],"jetpack_featured_media_url":"","jetpack_shortlink":"https:\/\/wp.me\/py5dN-N8","jetpack_sharing_enabled":true,"_links":{"self":[{"href":"https:\/\/www.berlin.freidenker.org\/index.php?rest_route=\/wp\/v2\/posts\/3046","targetHints":{"allow":["GET"]}}],"collection":[{"href":"https:\/\/www.berlin.freidenker.org\/index.php?rest_route=\/wp\/v2\/posts"}],"about":[{"href":"https:\/\/www.berlin.freidenker.org\/index.php?rest_route=\/wp\/v2\/types\/post"}],"author":[{"embeddable":true,"href":"https:\/\/www.berlin.freidenker.org\/index.php?rest_route=\/wp\/v2\/users\/4"}],"replies":[{"embeddable":true,"href":"https:\/\/www.berlin.freidenker.org\/index.php?rest_route=%2Fwp%2Fv2%2Fcomments&post=3046"}],"version-history":[{"count":3,"href":"https:\/\/www.berlin.freidenker.org\/index.php?rest_route=\/wp\/v2\/posts\/3046\/revisions"}],"predecessor-version":[{"id":3049,"href":"https:\/\/www.berlin.freidenker.org\/index.php?rest_route=\/wp\/v2\/posts\/3046\/revisions\/3049"}],"wp:attachment":[{"href":"https:\/\/www.berlin.freidenker.org\/index.php?rest_route=%2Fwp%2Fv2%2Fmedia&parent=3046"}],"wp:term":[{"taxonomy":"category","embeddable":true,"href":"https:\/\/www.berlin.freidenker.org\/index.php?rest_route=%2Fwp%2Fv2%2Fcategories&post=3046"},{"taxonomy":"post_tag","embeddable":true,"href":"https:\/\/www.berlin.freidenker.org\/index.php?rest_route=%2Fwp%2Fv2%2Ftags&post=3046"}],"curies":[{"name":"wp","href":"https:\/\/api.w.org\/{rel}","templated":true}]}}