{"id":3064,"date":"2016-11-20T01:06:28","date_gmt":"2016-11-19T23:06:28","guid":{"rendered":"http:\/\/www.berlin.freidenker.org\/?p=3064"},"modified":"2016-11-20T01:07:54","modified_gmt":"2016-11-19T23:07:54","slug":"der-neue-us-praesident-trump-und-der-vorwurf-des-populismus","status":"publish","type":"post","link":"https:\/\/www.berlin.freidenker.org\/?p=3064","title":{"rendered":"Der neue US-Pr\u00e4sident Trump und der Vorwurf des \u201ePopulismus\u201c"},"content":{"rendered":"<h3 style=\"text-align: center;\"><strong>Herrschaftszeiten<\/strong><\/h3>\n<h4 style=\"text-align: center;\"><a href=\"http:\/\/www.herrkeiner.com\/geschichten\/der-neue-us-praesident-trump-und-der-vorwurf-des-populismus\/\" target=\"_blank\">Geschichten von Herrn Keiner<\/a><\/h4>\n<p><em>Nach der Wahl des Unternehmers Trump zum n\u00e4chsten Pr\u00e4sidenten der USA fand Herr K. in der \u201eS\u00fcddeutschen Zeitung\u201c eine bemerkenswerte Frage:<\/em><\/p>\n<p><em>\u201eWarum wurde Donald Trump von so vielen Menschen gew\u00e4hlt, denen er schaden wird?\u201c (SZ v. 12.\/13.11)<\/em><\/p>\n<p><em>\u201eEigentlich eine gute Frage\u201c, dachte Herr K., \u201edoch dieser Zusammenhang von gew\u00e4hlten Politikern und dem Schaden f\u00fcr die Mehrheit der Bev\u00f6lkerung l\u00e4sst sich \u00fcberall aufweisen, wo demokratische Wahlen abgehalten werden. Also nicht nur dort, wo der gew\u00e4hlte Pr\u00e4sident wegen seiner \u201aschlechten Manieren\u2018 nicht zu \u201aunserer Vorstellung von einer gesitteten Demokratie\u2018 passt. Oder genauer gefragt: Hat die \u201aS\u00fcddeutsche Zeitung\u2018 eigentlich etwas dagegen, dass Trump vielen Amerikanern schadet, oder haben die meisten deutschen Presseorgane etwas gegen den neuen Pr\u00e4sidenten der USA, weil er nicht zu \u201auns\u2018 passt, also wom\u00f6glich den eigenen nationalen und europ\u00e4ischen Interessen in die Quere kommt?<\/em><\/p>\n<p><em>Diese Frage l\u00e4sst sich leicht beantworten\u201c, sagte Herr K. ,\u201cwenn man sich einmal genauer den Vorwurf des \u201aPopulismus\u2018 anschaut, wie er gegen\u00fcber Trump erhoben wird. So im Fall einer Wahlrede, in der Trump die Schlie\u00dfung einer Fabrik f\u00fcr Heiz- und Klimaanlagen in Indianapolis zum Thema hatte:<\/em><\/p>\n<p><!--more--><\/p>\n<p><em>\u201eDen Arbeitern versprach er bei einem Auftritt in der Stadt, sie zu retten. Viele glaubten ihm \u2013 auch heute noch.\u201c (Stern v. 3.11.)<\/em><\/p>\n<p><em>Der Vorwurf der Illustrierten \u201aStern\u2018 ist un\u00fcberh\u00f6rbar: Der Pr\u00e4sidentschaftskandidat Trump macht den Arbeitern Versprechen, die er gar nicht halten kann. Und das nicht nur in Indianapolis, sondern in allen amerikanischen Regionen, wo statt des \u201aTraums von Wohlstand und Freiheit\u2018 nur noch \u201abitter Entt\u00e4uschte, verlassene Fabriken und verlassene H\u00e4user\u2018 zu besichtigen sind. Und in all diesen F\u00e4llen sind die Leute von der hiesigen Presse geradezu Propagandisten der kapitalistischen Rechnungsart, die aus Gesch\u00e4ftsgr\u00fcnden daf\u00fcr sorgt, dass regelm\u00e4\u00dfig Arbeitskr\u00e4fte \u00fcberfl\u00fcssig gemacht werden und in nicht wenigen F\u00e4llen ganze Regionen brachgelegt werden. Dieser Schaden ist unabwendbar, so die verbreitete \u00f6ffentliche Meinung, und ein \u201aPopulist\u2018 ist derjenige Politiker, der den Gesch\u00e4digten dieses Wirtschaftssystems mit der Aussicht auf eine neue Regierung falsche Hoffnungen auf die Besserung ihrer Lage macht.<\/em><\/p>\n<p><em>Nur, und das wei\u00df auch die hiesige Presse: Dieser \u201aPopulismus\u2019 ist in jedem demokratischen Wahlkampf in jedem Land anzutreffen. Oder gab es hierzulande einen Aufschrei in der \u00d6ffentlichkeit, als seinerzeit der Politiker Willy Brandt im Wahlkampf \u201961 gegen Adenauer den Arbeiterfamilien im Ruhrgebiet einen \u201ablauen Himmel\u2018 \u00fcber den Zechen und Stahlwerken versprach oder die Politikerin Angela Merkel den von Massenentlassung bedrohten Besch\u00e4ftigten der Firma Schlecker ihre \u201auneingeschr\u00e4nkte Hilfe\u2018 in Aussicht stellte? Da wurden keine L\u00fcgenvorw\u00fcrfe laut, da zeigte die Presse Verst\u00e4ndnis f\u00fcr die bewiesene \u201aAnteilnahme an den Sorgen der Bev\u00f6lkerung\u2018. Da war klar: Die Spielarten des \u201aPopulismus\u2018, die muss ein gewiefter Politiker nun einmal beherrschen, wie es im Wahlkampf auch dazu geh\u00f6rt, dem jeweiligen Konkurrenten um die Macht dieses Anwanzen an den W\u00e4hler als demokratischen Regelversto\u00df anzulasten. Mit der klaren Botschaft: Die Politiker haben ihr Programm f\u00fcr die \u201aZukunft des Landes\u2018 nicht beim gemeinen Wahlvolk und seinen \u201aStammtischen\u2018 abzuholen!<\/em><\/p>\n<p><em>Doch das wei\u00df der amerikanische Wahlk\u00e4mpfer Donald Trump genau so gut wie seine Kollegen in den anderen L\u00e4ndern, in denen das Volk in Wahlen aufgerufen ist, einer der angebotenen Herrschaftsfiguren mit einem Kreuzchen seine pers\u00f6nliche Zustimmung mit auf den Weg zu geben. Trump hat Gro\u00dfes vor mit dem Land, das er regieren will. So wirft er den \u201aetablierten Parteien\u2018 vor, den \u201aNiedergang Amerikas\u2018 in der internationalen Konkurrenz herbeiregiert zu haben und geht mit dieser Botschaft auf Stimmenfang. Und er sucht seine Anh\u00e4nger vor allem in der Masse derer, die sich von ihrem Land \u201aabgeh\u00e4ngt\u2018 und \u201aentt\u00e4uscht\u2018 f\u00fchlen und mit eben dieser \u201aStimmungslage\u2018 zu erkennen geben, dass sie trotz aller schlechten Erfahrungen nicht zu Gegnern des herrschenden Wirtschaftssystems und der Politik geworden sind. Da muss man im Wahlkampf als guter Politiker raus vor Ort, Anteilnahme f\u00fcr die Lage der Betroffenen zeigen, um an eben dieser Lage dramatisch zu veranschaulichen, worauf es f\u00fcr die Betroffenen in diesem Land in Zukunft vorrangig ankommt:<\/em><\/p>\n<p><em>\u201aMake Amerika great again!\u2018<\/em><\/p>\n<p><em>So geht er, ein gut gemachter \u201aPopulimus\u2018: Der Politiker Trump setzt auf die Masse der Gesch\u00e4digten des Systems in ihrer Eigenschaft als entt\u00e4uschte amerikanische Patrioten, um sie f\u00fcr eine nachhaltige St\u00e4rkung genau des Systems zu vereinnahmen, das ihnen zu schaffen macht. Und, wie zu sehen ist: Diese Rechnung ist f\u00fcr den \u201aPopulisten Donald Trump\u2018 bestens aufgegangen.<\/em><\/p>\n<p><em>Es liegt also wirklich nicht an diesem \u201aPopulismus\u2018, dass die hiesige Presse \u00fcber Trumps Wahlsieg in Wallung ger\u00e4t und den Machtwechsel in Amerika unter dem Titel \u201aVom Traum zum Alptraum\u2018 (so der Stern) zu beklagen wei\u00df. Denn schlie\u00dflich wissen alle Freunde der Demokratie nur zu gut, dass diese Herrschaftsweise \u2013 vor allem in Wahlkampfzeiten \u2013 ohne die Demonstration von berechnender \u201aVolksn\u00e4he\u2018 nicht zu haben ist. Der Grund f\u00fcr die massive Kritik an dem neuen US-Pr\u00e4sidenten ist ein anderer und hat auch nichts mit dem \u201aSexismus\u2018 und \u201aRassismus\u2018 dieses Mannes zu tun. Es sei denn, Letzterer steht neben der Abschottung gegen\u00fcber den \u201akriminellen Mexikanern\u2018 auch f\u00fcr einen neuen Umgang mit den europ\u00e4ischen Verb\u00fcndeten.<\/em><\/p>\n<p><em>Dann kommen argw\u00f6hnische Fragen auf: Gibt es in Zukunft Z\u00f6lle auf die Waren des deutschen Exportweltmeisters? Wird es den europ\u00e4ischen Verb\u00fcndeten unter Trump teurer gemacht, die \u00fcberlegene Milit\u00e4rmacht der USA in Gestalt der NATO weiter f\u00fcr die eigenen Interessen auszunutzen? Denn so hat es Trump im Wahlkampf verlauten lassen, und solche \u201aneuen T\u00f6ne aus den USA\u2018 wollen die Anh\u00e4nger des europ\u00e4ischen Staatenb\u00fcndnisses \u00fcberhaupt nicht h\u00f6ren.<\/em><\/p>\n<p><em>Und so macht sich in den \u201atransatlantischen Beziehungen\u2018 nicht nur \u201aMissstimmung\u2018 breit, da sind von den zust\u00e4ndigen Stellen in Europa auch h\u00e4ssliche T\u00f6ne gegen den gew\u00e4hlten \u201aPopulisten\u2018 im fernen Amerika zu vernehmen:<\/em><\/p>\n<p><em>\u201eWir kennen diesen Mann noch nicht. Er wird aber auch uns kennen lernen.\u201c (So ein Vertreter der EU-Kommission)<\/em><\/p>\n<p><em>Das sind feine Aussichten f\u00fcr die \u201afreundschaftlichen Beziehungen\u2018 dieser L\u00e4nder\u201c, sagte Herr Keiner. \u201eDoch dar\u00fcber sollte man sich besser nicht wundern. Schlie\u00dflich will auch Europa zwar nicht \u201agreat again\u2018, aber ebenfalls dringend \u201agreat\u2018 werden.\u201c<\/em><\/p>\n<p class=\"small\"><em><a id=\"license\" href=\"http:\/\/creativecommons.org\/licenses\/by-nc-nd\/3.0\/de\/\" rel=\"license\">\u00a9 HerrKeiner.com<\/a>\u00a0\u00a019. November 2016<\/em><\/p>\n","protected":false},"excerpt":{"rendered":"<p>Herrschaftszeiten Geschichten von Herrn Keiner Nach der Wahl des Unternehmers Trump zum n\u00e4chsten Pr\u00e4sidenten der USA fand Herr K. in der \u201eS\u00fcddeutschen Zeitung\u201c eine bemerkenswerte Frage: \u201eWarum wurde Donald Trump von so vielen Menschen gew\u00e4hlt, denen er schaden wird?\u201c (SZ v. 12.\/13.11) \u201eEigentlich eine gute Frage\u201c, dachte Herr K., \u201edoch dieser Zusammenhang von gew\u00e4hlten Politikern [&hellip;]<\/p>\n","protected":false},"author":4,"featured_media":0,"comment_status":"open","ping_status":"open","sticky":false,"template":"","format":"standard","meta":{"jetpack_post_was_ever_published":false,"_jetpack_newsletter_access":"","_jetpack_dont_email_post_to_subs":true,"_jetpack_newsletter_tier_id":0,"_jetpack_memberships_contains_paywalled_content":false,"_jetpack_memberships_contains_paid_content":false,"footnotes":""},"categories":[49,21,8],"tags":[269,152,280,96],"class_list":["post-3064","post","type-post","status-publish","format-standard","hentry","category-aufklaerung","category-politik","category-standpunkte","tag-eu","tag-imperialismus","tag-trump","tag-usa"],"jetpack_featured_media_url":"","jetpack_shortlink":"https:\/\/wp.me\/py5dN-Nq","jetpack_sharing_enabled":true,"_links":{"self":[{"href":"https:\/\/www.berlin.freidenker.org\/index.php?rest_route=\/wp\/v2\/posts\/3064","targetHints":{"allow":["GET"]}}],"collection":[{"href":"https:\/\/www.berlin.freidenker.org\/index.php?rest_route=\/wp\/v2\/posts"}],"about":[{"href":"https:\/\/www.berlin.freidenker.org\/index.php?rest_route=\/wp\/v2\/types\/post"}],"author":[{"embeddable":true,"href":"https:\/\/www.berlin.freidenker.org\/index.php?rest_route=\/wp\/v2\/users\/4"}],"replies":[{"embeddable":true,"href":"https:\/\/www.berlin.freidenker.org\/index.php?rest_route=%2Fwp%2Fv2%2Fcomments&post=3064"}],"version-history":[{"count":3,"href":"https:\/\/www.berlin.freidenker.org\/index.php?rest_route=\/wp\/v2\/posts\/3064\/revisions"}],"predecessor-version":[{"id":3067,"href":"https:\/\/www.berlin.freidenker.org\/index.php?rest_route=\/wp\/v2\/posts\/3064\/revisions\/3067"}],"wp:attachment":[{"href":"https:\/\/www.berlin.freidenker.org\/index.php?rest_route=%2Fwp%2Fv2%2Fmedia&parent=3064"}],"wp:term":[{"taxonomy":"category","embeddable":true,"href":"https:\/\/www.berlin.freidenker.org\/index.php?rest_route=%2Fwp%2Fv2%2Fcategories&post=3064"},{"taxonomy":"post_tag","embeddable":true,"href":"https:\/\/www.berlin.freidenker.org\/index.php?rest_route=%2Fwp%2Fv2%2Ftags&post=3064"}],"curies":[{"name":"wp","href":"https:\/\/api.w.org\/{rel}","templated":true}]}}