{"id":3087,"date":"2016-11-24T18:29:23","date_gmt":"2016-11-24T16:29:23","guid":{"rendered":"http:\/\/www.berlin.freidenker.org\/?p=3087"},"modified":"2016-11-25T19:00:10","modified_gmt":"2016-11-25T17:00:10","slug":"rede-von-sahra-wagenknecht-und-ihre-zuhoererinnen","status":"publish","type":"post","link":"https:\/\/www.berlin.freidenker.org\/?p=3087","title":{"rendered":"Rede von Sahra Wagenknecht &#8230; und Blick auf ihre Zuh\u00f6rerInnen"},"content":{"rendered":"<p>Sahra Wagenknecht hat zur Haushaltsdebatte im Bundestag eine gute Rede gehalten:<\/p>\n<p style=\"text-align: center;\"><iframe loading=\"lazy\" src=\"\/\/www.youtube.com\/embed\/-aI7K9tFDyw\" width=\"500\" height=\"314\" allowfullscreen=\"allowfullscreen\"><\/iframe><\/p>\n<p>Sie hat nachgewiesen, dass die Regierung eine Politik gegen die Interessen der Masse der Bev\u00f6lkerung betreibt und besonders gegen die Schw\u00e4chsten der Gesellschaft. Zugleich hat sie aufgezeigt, zu wem das ganze Geld flie\u00dft, zu den Reichen und Superreichen, zu den Konzernen.<\/p>\n<p>Wer sich die ganzen 30 Minuten anh\u00f6rt, bemerkt, dass es kein Routine-Auftritt war. Die Rednerin hat wirklich sorgf\u00e4ltig argumentiert und viele treffende Fakten in&#8217;s Feld gef\u00fchrt.<\/p>\n<p>Sie traf auf die geballte Ablehnung ihrer CDU-, CSU- und SPD-Kollegen. In betontem Desinteresse, durch Nichtachtung dr\u00fcckte sich die Arroganz der Macht aus. Wagenknecht verwies darauf, dass dieses Verhalten der &#8222;Volksvertreter&#8220; gegen\u00fcber den berechtigten Forderungen vieler Menschen die Demokratie diskreditiert und gef\u00e4hrden kann. Dann, so warnte sie, kann es eine Art Notwehr sein, wenn ein Trump oder eine Frau le Pen gew\u00e4hlt werden.<\/p>\n<p>Hier sind einige Abgeordnete aus den Regierungsfraktionen anzuschauen:<\/p>\n<p><a href=\"https:\/\/i0.wp.com\/www.berlin.freidenker.org\/wp-content\/uploads\/2016\/11\/Zuh%C3%B6rerInnen1.jpg?ssl=1\"><img data-recalc-dims=\"1\" loading=\"lazy\" decoding=\"async\" class=\"size-full wp-image-3088 aligncenter\" src=\"https:\/\/i0.wp.com\/www.berlin.freidenker.org\/wp-content\/uploads\/2016\/11\/Zuh%C3%B6rerInnen1.jpg?resize=500%2C341&#038;ssl=1\" alt=\"zuhoererinnen1\" width=\"500\" height=\"341\" srcset=\"https:\/\/i0.wp.com\/www.berlin.freidenker.org\/wp-content\/uploads\/2016\/11\/Zuh%C3%B6rerInnen1.jpg?w=500&amp;ssl=1 500w, https:\/\/i0.wp.com\/www.berlin.freidenker.org\/wp-content\/uploads\/2016\/11\/Zuh%C3%B6rerInnen1.jpg?resize=300%2C205&amp;ssl=1 300w\" sizes=\"auto, (max-width: 500px) 100vw, 500px\" \/><\/a><\/p>\n<p><a href=\"https:\/\/i0.wp.com\/www.berlin.freidenker.org\/wp-content\/uploads\/2016\/11\/Zuh%C3%B6rerInnen2.jpg?ssl=1\"><img data-recalc-dims=\"1\" loading=\"lazy\" decoding=\"async\" class=\"size-full wp-image-3089 aligncenter\" src=\"https:\/\/i0.wp.com\/www.berlin.freidenker.org\/wp-content\/uploads\/2016\/11\/Zuh%C3%B6rerInnen2.jpg?resize=500%2C316&#038;ssl=1\" alt=\"zuhoererinnen2\" width=\"500\" height=\"316\" srcset=\"https:\/\/i0.wp.com\/www.berlin.freidenker.org\/wp-content\/uploads\/2016\/11\/Zuh%C3%B6rerInnen2.jpg?w=500&amp;ssl=1 500w, https:\/\/i0.wp.com\/www.berlin.freidenker.org\/wp-content\/uploads\/2016\/11\/Zuh%C3%B6rerInnen2.jpg?resize=300%2C190&amp;ssl=1 300w\" sizes=\"auto, (max-width: 500px) 100vw, 500px\" \/><\/a><\/p>\n<p><a href=\"https:\/\/i0.wp.com\/www.berlin.freidenker.org\/wp-content\/uploads\/2016\/11\/Zuh%C3%B6rerInnen3.jpg?ssl=1\"><img data-recalc-dims=\"1\" loading=\"lazy\" decoding=\"async\" class=\"size-full wp-image-3090 aligncenter\" src=\"https:\/\/i0.wp.com\/www.berlin.freidenker.org\/wp-content\/uploads\/2016\/11\/Zuh%C3%B6rerInnen3.jpg?resize=500%2C259&#038;ssl=1\" alt=\"zuhoererinnen3\" width=\"500\" height=\"259\" srcset=\"https:\/\/i0.wp.com\/www.berlin.freidenker.org\/wp-content\/uploads\/2016\/11\/Zuh%C3%B6rerInnen3.jpg?w=500&amp;ssl=1 500w, https:\/\/i0.wp.com\/www.berlin.freidenker.org\/wp-content\/uploads\/2016\/11\/Zuh%C3%B6rerInnen3.jpg?resize=300%2C155&amp;ssl=1 300w\" sizes=\"auto, (max-width: 500px) 100vw, 500px\" \/><\/a><\/p>\n<p><a href=\"https:\/\/i0.wp.com\/www.berlin.freidenker.org\/wp-content\/uploads\/2016\/11\/Zuh%C3%B6rerInnen4.jpg?ssl=1\"><img data-recalc-dims=\"1\" loading=\"lazy\" decoding=\"async\" class=\"size-full wp-image-3091 aligncenter\" src=\"https:\/\/i0.wp.com\/www.berlin.freidenker.org\/wp-content\/uploads\/2016\/11\/Zuh%C3%B6rerInnen4.jpg?resize=500%2C178&#038;ssl=1\" alt=\"zuhoererinnen4\" width=\"500\" height=\"178\" srcset=\"https:\/\/i0.wp.com\/www.berlin.freidenker.org\/wp-content\/uploads\/2016\/11\/Zuh%C3%B6rerInnen4.jpg?w=500&amp;ssl=1 500w, https:\/\/i0.wp.com\/www.berlin.freidenker.org\/wp-content\/uploads\/2016\/11\/Zuh%C3%B6rerInnen4.jpg?resize=300%2C107&amp;ssl=1 300w\" sizes=\"auto, (max-width: 500px) 100vw, 500px\" \/><\/a><\/p>\n<p><a href=\"https:\/\/i0.wp.com\/www.berlin.freidenker.org\/wp-content\/uploads\/2016\/11\/Zuh%C3%B6rerInnen5.jpg?ssl=1\"><img data-recalc-dims=\"1\" loading=\"lazy\" decoding=\"async\" class=\"size-full wp-image-3092 aligncenter\" src=\"https:\/\/i0.wp.com\/www.berlin.freidenker.org\/wp-content\/uploads\/2016\/11\/Zuh%C3%B6rerInnen5.jpg?resize=300%2C520&#038;ssl=1\" alt=\"zuhoererinnen5\" width=\"300\" height=\"520\" srcset=\"https:\/\/i0.wp.com\/www.berlin.freidenker.org\/wp-content\/uploads\/2016\/11\/Zuh%C3%B6rerInnen5.jpg?w=300&amp;ssl=1 300w, https:\/\/i0.wp.com\/www.berlin.freidenker.org\/wp-content\/uploads\/2016\/11\/Zuh%C3%B6rerInnen5.jpg?resize=173%2C300&amp;ssl=1 173w\" sizes=\"auto, (max-width: 300px) 100vw, 300px\" \/><\/a><\/p>\n<p><a href=\"https:\/\/i0.wp.com\/www.berlin.freidenker.org\/wp-content\/uploads\/2016\/11\/Zuh%C3%B6rerInnen6.jpg?ssl=1\"><img data-recalc-dims=\"1\" loading=\"lazy\" decoding=\"async\" class=\"size-full wp-image-3093 aligncenter\" src=\"https:\/\/i0.wp.com\/www.berlin.freidenker.org\/wp-content\/uploads\/2016\/11\/Zuh%C3%B6rerInnen6.jpg?resize=300%2C132&#038;ssl=1\" alt=\"zuhoererinnen6\" width=\"300\" height=\"132\" \/><\/a><\/p>\n<p>Die Staatsb\u00fcrgerinnen und -b\u00fcrger verlangen, dass in der Demokratie ihre Interessen zum Ausdruck kommen. M\u00f6gen alle Abgeordneten der Linken so klar und entschieden wie in dieser Rede auftreten.<\/p>\n<h4 style=\"text-align: center;\"><strong>NEU! *** Hier geht es zum <a href=\"http:\/\/team-sahra.de\/\" target=\"_blank\">&#8222;Team Sahra&#8220;<\/a> *** NEU!<\/strong><\/h4>\n<p>&#8212;&#8212;&#8212;&#8212;&#8212;&#8212;&#8212;&#8212;&#8212;&#8212;&#8212;&#8212;&#8212;&#8212;&#8211;<\/p>\n<p><a href=\"http:\/\/www.nachdenkseiten.de\/?p=35969#more-35969\" target=\"_blank\">Hier<\/a> setzt sich Jens Berger mit den Reaktionen einiger &#8222;Qualit\u00e4tsjournalisten&#8220; auf diese Rede auseinander.<\/p>\n<p>Und <a href=\"https:\/\/opablog.net\/2016\/11\/25\/hat-frau-wagenknecht-eine-gute-rede-gehalten\/\" target=\"_blank\">hier<\/a> eine differenzierende Betrachtung zu Wagenknecht.<\/p>\n","protected":false},"excerpt":{"rendered":"<p>Sahra Wagenknecht hat zur Haushaltsdebatte im Bundestag eine gute Rede gehalten: Sie hat nachgewiesen, dass die Regierung eine Politik gegen die Interessen der Masse der Bev\u00f6lkerung betreibt und besonders gegen die Schw\u00e4chsten der Gesellschaft. Zugleich hat sie aufgezeigt, zu wem das ganze Geld flie\u00dft, zu den Reichen und Superreichen, zu den Konzernen. Wer sich die [&hellip;]<\/p>\n","protected":false},"author":4,"featured_media":0,"comment_status":"open","ping_status":"open","sticky":false,"template":"","format":"standard","meta":{"jetpack_post_was_ever_published":false,"_jetpack_newsletter_access":"","_jetpack_dont_email_post_to_subs":true,"_jetpack_newsletter_tier_id":0,"_jetpack_memberships_contains_paywalled_content":false,"_jetpack_memberships_contains_paid_content":false,"footnotes":""},"categories":[49,21],"tags":[127,371,148,355],"class_list":["post-3087","post","type-post","status-publish","format-standard","hentry","category-aufklaerung","category-politik","tag-brd","tag-cdu","tag-merkel","tag-wagenknecht"],"jetpack_featured_media_url":"","jetpack_shortlink":"https:\/\/wp.me\/py5dN-NN","jetpack_sharing_enabled":true,"_links":{"self":[{"href":"https:\/\/www.berlin.freidenker.org\/index.php?rest_route=\/wp\/v2\/posts\/3087","targetHints":{"allow":["GET"]}}],"collection":[{"href":"https:\/\/www.berlin.freidenker.org\/index.php?rest_route=\/wp\/v2\/posts"}],"about":[{"href":"https:\/\/www.berlin.freidenker.org\/index.php?rest_route=\/wp\/v2\/types\/post"}],"author":[{"embeddable":true,"href":"https:\/\/www.berlin.freidenker.org\/index.php?rest_route=\/wp\/v2\/users\/4"}],"replies":[{"embeddable":true,"href":"https:\/\/www.berlin.freidenker.org\/index.php?rest_route=%2Fwp%2Fv2%2Fcomments&post=3087"}],"version-history":[{"count":9,"href":"https:\/\/www.berlin.freidenker.org\/index.php?rest_route=\/wp\/v2\/posts\/3087\/revisions"}],"predecessor-version":[{"id":3106,"href":"https:\/\/www.berlin.freidenker.org\/index.php?rest_route=\/wp\/v2\/posts\/3087\/revisions\/3106"}],"wp:attachment":[{"href":"https:\/\/www.berlin.freidenker.org\/index.php?rest_route=%2Fwp%2Fv2%2Fmedia&parent=3087"}],"wp:term":[{"taxonomy":"category","embeddable":true,"href":"https:\/\/www.berlin.freidenker.org\/index.php?rest_route=%2Fwp%2Fv2%2Fcategories&post=3087"},{"taxonomy":"post_tag","embeddable":true,"href":"https:\/\/www.berlin.freidenker.org\/index.php?rest_route=%2Fwp%2Fv2%2Ftags&post=3087"}],"curies":[{"name":"wp","href":"https:\/\/api.w.org\/{rel}","templated":true}]}}