{"id":3107,"date":"2016-11-26T18:40:26","date_gmt":"2016-11-26T16:40:26","guid":{"rendered":"http:\/\/www.berlin.freidenker.org\/?p=3107"},"modified":"2016-11-26T18:40:26","modified_gmt":"2016-11-26T16:40:26","slug":"einladung-zum-jahresendtreffen","status":"publish","type":"post","link":"https:\/\/www.berlin.freidenker.org\/?p=3107","title":{"rendered":"Einladung zum Jahresendtreffen!"},"content":{"rendered":"<p class=\"western\"><span style=\"color: #444444;\"><span style=\"font-family: Arial, sans-serif;\"><span style=\"font-size: small;\">Liebe Freidenkerin, lieber Freidenker, liebe Freundinnen und Freunde,<\/span><\/span><\/span><\/p>\n<p class=\"western\"><span style=\"color: #444444;\"><span style=\"font-family: Arial, sans-serif;\"><span style=\"font-size: small;\">Euch zu unserem n\u00e4chsten Termin einzuladen, ist uns ein besonderes Vergn\u00fcgen,\u00a0<\/span><\/span><\/span><span style=\"color: #444444;\"><span style=\"font-family: Arial, sans-serif;\"><span style=\"font-size: small;\">denn es geht um unser Jahresabschlusstreffen, um unsere letzte <\/span><\/span><\/span><\/p>\n<p style=\"text-align: center;\"><strong><span style=\"color: #444444;\"><span style=\"font-family: Arial, sans-serif;\"><span style=\"font-size: small;\">\u201e<\/span><\/span><\/span><\/strong><strong><span style=\"color: #444444;\"><span style=\"font-family: Arial, sans-serif;\"><span style=\"font-size: small;\"><b>Berliner Runde \u2013 Freidenker im Gespr\u00e4ch\u201c<\/b><\/span><\/span><\/span><\/strong><strong><span style=\"color: #444444;\"><span style=\"font-family: Arial, sans-serif;\"><span style=\"font-size: small;\"> im Jahr 2016.<\/span><\/span><\/span><\/strong><\/p>\n<p class=\"western\"><span style=\"color: #444444;\"><span style=\"font-family: Arial, sans-serif;\"><span style=\"font-size: small;\">Ihr wisst ja, dass es eine Runde der etwas anderen Art ist \u2013 zwar keine Weihnachtsfeier aber doch ein Zusammensein zum Jahresende bei dem wohl auch Besinnlichkeit aufkommt. <\/span><\/span><\/span><\/p>\n<p class=\"western\"><span style=\"color: #444444;\"><span style=\"font-family: Arial, sans-serif;\"><span style=\"font-size: small;\">Wie immer ist es am zweiten Mittwoch des Monats soweit, also: <\/span><\/span><\/span><\/p>\n<p class=\"western\" align=\"center\"><span style=\"color: #444444;\"><span style=\"font-family: Arial, sans-serif;\"><span style=\"font-size: small;\"><b>am <\/b><\/span><\/span><\/span><strong><span style=\"color: #444444;\"><span style=\"font-family: Arial, sans-serif;\"><span style=\"font-size: small;\"><b>Mittwoch, dem 14. Dezember 2016, 18.00 Uhr<\/b><\/span><\/span><\/span><\/strong><\/p>\n<p class=\"western\"><span style=\"font-family: Arial, sans-serif;\"><span style=\"font-size: small;\"><span style=\"color: #444444;\">wie immer im Klub der Volkssolidarit\u00e4t, Torstr. 203 \u2013 205, 10115 Berlin.<\/span><span style=\"color: #444444;\"><b>*<\/b><\/span><\/span><\/span><\/p>\n<p class=\"western\"><span style=\"font-family: Arial, sans-serif;\"><span style=\"font-size: small;\">Wir stellen den ganzen Abend unter das Thema: \u201eWie wollen wir leben?\u201c, das Thema, das auch unser Verbandstag in Potsdam Mitte des Jahres gew\u00e4hlt hatte. <\/span><\/span><\/p>\n<p class=\"western\"><span style=\"font-family: Arial, sans-serif;\"><span style=\"font-size: small;\">Vielleicht kommen wir ja ins Erz\u00e4hlen dar\u00fcber, was wir im zu Ende gehenden Jahr erlebt haben und vielleicht sogar ins Tr\u00e4umen oder Phantasieren oder gar Spekulieren, was das neue Jahr bringen k\u00f6nnte oder bringen m\u00f6ge.<\/span><\/span><\/p>\n<p class=\"western\"><span style=\"font-family: Arial, sans-serif;\"><span style=\"font-size: small;\">Krampfhafte Diskussionen f\u00fchren wir ja auch sonst nicht in unseren Freidenkerrunden, vielleicht aber kommt diesmal noch eine Portion Leichtigkeit hinzu &#8211; wenn sich die Eine oder der Andere als Unterhalter versucht, wenn Dr. Seltsam Bedenkenswertes oder Bedenkliches serviert oder wenn wir uns gar der Frage zuwenden: \u201eWie bitte, nichts zu Lachen?\u201c.<\/span><\/span><\/p>\n<p class=\"western\"><span style=\"font-family: Arial, sans-serif;\"><span style=\"font-size: small;\">Apropos \u201eserviert\u201c, das klingt wie \u201eService\u201c, und dann ist es nicht weit bis \u201eCatering-Service\u201c. Aber nein, einen ausw\u00e4rtigen Versorger brauchen wir nicht.\u00a0<\/span><\/span><span style=\"font-family: Arial, sans-serif;\"><span style=\"font-size: small;\">Dies und Das werden wir vorbereiten, doch dar\u00fcber hinaus d\u00fcrfen wir uns gern gegenseitig mit kleinen kulinarischen Beitr\u00e4gen \u00fcberraschen. Das schmeckt doch am besten.<\/span><\/span><\/p>\n<p class=\"western\"><span style=\"font-family: Arial, sans-serif;\"><span style=\"font-size: small;\">Wohlversorgt an Geist und Gaumen wollen wir gemeinsam an der Schwelle des Jahreswechsels innehalten und nach vorn blicken.\u00a0<\/span><\/span><span style=\"font-family: Arial, sans-serif;\"><span style=\"font-size: small;\">Darauf freuen wir uns und Ihr, so hoffen wir, auch.<\/span><\/span><\/p>\n<p class=\"western\"><span style=\"font-family: Arial, sans-serif;\"><span style=\"font-size: small;\">Seid alle herzlich eingeladen! <\/span><\/span><\/p>\n<p class=\"western\"><span style=\"font-family: Arial, sans-serif;\"><span style=\"font-size: small;\">Alant, Daniel, Edi, Jean-Theo und Klaus-Peter<\/span><\/span><\/p>\n<hr \/>\n<p class=\"western\"><b>*<\/b>S1-, S2-, S25-Oranienburger Str., U6-Oranienburger Tor<\/p>\n","protected":false},"excerpt":{"rendered":"<p>Liebe Freidenkerin, lieber Freidenker, liebe Freundinnen und Freunde, Euch zu unserem n\u00e4chsten Termin einzuladen, ist uns ein besonderes Vergn\u00fcgen,\u00a0denn es geht um unser Jahresabschlusstreffen, um unsere letzte \u201eBerliner Runde \u2013 Freidenker im Gespr\u00e4ch\u201c im Jahr 2016. Ihr wisst ja, dass es eine Runde der etwas anderen Art ist \u2013 zwar keine Weihnachtsfeier aber doch ein [&hellip;]<\/p>\n","protected":false},"author":4,"featured_media":0,"comment_status":"open","ping_status":"open","sticky":false,"template":"","format":"standard","meta":{"jetpack_post_was_ever_published":false,"_jetpack_newsletter_access":"","_jetpack_dont_email_post_to_subs":false,"_jetpack_newsletter_tier_id":0,"_jetpack_memberships_contains_paywalled_content":false,"_jetpack_memberships_contains_paid_content":false,"footnotes":""},"categories":[14,46],"tags":[372],"class_list":["post-3107","post","type-post","status-publish","format-standard","hentry","category-aktivitaeten-des-dfv-berlin","category-freidenker-im-gespraech","tag-freidenker-berlin"],"jetpack_featured_media_url":"","jetpack_shortlink":"https:\/\/wp.me\/py5dN-O7","jetpack_sharing_enabled":true,"_links":{"self":[{"href":"https:\/\/www.berlin.freidenker.org\/index.php?rest_route=\/wp\/v2\/posts\/3107","targetHints":{"allow":["GET"]}}],"collection":[{"href":"https:\/\/www.berlin.freidenker.org\/index.php?rest_route=\/wp\/v2\/posts"}],"about":[{"href":"https:\/\/www.berlin.freidenker.org\/index.php?rest_route=\/wp\/v2\/types\/post"}],"author":[{"embeddable":true,"href":"https:\/\/www.berlin.freidenker.org\/index.php?rest_route=\/wp\/v2\/users\/4"}],"replies":[{"embeddable":true,"href":"https:\/\/www.berlin.freidenker.org\/index.php?rest_route=%2Fwp%2Fv2%2Fcomments&post=3107"}],"version-history":[{"count":6,"href":"https:\/\/www.berlin.freidenker.org\/index.php?rest_route=\/wp\/v2\/posts\/3107\/revisions"}],"predecessor-version":[{"id":3113,"href":"https:\/\/www.berlin.freidenker.org\/index.php?rest_route=\/wp\/v2\/posts\/3107\/revisions\/3113"}],"wp:attachment":[{"href":"https:\/\/www.berlin.freidenker.org\/index.php?rest_route=%2Fwp%2Fv2%2Fmedia&parent=3107"}],"wp:term":[{"taxonomy":"category","embeddable":true,"href":"https:\/\/www.berlin.freidenker.org\/index.php?rest_route=%2Fwp%2Fv2%2Fcategories&post=3107"},{"taxonomy":"post_tag","embeddable":true,"href":"https:\/\/www.berlin.freidenker.org\/index.php?rest_route=%2Fwp%2Fv2%2Ftags&post=3107"}],"curies":[{"name":"wp","href":"https:\/\/api.w.org\/{rel}","templated":true}]}}