{"id":3143,"date":"2016-12-07T22:50:11","date_gmt":"2016-12-07T20:50:11","guid":{"rendered":"http:\/\/www.berlin.freidenker.org\/?p=3143"},"modified":"2016-12-08T19:24:56","modified_gmt":"2016-12-08T17:24:56","slug":"antwort-aus-berlin-auf-einen-aufruf-aus-berlin","status":"publish","type":"post","link":"https:\/\/www.berlin.freidenker.org\/?p=3143","title":{"rendered":"Antwort aus Berlin auf einen \u201eAufruf aus Berlin\u201c"},"content":{"rendered":"<h4 class=\"western\">Verschiedene Akteure rufen zu Protestaktionen am 20.oder 21.1.2017 gegen die Amtseinf\u00fchrung des neuen USA-Pr\u00e4sidenten auf.\u00a0<a href=\"https:\/\/theleftberlin.files.wordpress.com\/2016\/12\/trump-leaflet.pdf\" target=\"_blank\">&#8222;Against-Trumpism&#8220;<\/a>\u00a0wird da im sch\u00f6nsten hochneudeutsch formuliert. Darauf antworten wir:<\/h4>\n<p class=\"western\"><span style=\"font-family: 'Liberation Serif', serif;\"><span style=\"font-size: medium;\"><i>1. Der Hauptfeind des Friedens ist der Imperialismus. Der Imperialismus, als h\u00f6chstes Stadium des kapitalistischen Gesellschaftssystems, tr\u00e4gt seit seiner Entstehung vor 120 Jahren die Verantwortung f\u00fcr ungez\u00e4hlte Kriege mit Abermillionen Opfern. Heute maskiert sich der Imperialismus u.a. mit den Begriffen &#8222;Neoliberalismus&#8220;, &#8222;F\u00f6rderer der Globalisierung&#8220;, &#8222;K\u00e4mpfer im Krieg gegen den Terror&#8220;, als &#8222;Menschenrechtsstreiter&#8220; oder als &#8222;Westliche Wertegemeinschaft&#8220;. Ungeachtet seiner jeweils aktuellen Verkleidung ist der Imperialismus auch heute der Hauptverantwortliche f\u00fcr die gegenw\u00e4rtigen Kriege und f\u00fcr die gegenw\u00e4rtige Androhung eines Atomkrieges.<\/i><\/span><\/span><\/p>\n<p class=\"western\"><span style=\"font-family: 'Liberation Serif', serif;\"><span style=\"font-size: medium;\"><i>2. Die imperialistischen Hauptm\u00e4chte, denen wir uns unmittelbar ausgesetzt sehen, sind der deutsche Imperialismus, der USA-Imperialismus, der franz\u00f6sische, britische und israelische Imperialismus, sowie ihre B\u00fcndnissysteme NATO (einschlie\u00dflich \u201eWirtschafts-NATO\u201c) und EU. Absolut im Vordergrund steht unser Kampf gegen das B\u00fcndnis von deutschem und US-Imperialismus. Das ist eine Achse, gleichsam eine Zwillingskraft, gegen deren beide Pole wir gleicherma\u00dfen k\u00e4mpfen, wobei je nach der konkreten politischen Problemstellung, der Eine oder der Andere dieses &#8222;duo infernale&#8220; in den Vordergrund tritt.<\/i><\/span><\/span><\/p>\n<p class=\"western\"><span style=\"font-family: 'Liberation Serif', serif;\"><span style=\"font-size: medium;\"><i>3. Ohne Politik unzul\u00e4ssig zu personalisieren, bek\u00e4mpfen wir solche F\u00fchrerInnen, wie Merkel, Steinmeier, Gauck Obama, Hollande, Netanjahu, Stoltenberg, Juncker usw. als verantwortliche ExekutorInnen realer imperialistischer Kriegspolitik. Die Programmatik von PolitikerInnen, die nach h\u00f6chsten Positionen in der Exekutive streben, beispielsweise Trump, Le Pen, Fillon aber auch weiterhin Clinton, analysieren wir gr\u00fcndlich und ber\u00fccksichtigen dabei ihre Position als Noch-Nicht-Verantwortliche und spezifisch Taktierende.<\/i><\/span><\/span><\/p>\n<p class=\"western\"><span style=\"font-family: 'Liberation Serif', serif;\"><span style=\"font-size: medium;\"><i>4. Imperialismus ist in sich widerspr\u00fcchlich. Auch im Zeitalter des Imperialismus existieren kapitalistische (kleinere) M\u00e4chte, die selbst keine oder nur partielle imperialistische Politik betreiben oder unterst\u00fctzen. Zugleich existieren innerhalb der imperialistischen Hauptl\u00e4nder, auch in den USA und in Deutschland, imperialistische Kapitalfraktionen, die von den Haupthebeln der politischen Macht mehr oder weniger ausgeschlossen sind und darum k\u00e4mpfen, die Politik ihres Landes nach ihren Interessen zu bestimmen und ihre eigenwilligen Profit- und Machtorientierungen durchzusetzen.<\/i><\/span><\/span><\/p>\n<p class=\"western\"><span style=\"font-family: 'Liberation Serif', serif;\"><span style=\"font-size: medium;\"><i>5. Ein solcher Kampf findet gegenw\u00e4rtig in den USA aber zunehmend auch in den anderen imperialistischen Hauptl\u00e4ndern statt und zwar zwischen der herrschenden neoliberal-globalistischen Linie (Bush, Obama, Clinton, Soros), die auf eine monopolare NeueWeltOrdnung gerichtet ist, und einer zur Herrschaft strebenden neoliberal-nationalistischen Linie (Trump), die bem\u00fcht zu sein scheint, die Herausforderungen der sich ausbildenden Multipolaren Weltordnung nicht rundweg zu ignorieren, sondern aktiv\/offensiv (\u201eAmerica first\u201c) mitzugestalten.<\/i><\/span><\/span><\/p>\n<p class=\"western\"><span style=\"font-family: 'Liberation Serif', serif;\"><span style=\"font-size: medium;\"><i>Die Linie Obamas und noch st\u00e4rker Clintons setzte und setzt seit Jahren auf die Entfesselung eines sehr gro\u00dfen Krieges gegen Russland, der bisher nur Dank der russischen Flexibilit\u00e4t sowie milit\u00e4risch-politischen St\u00e4rke verhindert werden konnte. Die Linie Trumps scheint von der direkten und zeitnahen milit\u00e4rischen Konfrontation mit Russland abzur\u00fccken. (Vieles spricht f\u00fcr <span style=\"color: #282e21;\">Wimmer<\/span><span style=\"color: #282e21;\">s Einsch\u00e4tzung, dass m<\/span><span style=\"color: #282e21;\">it diesem Wahlergebnis der u<\/span><span style=\"color: #282e21;\">nmittelbar drohende Dritte Weltkrieg abgewendet <\/span><span style=\"color: #282e21;\">worden sei<\/span><span style=\"color: #282e21;\">.<\/span><span style=\"color: #282e21;\">)<\/span><\/i><\/span><\/span><\/p>\n<p class=\"western\"><span style=\"font-family: 'Liberation Serif', serif;\"><span style=\"font-size: medium;\"><i>Der Kampf zwischen beiden Linien in den USA und im Weltma\u00dfstab ist noch nicht entschieden. Im Gegenteil: Nach dem Wahlsieg von Trump wird er weltweit nicht zuletzt mittels bekannter aber auch modifizierter Soros-Strategien versch\u00e4rft.<\/i><\/span><\/span><\/p>\n<p class=\"western\"><!--more--><\/p>\n<p class=\"western\"><span style=\"font-family: 'Liberation Serif', serif;\"><span style=\"font-size: medium;\"><i>6. Wir Berliner Freidenker stehen auf dem Standpunkt, dass sich die Friedensbewegung f\u00fcr keine der imperialistischen Fraktionen, auch nicht f\u00fcr die &#8222;Wertegemeinschaft&#8220;, instrumentalisieren lassen darf. Sollte eine Kapitalfraktion zur Herrschaft gelangen, die die akute Kriegsgefahr gegen Russland verringert (was Trump wiederholt signalisiert hat), so muss auf das Genaueste ihre reale Politik gegen\u00fcber dem Partner Russland analysiert werden.<\/i><\/span><\/span><\/p>\n<p class=\"western\"><span style=\"font-family: 'Liberation Serif', serif;\"><span style=\"font-size: medium;\"><i>Russland ist eine bedeutende geopolitische Macht. Es betreibt, im B\u00fcndnis mit China und weiteren M\u00e4chten, eine souver\u00e4ne aber nicht imperialistische Politik. Die Haltung zur gleichberechtigten Kooperation mit Russland ist eine Scheidelinie f\u00fcr die Politik JEDER imperialistischen Kapitalfraktion.<\/i><\/span><\/span><\/p>\n<p class=\"western\"><span style=\"font-family: 'Liberation Serif', serif;\"><span style=\"font-size: medium;\"><i>7. Eine Politik der gleichberechtigten Kooperation mit Russland und dar\u00fcber hinaus der Entwicklung eines eurasischen Wirtschafts-, Lebens- und Friedensraumes von Lissabon bis Wladiwostok zu unterst\u00fctzen, entspricht voll und ganz den Interessen des deutschen Volkes. Vorbehaltlos wirken wir Berliner Freidenker in diesem Sinne, und wir fordern alle Friedensbewegten in Deutschland auf, es ebenso zu tun. Dar\u00fcber hinaus gilt es, jeder Hetze gegen Russland, wie gegen alle anderen L\u00e4nder und V\u00f6lker, mit aller Entschiedenheit entgegen zu treten.<\/i><\/span><\/span><\/p>\n<p class=\"western\"><span style=\"font-family: 'Liberation Serif', serif;\"><span style=\"font-size: medium;\"><i>8. <span style=\"color: #282e21;\">Wer auch immer zu Demonstrationen am 20. <\/span><span style=\"color: #282e21;\">oder 21.<\/span><span style=\"color: #282e21;\">1.2017 gegen die Amtseinf\u00fchrung des neuen Pr\u00e4sidenten der USA aufruft, sendet ein falsches Signal. <\/span><span style=\"color: #282e21;\">Eine andere Mobilisierung ist n\u00f6tig: <\/span><span style=\"color: #282e21;\">Trump beim Wort nehmen, <\/span><span style=\"color: #282e21;\">damit seinen positiven <\/span><span style=\"color: #282e21;\">Worten <\/span><span style=\"color: #282e21;\">positive <\/span><span style=\"color: #282e21;\">Taten folgen!<\/span><\/i><\/span><\/span><\/p>\n<p class=\"western\"><span style=\"font-family: 'Liberation Serif', serif;\"><span style=\"font-size: medium;\"><i><span style=\"color: #282e21;\">Der Slogan &#8222;Nicht unser Pr\u00e4sident!&#8220; ist eine unter unseren Verh\u00e4ltnissen weitgehend sinnfreie Kopie einer US-amerikanischen Kampagne, da wohl nicht die Bilder von Gauck oder Steinmeier gezeigt werden sollen. Der Slogan &#8222;gegen Trumps Politik&#8220; ist vielmehr geeignet, die Herzen der Chefmilitaristen de<\/span><span style=\"color: #282e21;\">s Westens<\/span><span style=\"color: #282e21;\"> zu erw\u00e4rmen, die Trumps Ank\u00fcndigung der Verst\u00e4ndigung mit Russland und des Endes von Regime Change-Kriegen verdammen, und ihn auf die Fortsetzung des NATO-Konfrontationskurses festlegen wollen.<\/span><\/i><\/span><\/span><\/p>\n<p class=\"western\"><span style=\"font-family: 'Liberation Serif', serif;\"><span style=\"font-size: medium;\"><i>9. <span style=\"color: #282e21;\">Seit der Wahl Trumps erleben wir Gedankenspiele, wie der Konfrontationskurs der NATO auch bei m\u00f6glicher &#8222;verminderter Unterst\u00fctzung&#8220; durch die USA&#8220; fortgesetzt werden kann. Obamas Abschiedsbesuch in Berlin wurde allen Ernstes als &#8222;\u00dcbergabe des Staffelstabes an die neue F\u00fchrerin der freien Welt&#8220; kommentiert. Diskutiert wird \u00fcber die Schaffung einer &#8222;EU-Armee&#8220;, Deutschland will Kampfdrohnen &#8211; &#8222;geleast&#8220; von Israel! Die &#8222;nukleare Option&#8220; und die deutsche Verf\u00fcgungsgewalt \u00fcber Atomwaffen wird vermehrt gefordert. Dies alles vielstimmig und nachdr\u00fccklich, und noch vor Trumps Amts\u00fcbernahme. Wir halten die entschiedene Mobilisierung der deutschen Friedensbewegung gegen die erneuerten Weltmachtambitionen des deutschen\/EU-Imperialismus f\u00fcr vordringlich.<\/span><\/i><\/span><\/span><\/p>\n<p class=\"western\"><span style=\"font-family: 'Liberation Serif', serif;\"><span style=\"font-size: medium;\"><i>Landesverband Berlin im Deutschen Freidenker-Verband<\/i><\/span><\/span><\/p>\n<p class=\"western\"><span style=\"font-family: 'Liberation Serif', serif;\"><span style=\"font-size: medium;\"><i><span style=\"color: #282e21;\">Folgend ein Auszug a<\/span><span style=\"color: #282e21;\">us dem E<\/span><span style=\"color: #282e21;\">ditorial des <\/span><span style=\"color: #282e21;\">in K\u00fcrze erscheinenden <\/span><span style=\"color: #282e21;\">&#8222;Freidenker&#8220; <\/span><span style=\"color: #282e21;\">Nr. 4-16<\/span><span style=\"color: #282e21;\">, <\/span><span style=\"color: #282e21;\">viertelj\u00e4hrliches Verbandsorgan des DFV<\/span><span style=\"color: #282e21;\">:<\/span><\/i><\/span><\/span><\/p>\n<p class=\"western\" align=\"justify\"><span style=\"color: #282e21;\"><span style=\"font-family: 'Lucida Console', monospace;\"><span style=\"font-size: small;\">Trump als neuer US-Pr\u00e4sident \u2013 das hat viele ersch\u00fcttert. Wir tr\u00f6sten uns, dass die NATO am meisten schockiert ist. Die mit der bew\u00e4hrten Kriegsverbrecherin und erhofften US-Pr\u00e4sidentin geplante Einweihung des neuen Hauptquartiers in Br\u00fcssel im Fr\u00fchjahr wurde vorsichtshalber erstmal verschoben. H\u00e4lt der Neue an den US-Truppen an der russischen Grenze fest, sagt er gar die \u201eRaketenabwehr&#8220; ab, will er noch Assad st\u00fcrzen? Chefmilitaristen des Westens durchleben eine Sinnkrise, Obamas Abschiedsbesuch in Berlin wird als \u201e\u00dcbergabe des Staffelstabes an die neue F\u00fchrerin der Freien Welt&#8220; kommentiert. \u201eAntiamerikanismus&#8220;, immer der Friedensbewegung vorgeworfen, scheint sich in den NATO-Hauptst\u00e4dten und Leitmedien breit zu machen. Doch die angedrohte grandiose Aufr\u00fcstung hatte 2014 schon der Friedensnobelpreistr\u00e4ger in Merkels Pflichtenheft diktiert: 2% vom Bruttoinlandspodukt bedeutet eine Erh\u00f6hung des R\u00fcstungsetats von 34 auf 65 Mrd. Euro.<\/span><\/span><\/span><\/p>\n<p class=\"western\"><span style=\"font-family: 'Lucida Console', monospace;\"><span style=\"font-size: small;\"><span style=\"color: #282e21;\">Ohne Illusionen und Kaffeesatzleserei \u00fcber die k\u00fcnftige US-Politik: Anlass zum Protest gegen diesen NATO-Wahnsinn, gegen eine neue EU-Armee, gegen deutsche Kampfdrohnen und \u201enukleare Optionen&#8220; haben wir allemal \u2013 z. B. zur M\u00fcnchner \u201eSicherheitskonferenz&#8220; vom 17.-19.02.2017.<\/span> <\/span><\/span><\/p>\n","protected":false},"excerpt":{"rendered":"<p>Verschiedene Akteure rufen zu Protestaktionen am 20.oder 21.1.2017 gegen die Amtseinf\u00fchrung des neuen USA-Pr\u00e4sidenten auf.\u00a0&#8222;Against-Trumpism&#8220;\u00a0wird da im sch\u00f6nsten hochneudeutsch formuliert. Darauf antworten wir: 1. Der Hauptfeind des Friedens ist der Imperialismus. Der Imperialismus, als h\u00f6chstes Stadium des kapitalistischen Gesellschaftssystems, tr\u00e4gt seit seiner Entstehung vor 120 Jahren die Verantwortung f\u00fcr ungez\u00e4hlte Kriege mit Abermillionen Opfern. Heute [&hellip;]<\/p>\n","protected":false},"author":4,"featured_media":0,"comment_status":"open","ping_status":"open","sticky":false,"template":"","format":"standard","meta":{"jetpack_post_was_ever_published":false,"_jetpack_newsletter_access":"","_jetpack_dont_email_post_to_subs":true,"_jetpack_newsletter_tier_id":0,"_jetpack_memberships_contains_paywalled_content":false,"_jetpack_memberships_contains_paid_content":false,"footnotes":""},"categories":[22,45,175,21,8,23],"tags":[127,381,57,229,280,96],"class_list":["post-3143","post","type-post","status-publish","format-standard","hentry","category-friedensaktionen","category-friedensbewegung","category-nato","category-politik","category-standpunkte","category-syrien","tag-brd","tag-clinton","tag-nato","tag-soros","tag-trump","tag-usa"],"jetpack_featured_media_url":"","jetpack_shortlink":"https:\/\/wp.me\/py5dN-OH","jetpack_sharing_enabled":true,"_links":{"self":[{"href":"https:\/\/www.berlin.freidenker.org\/index.php?rest_route=\/wp\/v2\/posts\/3143","targetHints":{"allow":["GET"]}}],"collection":[{"href":"https:\/\/www.berlin.freidenker.org\/index.php?rest_route=\/wp\/v2\/posts"}],"about":[{"href":"https:\/\/www.berlin.freidenker.org\/index.php?rest_route=\/wp\/v2\/types\/post"}],"author":[{"embeddable":true,"href":"https:\/\/www.berlin.freidenker.org\/index.php?rest_route=\/wp\/v2\/users\/4"}],"replies":[{"embeddable":true,"href":"https:\/\/www.berlin.freidenker.org\/index.php?rest_route=%2Fwp%2Fv2%2Fcomments&post=3143"}],"version-history":[{"count":6,"href":"https:\/\/www.berlin.freidenker.org\/index.php?rest_route=\/wp\/v2\/posts\/3143\/revisions"}],"predecessor-version":[{"id":3149,"href":"https:\/\/www.berlin.freidenker.org\/index.php?rest_route=\/wp\/v2\/posts\/3143\/revisions\/3149"}],"wp:attachment":[{"href":"https:\/\/www.berlin.freidenker.org\/index.php?rest_route=%2Fwp%2Fv2%2Fmedia&parent=3143"}],"wp:term":[{"taxonomy":"category","embeddable":true,"href":"https:\/\/www.berlin.freidenker.org\/index.php?rest_route=%2Fwp%2Fv2%2Fcategories&post=3143"},{"taxonomy":"post_tag","embeddable":true,"href":"https:\/\/www.berlin.freidenker.org\/index.php?rest_route=%2Fwp%2Fv2%2Ftags&post=3143"}],"curies":[{"name":"wp","href":"https:\/\/api.w.org\/{rel}","templated":true}]}}