{"id":3163,"date":"2016-12-16T19:41:48","date_gmt":"2016-12-16T17:41:48","guid":{"rendered":"http:\/\/www.berlin.freidenker.org\/?p=3163"},"modified":"2016-12-16T19:41:48","modified_gmt":"2016-12-16T17:41:48","slug":"trump-fordert-die-friedensbewegung-und-die-linke","status":"publish","type":"post","link":"https:\/\/www.berlin.freidenker.org\/?p=3163","title":{"rendered":"Trump fordert die Friedensbewegung und die Linke"},"content":{"rendered":"<p>Dass ein neuer Pr\u00e4sident der USA, der gr\u00f6\u00dften imperialistischen Macht, die Linke und die Friedensbewegung herausfordert, vielleicht auch in neuer Art und Weise, ist eine Binsenwahrheit. Und ist damit kein Grund, \u00fcbereilt oder gar hysterisierend zu reagieren. Im Gegenteil: Linke und Friedensbewegung, seit langem auf bedeutende politische Ereignisse eher \u201ebr\u00e4sig\u201c reagierend (man denke an den Putsch in der Ukraine), sollten besonders gr\u00fcndlich analysieren und gemeinschaftlich beraten und dann m\u00f6glichst mit einer gemeinsamen politischen Erkl\u00e4rung Stellung beziehen.<\/p>\n<p>Zum Diskussionsprozess darf Jeder\/Jede seine\/ihre Gedanken beisteuern, von mir kommen diese:<\/p>\n<ol>\n<li>Marxisten wissen (und manche Nichtmarxisten auch): <em>\u201eJe ein Kapitalist schl\u00e4gt viele tot.\u201c<\/em> (lesenswert ist <a href=\"http:\/\/www.mlwerke.de\/me\/me23\/me23_741.htm\" target=\"_blank\">das ganze Kapitel<\/a>). Wir d\u00fcrfen den Satz w\u00f6rtlich nehmen, auch in Bezug auf Trump: Zwischen Kapitalfraktionen finden erbitterte K\u00e4mpfe statt, einschlie\u00dflich Mord und Totschlag. Zwar werden Kapitalisten nie den Kapitalismus abschaffen wollen aber dass die Einen die Sklaverei abschaffen und die Anderen die Sklaverei verewigen wollten- das brachte den USA bekanntlich einen B\u00fcrgerkrieg. Dass \u00a0heute die auf Maximalprofit gerichteten neoliberalen Globalisten (f\u00fcr die Clinton und Soros agieren) direkt einen sehr gro\u00dfen Krieg mit Russland und China ansteuern und dass dagegen die auf Maximalprofit gerichteten neoliberalen Nationalisten (f\u00fcr die Trump und Flynn agieren) eher auf \u201eDeals\u201c mit Russland und China setzen \u2013 das scheint heute zur realen Widerspr\u00fcchlichkeit des politischen Kampfes zu geh\u00f6ren. Ihr m\u00fcssen Friedensbewegung und Linke in vollem Umfang gerecht werden.<\/li>\n<li>Nicht erst seit der gr\u00fcne Kriegspolitiker Fischer mit seiner Warnung vor einem NEUEN AUSCHWITZ zum verbrecherischen Krieg gegen Jugoslawien hetzte, wird der Faschismusbegriff in imperialistischem Interesse instrumentalisiert. Dies bedenkend verbietet sich die Erkl\u00e4rung Trump sei ein Faschist. Diese Erkl\u00e4rung verbietet sich auch dann, wenn sie als indirekte, kryptische, \u201egrau in grau\u201c formulierte, gleichwohl gut wahrnehmbare Unterstellung formuliert wird, <a href=\"http:\/\/www.nachdenkseiten.de\/?p=36132\" target=\"_blank\">wie Reiner Braun es bevorzugt<\/a>. Die Feststellung hingegen, dass der US-amerikanische Imperialismus (Obama, Clinton, \u2026) samt seinen BRD-\/EU-Vasallen (Merkel, Hollande,\u2026) zur Durchsetzung seiner aggressiven Politik seit Jahr und Tag sowohl in der Ukraine als auch in Syrien, Faschisten als Speerspitze einsetzt \u2013 indoktriniert, bezahlt, ausr\u00fcstet, steuert und besch\u00fctzt \u2013 ist wahr und muss daher von Linken und Friedensbewegten immer wieder un\u00fcberh\u00f6rbar angeprangert werden<\/li>\n<li>Trump ist noch nicht im Amt. Bereits jetzt sein \u201eRegime zu changen\u201c (sozusagen \u201epr\u00e4faktisch\u201c) entspricht einer 200%-igen, vielleicht aber auch nur etwas aktualisierten Soros-Linie. \u00a0Noch nicht im Amt, hat Trump dennoch bereits politische Tatsachen geschaffen, die wir zur Kenntnis nehmen sollten. Ich meine nicht seine demonstrativen Stellungnahmen gegen die Super-Profit-Anspr\u00fcche einiger der m\u00e4chtigsten amerikanischen Konzerne (zu Boeing <a href=\"https:\/\/www.tagesschau.de\/ausland\/trumpboeing-101.html\" target=\"_blank\">hier<\/a>, zu Lockheed Martin <a href=\"http:\/\/www.haz.de\/Nachrichten\/Wirtschaft\/Deutschland-Welt\/Trump-knoepft-sich-US-Ruestungskonzern-vor\" target=\"_blank\">hier<\/a>). Solches m\u00f6gen erfahrene Aktivisten wie Braun und Gehrke als nachlaufende Wahldemagogie einordnen. Ein unbestreitbares politisches Faktum dagegen d\u00fcrfte Trumps demonstrative Polemik gegen m\u00e4chtige Propagandamedien sein, die bisher den Meinungsmarkt zuverl\u00e4ssig gesteuert haben. Das sind mehr als Nadelstiche ins Zentrum der neokonservativ-zionistischen Propaganda, so dass diese Medien (die sich heute zur Befreiung Aleppos ein weiteres mal als <a href=\"https:\/\/www.youtube.com\/watch?v=x9CYKYearGU&amp;t=1s\" target=\"_blank\">Meinungsverbrecher<\/a> demaskieren) sich tats\u00e4chlich als vor einem <a href=\"http:\/\/www.faz.net\/aktuell\/feuilleton\/medien\/donald-trump-beschimpft-medien-und-bezichtigt-sie-der-luege-14539604.html\" target=\"_blank\">Erschie\u00dfungskommando<\/a> stehend halluzinierten. Wenn Trump Meinungsf\u00fchrerschaft erreicht, so spielen \u201eneue Medien\u201c eine hervorragende Rolle. Frau Merkel, die jetzt als <a href=\"https:\/\/deutsche-wirtschafts-nachrichten.de\/2016\/12\/16\/merkel-stellt-tsipras-wegen-hilfen-fuer-arme-rentner-zur-rede\/\" target=\"_blank\">Weltf\u00fchrerin f\u00fcr westliche Werte<\/a>\u00a0praktiziert, <a href=\"https:\/\/www.youtube.com\/watch?v=rUqZHSK7Rt4\" target=\"_blank\">antwortet darauf<\/a> mit einer Kampagne gegen \u201eFake-News\u201c und \u201eHate Speech\u201c (Wer versteht noch deutsch?). Denkfutter f\u00fcr Linke und Friedensbewegte.<\/li>\n<li>Auch wenn es Milliarden Frauen und Milliarden M\u00e4nner zutiefst bewegen sollte, gilt dennoch: Wer wohin grabscht, ist keine politische Aussage. Reiner Braun hat gerade keine neue Grabschenth\u00fcllung zur Hand. Ihm hilft seine <a href=\"http:\/\/www.nachdenkseiten.de\/?p=36132\" target=\"_blank\">\u201ewundersch\u00f6ne\u201c Phantasie<\/a>: <em>\u201ePutin und Trump treffen sich in Sibirien, sie gehen zusammen zur Jagd, sehr erfolgreich, sie trinken hinterher zusammen viel Wodka und dann \u2026 den chauvinistischen teil lasse ich jetzt weg und dann kann man sich verst\u00e4ndigen.\u201c<\/em> Auch wenn uns der Erz\u00e4hler leider den \u201echauvinistischen teil\u201c vorenth\u00e4lt, bleibt so etwas ein (friedensbewegter?) Griff ins Klo. Schnell weiter!<\/li>\n<li>Auch wenn Marxisten (und manche Nichtmarxisten auch) den politischen Kampf nicht vordergr\u00fcndig personalisieren, sind sie sich der Rolle von Pers\u00f6nlichkeiten in politischen Auseinandersetzungen bewusst. Das gilt nat\u00fcrlich auch \u00a0f\u00fcr Pers\u00f6nlichkeiten der Linken oder der Friedensbewegung. Dabei sollten alle StreiterInnen den Satz von Freidenker Klaus Hartmann im Ohr behalten:\u00a0\u201e<em>Man sollte nicht jeden mit anderer Meinung entweder f\u00fcr strohdumm oder f\u00fcr ein gekauftes Element halten. Vielleicht sollte man zugestehen, dass die Betreffenden aus ihrer Sicht auch gute Gr\u00fcnde haben m\u00f6gen, man ist ja nicht gezwungen, sie zu teilen.\u201c<\/em>\u00a0 Hier ist das Problem des Vertrauens zu denen mit \u201eanderer Meinung\u201c angesprochen. Klare Worte geh\u00f6ren zur Wahrhaftigkeit, seien es klare Worte, die v\u00f6llige \u00dcbereinstimmung ausdr\u00fccken oder seien es klare Worte, die Abgrenzung bedeuten. Ich sagte \u201eAbgrenzung\u201c, nicht \u201eExkommunikation\u201c. Ich habe es gern zu wissen, mit welchem Genossen ich \u201edurch dick und d\u00fcnn\u201c gehen kann, welcher Kumpel welches St\u00fcck Weg mitgeht und welches nicht und schlie\u00dflich mit welchem Anderen ich einen klar abgestimmten \u201eDeal\u201c mache. Um konkret zu bleiben: \u00a0# Reiner Braun kommt immer wieder auf Positionen der \u00c4quidistanz zwischen US-\/NATO-Imperialismus und Russland zur\u00fcck \u2013 ein Grund zur offenen Auseinandersetzung, KEIN Grund gemeinsame Friedensaktionen abzulehnen. # Reiner Braun\/Wolfgang Gehrke teilen nicht unsere Position \u201eDeutschland raus aus der NATO \u2013 NATO raus aus Deutschland!\u201c \u2013\u00a0ein Grund zu anhaltendem Streitgespr\u00e4ch, KEIN Grund nicht gemeinsam in Ramstein zu demonstrieren. # Braun und Gehrke marschieren los wie F\u00fcrsten der Friedensbewegung und der Linken \u2013 ein Grund sie mit kontroversen Standpunkten zu \u00a0konfrontieren und nachdr\u00fccklich auf die Vorz\u00fcge kollektiver Beratung hinzuweisen, KEIN Grund Beton zu r\u00fchren und Linke und Friedensbewegte einer Spaltung auszusetzen.<br \/>\n<hr \/>\n<p><a href=\"https:\/\/www.berlin.freidenker.org\/?p=3143\" target=\"_blank\">Hier<\/a> ein Posting zum Thema aus etwas anderem Blickwinkel.<\/li>\n<\/ol>\n","protected":false},"excerpt":{"rendered":"<p>Dass ein neuer Pr\u00e4sident der USA, der gr\u00f6\u00dften imperialistischen Macht, die Linke und die Friedensbewegung herausfordert, vielleicht auch in neuer Art und Weise, ist eine Binsenwahrheit. Und ist damit kein Grund, \u00fcbereilt oder gar hysterisierend zu reagieren. Im Gegenteil: Linke und Friedensbewegung, seit langem auf bedeutende politische Ereignisse eher \u201ebr\u00e4sig\u201c reagierend (man denke an den [&hellip;]<\/p>\n","protected":false},"author":4,"featured_media":0,"comment_status":"open","ping_status":"open","sticky":false,"template":"","format":"standard","meta":{"jetpack_post_was_ever_published":false,"_jetpack_newsletter_access":"","_jetpack_dont_email_post_to_subs":false,"_jetpack_newsletter_tier_id":0,"_jetpack_memberships_contains_paywalled_content":false,"_jetpack_memberships_contains_paid_content":false,"footnotes":""},"categories":[49,14,45,21,23],"tags":[387,229,280],"class_list":["post-3163","post","type-post","status-publish","format-standard","hentry","category-aufklaerung","category-aktivitaeten-des-dfv-berlin","category-friedensbewegung","category-politik","category-syrien","tag-reiner-braun","tag-soros","tag-trump"],"jetpack_featured_media_url":"","jetpack_shortlink":"https:\/\/wp.me\/py5dN-P1","jetpack_sharing_enabled":true,"_links":{"self":[{"href":"https:\/\/www.berlin.freidenker.org\/index.php?rest_route=\/wp\/v2\/posts\/3163","targetHints":{"allow":["GET"]}}],"collection":[{"href":"https:\/\/www.berlin.freidenker.org\/index.php?rest_route=\/wp\/v2\/posts"}],"about":[{"href":"https:\/\/www.berlin.freidenker.org\/index.php?rest_route=\/wp\/v2\/types\/post"}],"author":[{"embeddable":true,"href":"https:\/\/www.berlin.freidenker.org\/index.php?rest_route=\/wp\/v2\/users\/4"}],"replies":[{"embeddable":true,"href":"https:\/\/www.berlin.freidenker.org\/index.php?rest_route=%2Fwp%2Fv2%2Fcomments&post=3163"}],"version-history":[{"count":3,"href":"https:\/\/www.berlin.freidenker.org\/index.php?rest_route=\/wp\/v2\/posts\/3163\/revisions"}],"predecessor-version":[{"id":3166,"href":"https:\/\/www.berlin.freidenker.org\/index.php?rest_route=\/wp\/v2\/posts\/3163\/revisions\/3166"}],"wp:attachment":[{"href":"https:\/\/www.berlin.freidenker.org\/index.php?rest_route=%2Fwp%2Fv2%2Fmedia&parent=3163"}],"wp:term":[{"taxonomy":"category","embeddable":true,"href":"https:\/\/www.berlin.freidenker.org\/index.php?rest_route=%2Fwp%2Fv2%2Fcategories&post=3163"},{"taxonomy":"post_tag","embeddable":true,"href":"https:\/\/www.berlin.freidenker.org\/index.php?rest_route=%2Fwp%2Fv2%2Ftags&post=3163"}],"curies":[{"name":"wp","href":"https:\/\/api.w.org\/{rel}","templated":true}]}}