{"id":3177,"date":"2016-12-20T23:58:15","date_gmt":"2016-12-20T21:58:15","guid":{"rendered":"http:\/\/www.berlin.freidenker.org\/?p=3177"},"modified":"2016-12-21T00:00:49","modified_gmt":"2016-12-20T22:00:49","slug":"stalinismus-und-umgebung-1-der-philosophendampfer","status":"publish","type":"post","link":"https:\/\/www.berlin.freidenker.org\/?p=3177","title":{"rendered":"Stalinismus und Umgebung. 1- der &#8222;Philosophendampfer&#8220;"},"content":{"rendered":"<p>\u00dcber den Stalinismus und ebenso \u00fcber den Realsozialismus, zu dem der Stalinismus als ein wesentliches Moment geh\u00f6rte, ist l\u00e4ngst nicht alles gesagt. Im 100. Jahr der Oktoberrevolution und damit in Zeiten, die eine erneuerte sozialistische Perspektive brauchen, m\u00f6chte ich kleine, konkrete Diskussionsbeitr\u00e4ge leisten. Ich bin nicht &#8222;vom Fach&#8220;, schreibe nicht als Historiker, sondern als interessierter Laie. Dabei bem\u00fche ich mich Freidenker zu sein.<\/p>\n<p>Der Begriff &#8222;Philosophendampfer&#8220; bezieht sich auf die 1922\/23 erfolgte Verhaftung und Ausweisung oder Verbannung von bis heute 272 namentlich ermittelten russischen Intellektuellen, unter ihnen viele &#8222;alte Philosophen&#8220;, deren Transport ins Exil per Schiff erfolgte. Die Aktionen fanden zwischen Juni 1922 und M\u00e4rz 1923 statt, angeregt von Felix Dzierschinski, ma\u00dfgeblich durchgef\u00fchrt von Stalin, propagandistisch begleitet von Leo Trotzki, ideologisch-strategisch und politisch begr\u00fcndet von Lenin (u. a. in: &#8222;\u00dcber die Bedeutung des streitbaren Materialismus&#8220;, <a href=\"http:\/\/www.red-channel.de\/LeninWerke\/LW33.pdf\" target=\"_blank\">Werke Band 33, S 214<\/a>). Wesentliche Aspekte des Vorgangs hat Wladislaw Hedeler in seiner Brosch\u00fcre dargestellt\u00a0<a href=\"https:\/\/www.helle-panke.de\/topic\/158.publikationen.html?productId=63169\" target=\"_blank\">&#8222;S\u00e4uberungen unter dem Banner des Marxismus&#8220;<\/a>, Berlin 2014.<\/p>\n<p>Ich halte es f\u00fcr notwendig, sich den historischen Moment zu vergegenw\u00e4rtigen. Die Bolschewiki hatten in schier auswegloser Situation einen k\u00fchnen Befreiungsschlag gef\u00fchrt &#8211; den \u00dcbergang zur N\u00d6P. Diesen Schritt konzipiert und durchgesetzt zu haben, ist eine der gr\u00f6\u00dften Leistungen Lenins (der im Jahr 1922 zwei Schlaganf\u00e4lle erlitt). Lenin\u00a0war sich grunds\u00e4tzlich der Risiken des eingeschlagenen Weges bewusst. Und er wusste auch, dass die Bolschewiki nicht auf alle Kampffelder ausreichend vorbereitet sein konnten. Der Fortgang der Revolution musste unbedingt gesichert werden. Zur produktiven Auseinandersetzung mit den ideologischen Gegnern oder Feinden fehlten sowohl qualifizierte Kr\u00e4fte, als auch die Zeit. Administrative und auch physische Gewalt stellten die unbefriedigende aber vorerst einzige L\u00f6sung dar.<\/p>\n<p>Der &#8222;Philosophendampfer&#8220; symbolisierte nicht eine prinzipielle Abkehr Lenins und der Bolschewiki von dem Prinzip des \u00dcberzeugens, der Freiheit der Wissenschaft und von der verst\u00e4rkten F\u00f6rderung der materialistisch-dialektischen im besonderen und jeder wissenschaftlichen Forschung und Bildung im allgemeinen.\u00a0Das ist nachweisbar. Doch ebenso unstrittig sollte sein, dass ein objektives geschichtliches Ereignis geschaffen war &#8211; ein Pr\u00e4zedenzfall der Gewalt gegen Andersdenkende. Es gab die (zun\u00e4chst abstrakte) M\u00f6glichkeit, den Fall aus seiner historischen Bedingtheit zu l\u00f6sen und als Blaupause f\u00fcr Repression zu missbrauchen. Genau das hat Stalin zehn Jahre sp\u00e4ter in zehnfach brutalerer und schlie\u00dflich in terroristischer Form getan.<\/p>\n<p>Die weiteren Schicksale der Exilierten gestalteten sich unterschiedlich. Ein Teil von ihnen n\u00e4herte sich wieder seinem geliebten Russland an, jetzt Sowjetunion. Manche von ihnen gerieten sp\u00e4ter in die M\u00fchlen der Stalinschen Repression. Mancher, anscheinend nie geistig \u00fcberwunden, kehrt heute wieder ins Rampenlicht zur\u00fcck. Allen voran <a href=\"https:\/\/de.wikipedia.org\/wiki\/Iwan_Alexandrowitsch_Iljin\" target=\"_blank\">Iwan Alexandrowitsch Iljin (1883-1954<\/a>), Denker der russischen Religiosit\u00e4t und des russischen monarchischen Patriotismus (ein Leseeindruck<a href=\"http:\/\/www.eu-ro-ni.ch\/publications\/Russische_Kultur_Iljin.pdf\" target=\"_blank\">\u00a0hier<\/a>). In j\u00fcngerer Zeit hat sich <a href=\"http:\/\/www.nzz.ch\/feuilleton\/die-weissen-haben-gewonnen-1.18432762\" target=\"_blank\">Putin wiederholt auf Iljin berufen<\/a>.<\/p>\n","protected":false},"excerpt":{"rendered":"<p>\u00dcber den Stalinismus und ebenso \u00fcber den Realsozialismus, zu dem der Stalinismus als ein wesentliches Moment geh\u00f6rte, ist l\u00e4ngst nicht alles gesagt. Im 100. Jahr der Oktoberrevolution und damit in Zeiten, die eine erneuerte sozialistische Perspektive brauchen, m\u00f6chte ich kleine, konkrete Diskussionsbeitr\u00e4ge leisten. Ich bin nicht &#8222;vom Fach&#8220;, schreibe nicht als Historiker, sondern als interessierter [&hellip;]<\/p>\n","protected":false},"author":4,"featured_media":0,"comment_status":"open","ping_status":"open","sticky":false,"template":"","format":"standard","meta":{"jetpack_post_was_ever_published":false,"_jetpack_newsletter_access":"","_jetpack_dont_email_post_to_subs":true,"_jetpack_newsletter_tier_id":0,"_jetpack_memberships_contains_paywalled_content":false,"_jetpack_memberships_contains_paid_content":false,"footnotes":""},"categories":[49,46,80,8],"tags":[390,221,389,131,303,304],"class_list":["post-3177","post","type-post","status-publish","format-standard","hentry","category-aufklaerung","category-freidenker-im-gespraech","category-religion","category-standpunkte","tag-iljin","tag-lenin","tag-oktoberrevolution","tag-putin","tag-stalin","tag-stalinismus"],"jetpack_featured_media_url":"","jetpack_shortlink":"https:\/\/wp.me\/py5dN-Pf","jetpack_sharing_enabled":true,"_links":{"self":[{"href":"https:\/\/www.berlin.freidenker.org\/index.php?rest_route=\/wp\/v2\/posts\/3177","targetHints":{"allow":["GET"]}}],"collection":[{"href":"https:\/\/www.berlin.freidenker.org\/index.php?rest_route=\/wp\/v2\/posts"}],"about":[{"href":"https:\/\/www.berlin.freidenker.org\/index.php?rest_route=\/wp\/v2\/types\/post"}],"author":[{"embeddable":true,"href":"https:\/\/www.berlin.freidenker.org\/index.php?rest_route=\/wp\/v2\/users\/4"}],"replies":[{"embeddable":true,"href":"https:\/\/www.berlin.freidenker.org\/index.php?rest_route=%2Fwp%2Fv2%2Fcomments&post=3177"}],"version-history":[{"count":3,"href":"https:\/\/www.berlin.freidenker.org\/index.php?rest_route=\/wp\/v2\/posts\/3177\/revisions"}],"predecessor-version":[{"id":3180,"href":"https:\/\/www.berlin.freidenker.org\/index.php?rest_route=\/wp\/v2\/posts\/3177\/revisions\/3180"}],"wp:attachment":[{"href":"https:\/\/www.berlin.freidenker.org\/index.php?rest_route=%2Fwp%2Fv2%2Fmedia&parent=3177"}],"wp:term":[{"taxonomy":"category","embeddable":true,"href":"https:\/\/www.berlin.freidenker.org\/index.php?rest_route=%2Fwp%2Fv2%2Fcategories&post=3177"},{"taxonomy":"post_tag","embeddable":true,"href":"https:\/\/www.berlin.freidenker.org\/index.php?rest_route=%2Fwp%2Fv2%2Ftags&post=3177"}],"curies":[{"name":"wp","href":"https:\/\/api.w.org\/{rel}","templated":true}]}}