{"id":3200,"date":"2017-01-02T20:30:28","date_gmt":"2017-01-02T18:30:28","guid":{"rendered":"http:\/\/www.berlin.freidenker.org\/?p=3200"},"modified":"2017-01-12T00:23:48","modified_gmt":"2017-01-11T22:23:48","slug":"11-1-2017-berliner-runde-freidenker-im-gespraech","status":"publish","type":"post","link":"https:\/\/www.berlin.freidenker.org\/?p=3200","title":{"rendered":"11.1.2017 \u2013 \u201eBerliner Runde \u2013 Freidenker im Gespr\u00e4ch\u201c"},"content":{"rendered":"<p class=\"western\" align=\"center\"><span style=\"color: #333333;\"><span style=\"font-size: small;\">Liebe Freidenkerin, lieber Freidenker, liebe Freunde,\u00a0<\/span><\/span><span style=\"color: #333333;\"><span style=\"font-size: small;\">wir laden ein zu unserer n\u00e4chsten \u00f6ffentlichen<\/span><\/span><\/p>\n<p class=\"western\" align=\"center\"><strong><span style=\"color: #333333;\">\u201e<\/span><\/strong><strong><span style=\"color: #333333;\"><span style=\"font-size: large;\"><b>Berliner Runde \u2013 Freidenker im Gespr\u00e4ch\u201c<\/b><\/span><\/span><\/strong><\/p>\n<p class=\"western\" align=\"center\"><span style=\"color: #333333;\"><span style=\"font-size: small;\"><b>am <\/b><\/span><\/span><strong><span style=\"color: #333333;\"><span style=\"font-size: small;\"><b>Mittwoch, dem 1<\/b><\/span><\/span><\/strong><strong><span style=\"color: #333333;\"><span style=\"font-size: small;\"><b>1<\/b><\/span><\/span><\/strong><strong><span style=\"color: #333333;\"><span style=\"font-size: small;\"><b>. <\/b><\/span><\/span><\/strong><strong><span style=\"color: #333333;\"><span style=\"font-size: small;\"><b>Januar <\/b><\/span><\/span><\/strong><strong><span style=\"color: #333333;\"><span style=\"font-size: small;\"><b>201<\/b><\/span><\/span><\/strong><strong><span style=\"color: #333333;\"><span style=\"font-size: small;\"><b>7<\/b><\/span><\/span><\/strong><strong><span style=\"color: #333333;\"><span style=\"font-size: small;\"><b>, 18.00 Uhr<\/b><\/span><\/span><\/strong><\/p>\n<p class=\"western\" align=\"center\"><span style=\"color: #333333;\"><span style=\"font-size: small;\">im Klub der Volkssolidarit\u00e4t, Torstr. 203 \u2013 205, 10115 Berlin<\/span><\/span><span style=\"color: #333333;\"><span style=\"font-size: small;\"><b>*<\/b><\/span><\/span><\/p>\n<p class=\"western\" align=\"center\"><strong><span style=\"color: #282e21;\"><span style=\"font-family: 'trebuchet ms';\"><span style=\"font-size: large;\">&#8222;\u00dcberwachung durch Staat und Wirtschaft&#8220; <\/span><\/span><\/span><\/strong><\/p>\n<p class=\"western\" align=\"center\"><strong><span style=\"color: #282e21;\"><span style=\"font-family: 'Liberation Serif', serif;\"><span style=\"font-size: large;\">Referent: <\/span><\/span><\/span><span style=\"color: #282e21;\"><span style=\"font-family: 'Trebuchet MS', sans-serif;\"><span style=\"font-size: large;\">Dr. <\/span><\/span><\/span><span style=\"color: #333333;\"><span style=\"font-family: 'Trebuchet MS', sans-serif;\"><span style=\"font-size: large;\">Rainer Hammerschmidt<\/span><\/span><\/span><\/strong><b> <\/b><\/p>\n<p class=\"western\" style=\"text-align: left;\" align=\"center\">Dr. Hammerschmidt ist aktiv in dem eingetragenen Verein,<\/p>\n<p class=\"western\" align=\"center\"><a href=\"https:\/\/i0.wp.com\/www.berlin.freidenker.org\/wp-content\/uploads\/2017\/01\/Aktion-Freiheit-statt-angst-e.-V..jpg?ssl=1\"><img data-recalc-dims=\"1\" loading=\"lazy\" decoding=\"async\" class=\"alignnone size-full wp-image-3205\" src=\"https:\/\/i0.wp.com\/www.berlin.freidenker.org\/wp-content\/uploads\/2017\/01\/Aktion-Freiheit-statt-angst-e.-V..jpg?resize=500%2C72&#038;ssl=1\" alt=\"aktion-freiheit-statt-angst-e-v\" width=\"500\" height=\"72\" srcset=\"https:\/\/i0.wp.com\/www.berlin.freidenker.org\/wp-content\/uploads\/2017\/01\/Aktion-Freiheit-statt-angst-e.-V..jpg?w=500&amp;ssl=1 500w, https:\/\/i0.wp.com\/www.berlin.freidenker.org\/wp-content\/uploads\/2017\/01\/Aktion-Freiheit-statt-angst-e.-V..jpg?resize=300%2C43&amp;ssl=1 300w\" sizes=\"auto, (max-width: 500px) 100vw, 500px\" \/><\/a><\/p>\n<p class=\"western\" align=\"left\">der sich f\u00fcr die Informationsfreiheit und besonders f\u00fcr die Informations-Selbstbestimmung als Menschenrecht einsetzt.\u00a0Die <a href=\"https:\/\/www.aktion-freiheitstattangst.org\/de\/articles\/60-gemeinsame-erklaerung.htm\" target=\"_blank\">Grundsatzerkl\u00e4rung des Vereins<\/a> richtet sich\u00a0<strong>gegen Massen-\u00dcberwachung und Massen-Datenspeicherung<\/strong>. Zahlreiche aktuelle, hilfreiche Informationen sind auf der <a href=\"https:\/\/www.aktion-freiheitstattangst.org\/de\/articles\/ueber-uns.htm\" target=\"_blank\">Vereins-Webseite<\/a> zu finden.<\/p>\n<h4 class=\"western\" align=\"left\"><em>Die folgenden Schwerpunkte werden im Vortrag behandelt (Orientierung dazu bietet auch <a href=\"https:\/\/www.aktion-freiheitstattangst.org\/de\/themenbaum.htm\" target=\"_blank\">diese Webseite):<\/a><\/em><\/h4>\n<h4 class=\"western\" align=\"left\"><em>\u00dcberwachung durch den Staat<\/em><\/h4>\n<p class=\"western\" align=\"left\"><em>&#8211; Sicherheit versus Grundrechte &#8211; Einschr\u00e4nkung des Rechtsstaats (durch anlasslose \u00dcberwachung, Racial Profiling, Folter, &#8230;) &#8211; Unbelehrbarkeit von Politikern trotz vielfacher Urteile des BVerfG &#8211; Grundrechte gef\u00e4hrdende EU Forschung &#8211; Edward Snowden und der &#8222;Cyberwar&#8220; &#8211; Diverse Beispiele und ihre andauernden Folgen<\/em><\/p>\n<h4 class=\"western\" align=\"left\"><em>\u00dcberwachung durch die Wirtschaft<\/em><\/h4>\n<p class=\"western\" align=\"left\"><em>&#8211; Gef\u00e4hrdungen durch die Wirtschaft als Arbeitnehmer und als Verbraucher &#8211; Gef\u00e4hrdung f\u00fcr den Einzelnen im Vergleich zur staatlichen \u00dcberwachung &#8211; Sinn und Unsinn von sozialen Netzwerken<\/em><\/p>\n<h4 class=\"western\" align=\"left\"><em>Zensurbestrebungen<\/em><\/h4>\n<p class=\"western\" align=\"left\"><em>&#8211; Gefahren f\u00fcr die Informationsfreiheit &#8211; Forderungen nach Zensur und Wohlverhalten &#8211; Post Privacy versus Transparenz &#8211; Pers\u00f6nliche Daten sch\u00fctzen &#8211; \u00d6ffentliche Daten n\u00fctzen!<\/em><\/p>\n<p class=\"western\" align=\"left\"><em><strong>Was kann man tun?<\/strong><\/em><\/p>\n<p class=\"western\" align=\"left\"><em>&#8211; Wie kann man sich sch\u00fctzen? &#8211; Verschl\u00fcsselung und Open Source &#8211; Was sind bekannte Totschlagargumente wert? &#8222;Ich habe nichts zu verbergen&#8220; u.\u00e4.<\/em><\/p>\n<h4 class=\"western\" align=\"left\"><strong>Links **<\/strong><\/h4>\n<p class=\"western\" align=\"left\"><span style=\"color: #333333;\"><span style=\"font-size: small;\">Wie es in unseren Gespr\u00e4chsrunden bew\u00e4hrt ist, wird uns unser Gast mit einem etwa einst\u00fcndigen Vortrag in die Thematik einf\u00fchren. Im Anschluss ist Gelegenheit, Fragen zu stellen und in einer sicherlich wieder lebhaften Diskussion Meinungen und Standpunkte auszutauschen. <\/span><\/span><\/p>\n<p class=\"western\" align=\"left\"><strong><span style=\"color: #000000;\"><span style=\"font-size: small;\">Wir <\/span><\/span><\/strong><span style=\"color: #000000;\"><span style=\"font-size: small;\">freuen uns auf unseren n\u00e4chsten freidenkerischen Gedankenaustausch.<\/span><\/span><\/p>\n<p class=\"western\" align=\"right\"><strong><span style=\"color: #333333;\"><span style=\"font-size: small;\"><b>Leitungskollektiv der Berliner Freidenker<\/b><\/span><\/span><\/strong><\/p>\n<p class=\"western\">&#8212;&#8212;&#8212;&#8212;&#8212;&#8212;&#8212;&#8212;&#8212;&#8212;&#8212;&#8212;&#8212;&#8212;&#8212;&#8211;<\/p>\n<p class=\"western\"><span style=\"color: #333333;\"><span style=\"font-size: small;\"><b>*<\/b><\/span><\/span><span style=\"color: #333333;\"><span style=\"font-size: small;\">S1-, S2-, S25-Oranienburger Str., U6-Oranienburger Tor<\/span><\/span><\/p>\n<p class=\"western\"><strong>** Einige weiterf\u00fchrende Links zur Vorbereitung auf das Thema:<\/strong><\/p>\n<ul>\n<li><span style=\"font-size: small;\">Eine Einordnung und Bewertung der Snowden Ver\u00f6ffentlichungen<\/span><a href=\"http:\/\/a-fsa.de\/d\/29f\" target=\"_blank\">\u00a0hier<\/a><\/li>\n<li><span style=\"color: #282e21;\"><span style=\"font-family: 'trebuchet ms';\"><span style=\"font-size: small;\">Die <a href=\"http:\/\/a-fsa.de\/d\/2s5\" target=\"_blank\">Vorratsdatenspeicherung <\/a>im 2. Versuch<\/span><\/span><\/span><\/li>\n<li><span style=\"color: #282e21;\"><span style=\"font-family: 'trebuchet ms';\"><span style=\"font-size: small;\"><a href=\"http:\/\/a-fsa.de\/d\/1hp\" target=\"_blank\">Informationsfreiheit und Transparenz<\/a><\/span><\/span><\/span><\/li>\n<li><span style=\"color: #282e21;\"><span style=\"font-family: 'trebuchet ms';\"><span style=\"font-size: small;\">FAQ Liste &#8211;<a href=\"http:\/\/a-fsa.de\/d\/1fN\" target=\"_blank\"> Viele Fragen und einige Antworten<\/a><\/span><\/span><\/span><\/li>\n<li><a href=\"http:\/\/aktion-freiheitstattangst.org\/cgi-bin\/searchart.pl?suche=panne&amp;sel=meta\" target=\"_blank\"><span style=\"color: #282e21;\"><span style=\"font-family: 'trebuchet ms';\"><span style=\"font-size: small;\">1000 Datenpannen<\/span><\/span><\/span>\u00a0<\/a><\/li>\n<\/ul>\n","protected":false},"excerpt":{"rendered":"<p>Liebe Freidenkerin, lieber Freidenker, liebe Freunde,\u00a0wir laden ein zu unserer n\u00e4chsten \u00f6ffentlichen \u201eBerliner Runde \u2013 Freidenker im Gespr\u00e4ch\u201c am Mittwoch, dem 11. Januar 2017, 18.00 Uhr im Klub der Volkssolidarit\u00e4t, Torstr. 203 \u2013 205, 10115 Berlin* &#8222;\u00dcberwachung durch Staat und Wirtschaft&#8220; Referent: Dr. Rainer Hammerschmidt Dr. Hammerschmidt ist aktiv in dem eingetragenen Verein, der sich [&hellip;]<\/p>\n","protected":false},"author":4,"featured_media":0,"comment_status":"open","ping_status":"open","sticky":false,"template":"","format":"standard","meta":{"jetpack_post_was_ever_published":false,"_jetpack_newsletter_access":"","_jetpack_dont_email_post_to_subs":true,"_jetpack_newsletter_tier_id":0,"_jetpack_memberships_contains_paywalled_content":false,"_jetpack_memberships_contains_paid_content":false,"footnotes":""},"categories":[46,19,21,13],"tags":[400,399,398],"class_list":["post-3200","post","type-post","status-publish","format-standard","hentry","category-freidenker-im-gespraech","category-kultur","category-politik","category-veranstaltungen","tag-aktion-freiheit-statt-angst","tag-informationsfreiheit","tag-ueberwachung"],"jetpack_featured_media_url":"","jetpack_shortlink":"https:\/\/wp.me\/py5dN-PC","jetpack_sharing_enabled":true,"_links":{"self":[{"href":"https:\/\/www.berlin.freidenker.org\/index.php?rest_route=\/wp\/v2\/posts\/3200","targetHints":{"allow":["GET"]}}],"collection":[{"href":"https:\/\/www.berlin.freidenker.org\/index.php?rest_route=\/wp\/v2\/posts"}],"about":[{"href":"https:\/\/www.berlin.freidenker.org\/index.php?rest_route=\/wp\/v2\/types\/post"}],"author":[{"embeddable":true,"href":"https:\/\/www.berlin.freidenker.org\/index.php?rest_route=\/wp\/v2\/users\/4"}],"replies":[{"embeddable":true,"href":"https:\/\/www.berlin.freidenker.org\/index.php?rest_route=%2Fwp%2Fv2%2Fcomments&post=3200"}],"version-history":[{"count":14,"href":"https:\/\/www.berlin.freidenker.org\/index.php?rest_route=\/wp\/v2\/posts\/3200\/revisions"}],"predecessor-version":[{"id":3215,"href":"https:\/\/www.berlin.freidenker.org\/index.php?rest_route=\/wp\/v2\/posts\/3200\/revisions\/3215"}],"wp:attachment":[{"href":"https:\/\/www.berlin.freidenker.org\/index.php?rest_route=%2Fwp%2Fv2%2Fmedia&parent=3200"}],"wp:term":[{"taxonomy":"category","embeddable":true,"href":"https:\/\/www.berlin.freidenker.org\/index.php?rest_route=%2Fwp%2Fv2%2Fcategories&post=3200"},{"taxonomy":"post_tag","embeddable":true,"href":"https:\/\/www.berlin.freidenker.org\/index.php?rest_route=%2Fwp%2Fv2%2Ftags&post=3200"}],"curies":[{"name":"wp","href":"https:\/\/api.w.org\/{rel}","templated":true}]}}