{"id":3216,"date":"2017-01-03T23:39:29","date_gmt":"2017-01-03T21:39:29","guid":{"rendered":"http:\/\/www.berlin.freidenker.org\/?p=3216"},"modified":"2017-01-06T12:07:55","modified_gmt":"2017-01-06T10:07:55","slug":"mahnwache-am-samstag-den-7-januar-2017-um-12-uhr-usa-botschaft","status":"publish","type":"post","link":"https:\/\/www.berlin.freidenker.org\/?p=3216","title":{"rendered":"Mahnwache\u00a0am Samstag, den 7. Januar 2017, um 12 Uhr USA-Botschaft!"},"content":{"rendered":"<p><strong>Laura v. Wimmersperg, Friko, ruft uns auf:<\/strong><\/p>\n<p style=\"text-align: left;\"><em>Liebe Freundinnen, liebe Freunde,<\/em><\/p>\n<div class=\"moz-forward-container\">\n<div class=\"moz-forward-container\" style=\"text-align: left;\"><em>noch rechtzeitig vor dem Pr\u00e4sidentenwechsel in den USA verlegt die US-Army am 6. Januar d.J. eine komplette Panzerbrigade\u00a0mit 4000 Soldatinnen und Soldaten, mehr als 2000 Panzern, Haubitzen, Jeeps und LKw&#8217;s \u00fcber Bremerhaven\u00a0 zu NATO-Man\u00f6vern,\u00a0die 9 Monate lang in Polen an der russischen Grenze stattfinden sollen.<\/em><\/div>\n<div class=\"moz-forward-container\" style=\"text-align: center;\"><\/div>\n<div class=\"moz-forward-container\" style=\"text-align: center;\"><em>Das bedeutet Verst\u00e4rkung der Kriegsgefahr durch die NATO.<\/em><\/div>\n<div class=\"moz-forward-container\" style=\"text-align: left;\"><em>Im Anhang findet Ihr dazu vom Bremer Friedensforum einen Appell mit dem Motto<\/em><\/div>\n<div class=\"moz-forward-container\" style=\"text-align: left;\"><\/div>\n<div class=\"moz-forward-container\" style=\"text-align: center;\"><em><b>Nein zum S\u00e4belrasseln &#8211; Truppenverlegung stoppen!<\/b><\/em><\/div>\n<div class=\"moz-forward-container\" style=\"text-align: left;\"><em><b><br \/>\n<\/b><\/em><em>Wir rufen Euch auf, diese Aktion zu unterst\u00fctzen und\u00a0 zahlreich\u00a0 an einer\u00a0<\/em><\/div>\n<div class=\"moz-forward-container\" style=\"text-align: left;\"><em>Mahnwache am Samstag, den 7. Januar 2017, um 12 Uhr\u00a0an der US-amerikanischen Botschaft\u00a0Pariser Platz\u00a0<\/em><em>teilzunehmen.<\/em><\/div>\n<\/div>\n<div class=\"moz-forward-container\" style=\"text-align: left;\"><\/div>\n<div class=\"moz-forward-container\" style=\"text-align: left;\"><a href=\"https:\/\/i0.wp.com\/www.berlin.freidenker.org\/wp-content\/uploads\/2017\/01\/army.jpg?ssl=1\"><img data-recalc-dims=\"1\" loading=\"lazy\" decoding=\"async\" class=\"alignnone size-full wp-image-3226\" src=\"https:\/\/i0.wp.com\/www.berlin.freidenker.org\/wp-content\/uploads\/2017\/01\/army.jpg?resize=500%2C271&#038;ssl=1\" alt=\"army\" width=\"500\" height=\"271\" srcset=\"https:\/\/i0.wp.com\/www.berlin.freidenker.org\/wp-content\/uploads\/2017\/01\/army.jpg?w=500&amp;ssl=1 500w, https:\/\/i0.wp.com\/www.berlin.freidenker.org\/wp-content\/uploads\/2017\/01\/army.jpg?resize=300%2C163&amp;ssl=1 300w\" sizes=\"auto, (max-width: 500px) 100vw, 500px\" \/><\/a><\/div>\n<div class=\"moz-forward-container\" style=\"text-align: left;\">\u00a0(Archivbild)<\/div>\n<p class=\"moz-forward-container\" style=\"text-align: left;\"><strong>Alexander Neu (Linkspartei) sagt im<a href=\"https:\/\/de.sputniknews.com\/politik\/20170106314019086-us-panzerbrigade-deutschland-osteuropa\/\" target=\"_blank\"> Sputnik-Interview<\/a>:<\/strong><\/p>\n<p class=\"moz-forward-container\" style=\"text-align: left;\"><em>&#8222;Es geht in\u00a0erster Linie darum, der Nato eine Existenzberechtigung zu geben. Es werden neue Gefahren kreiert und neue Szenarien entworfen. Hier wird Russland, seitdem es die Spannung mit der Ukraine gibt, als der alte-neue Gegner wiedererfunden. Nachdem das mit den Auslandeins\u00e4tzen\u00a0\u2014 Stichwort Afghanistan, Stichwort Libyen\u00a0\u2014 nicht so wirklich gut funktioniert hat, muss man der Nato doch einen neuen Sinn geben k\u00f6nnen.&#8220;<\/em><\/p>\n<h4 class=\"moz-forward-container\" style=\"text-align: center;\">Wir Berliner Freidenker rufen zur Teilnahme an der Mahnwache in Berlin auf!<\/h4>\n<div class=\"moz-forward-container\" style=\"text-align: left;\"><\/div>\n<div class=\"moz-forward-container\" style=\"text-align: left;\">Hier folgt der Appell des Bremer Friedensforums<\/div>\n<div class=\"moz-forward-container\" style=\"text-align: left;\"><\/div>\n<p><!--more--><\/p>\n<div class=\"moz-forward-container\" style=\"text-align: left;\">Bremerhavener Appell Nein zum S\u00e4belrasseln \u2013 Truppenverlegung stoppen!<\/div>\n<div class=\"moz-forward-container\" style=\"text-align: left;\">Die US-Army verlegt ab 6. Januar 2017 eine komplette Panzerbrigade mit 4000 Soldatinnen und Soldaten und mehr als 2000 Panzern, Haubitzen, Jeeps und LKW \u00fcber Bremerhaven zu NATO-Man\u00f6vern, die neun Monate lang in Osteuropa stattfinden sollen.<\/div>\n<div class=\"moz-forward-container\" style=\"text-align: left;\">Unser Hafen wird seit Jahrzehnten f\u00fcr den Umschlag von Kriegsger\u00e4t aller Art missbraucht. Die jetzigen Transporte sind die umfangreichsten seit dem Ende des Kalten Krieges. Von Bremerhaven geht es mit Z\u00fcgen, Fahrzeugkolonnen und weiteren Schiffen Richtung Osten. Auch deutsches Milit\u00e4r wird zu den Man\u00f6vern verlegt. Deutschland wird somit zum Aufmarschgebiet.<\/div>\n<div class=\"moz-forward-container\" style=\"text-align: left;\">Wir lehnen diesen militaristischen Aufmarsch gegen Russland entschieden ab. Die Konsequenzen dieser Man\u00f6ver sind kaum absehbar. Die weltpolitische Lage ist angespannt. Das S\u00e4belrasseln der NATO vor der russischen Haust\u00fcr erh\u00f6ht die Kriegsgefahr. Das Verlegen der Panzerbrigade ist nicht nur Drohgeb\u00e4rde, sondern konkrete Kriegsvorbereitung.\u00a0Der stellvertretende Logistikchef des US-Kommandos EUCOM in Stuttgart sagte, es gehe auch darum, nachzuweisen, ob die Kampfkraft zur rechten Zeit an den rechten Platz nach Europa gebracht werden k\u00f6nne.<\/div>\n<div class=\"moz-forward-container\" style=\"text-align: left;\"><\/div>\n<div class=\"moz-forward-container\" style=\"text-align: left;\">Wir brauchen eine neue Entspannungspolitik statt weiterer Provokationen. Wir wollen Frieden in Europa und der Welt sowie die \u00c4chtung aller Kriege. Das bereits begonnene neue Wettr\u00fcsten wird das Geld verschlingen, das die Menschheit braucht, um Hunger, Not und Klimakatastrophen wirksam zu bek\u00e4mpfen.<\/div>\n<div class=\"moz-forward-container\" style=\"text-align: left;\">Wir wollen die Milit\u00e4rtransporte \u00fcber Bremerhaven stoppen und rufen dazu auf, in weiteren St\u00e4dten und Gemeinden kreativen und entschlossenen Protest zu entwickeln.<\/div>\n<div class=\"moz-forward-container\" style=\"text-align: left;\">Wir rufen die B\u00fcrgermeisterinnen, B\u00fcrgermeister und Kommunalparlamente auf, sich mit allen Mitteln den Milit\u00e4rtransporten durch ihre St\u00e4dte und \u00fcber ihre H\u00e4fen entgegenzustellen.<\/div>\n<div class=\"moz-forward-container\" style=\"text-align: left;\"><strong>\u2022 Keine NATO-Man\u00f6ver in Europa und weltweit<\/strong><\/div>\n<div class=\"moz-forward-container\" style=\"text-align: left;\"><strong>\u2022 Schluss mit den deutschen Kriegseins\u00e4tzen<\/strong><\/div>\n<div class=\"moz-forward-container\" style=\"text-align: left;\"><strong>\u2022 Waffenexporte stoppen<\/strong><\/div>\n<div class=\"moz-forward-container\" style=\"text-align: left;\"><strong>\u2022 F\u00fcr eine solidarische und gerechte Welt<\/strong><\/div>\n<div class=\"moz-forward-container\" style=\"text-align: left;\"><\/div>\n<div class=\"moz-forward-container\" style=\"text-align: left;\">Wir rufen auf, mit uns zu demonstrieren. Dazu treffen wir uns am 7. Januar 2017 um 12 Uhr an der Gro\u00dfen Kirche in Bremerhaven (B\u00fcrgermeister-Smidt-Str. 45)<\/div>\n<div class=\"moz-forward-container\" style=\"text-align: left;\">Diesen Appell unterst\u00fctzen bisher:<\/div>\n<div class=\"moz-forward-container\" style=\"text-align: left;\"><em>Bremerhavener Initiative Mut zum Frieden; Bremer Friedensforum; Deutsche Friedensgesellschaft (DFG\/VK-Bremen); alevitischer Kulturverein; DKP Bremen-Nord; DIE LINKE. Landesverband Bremen; DIE LINKE. KV Wesermarsch \/ Ortsverband Nordenham; DIE LINKE S\u00fcdkreis Cuxhaven; kurdischdeutscher Freundschaftsverein; Initiative Nordbremer B\u00fcrger gegen den Krieg; Pusdorfer Friedensgruppe; Verein f\u00fcr gleiche Rechte; SAV Bremen, SAV Bremerhaven; Landesverband linksjugend [&#8217;solid] Bremen; DIE LINKE Bremerhaven, linksjugend [&#8217;solid] BHV\/Cux<\/em><\/div>\n","protected":false},"excerpt":{"rendered":"<p>Laura v. Wimmersperg, Friko, ruft uns auf: Liebe Freundinnen, liebe Freunde, noch rechtzeitig vor dem Pr\u00e4sidentenwechsel in den USA verlegt die US-Army am 6. Januar d.J. eine komplette Panzerbrigade\u00a0mit 4000 Soldatinnen und Soldaten, mehr als 2000 Panzern, Haubitzen, Jeeps und LKw&#8217;s \u00fcber Bremerhaven\u00a0 zu NATO-Man\u00f6vern,\u00a0die 9 Monate lang in Polen an der russischen Grenze stattfinden [&hellip;]<\/p>\n","protected":false},"author":4,"featured_media":0,"comment_status":"open","ping_status":"open","sticky":false,"template":"","format":"standard","meta":{"jetpack_post_was_ever_published":false,"_jetpack_newsletter_access":"","_jetpack_dont_email_post_to_subs":true,"_jetpack_newsletter_tier_id":0,"_jetpack_memberships_contains_paywalled_content":false,"_jetpack_memberships_contains_paid_content":false,"footnotes":""},"categories":[22,45,24,175,21,13],"tags":[402,401,246,57,274,96],"class_list":["post-3216","post","type-post","status-publish","format-standard","hentry","category-friedensaktionen","category-friedensbewegung","category-friko-berlin","category-nato","category-politik","category-veranstaltungen","tag-alexander-neu","tag-bremerhaven","tag-linkspartei","tag-nato","tag-rtdeutsch","tag-usa"],"jetpack_featured_media_url":"","jetpack_shortlink":"https:\/\/wp.me\/py5dN-PS","jetpack_sharing_enabled":true,"_links":{"self":[{"href":"https:\/\/www.berlin.freidenker.org\/index.php?rest_route=\/wp\/v2\/posts\/3216","targetHints":{"allow":["GET"]}}],"collection":[{"href":"https:\/\/www.berlin.freidenker.org\/index.php?rest_route=\/wp\/v2\/posts"}],"about":[{"href":"https:\/\/www.berlin.freidenker.org\/index.php?rest_route=\/wp\/v2\/types\/post"}],"author":[{"embeddable":true,"href":"https:\/\/www.berlin.freidenker.org\/index.php?rest_route=\/wp\/v2\/users\/4"}],"replies":[{"embeddable":true,"href":"https:\/\/www.berlin.freidenker.org\/index.php?rest_route=%2Fwp%2Fv2%2Fcomments&post=3216"}],"version-history":[{"count":10,"href":"https:\/\/www.berlin.freidenker.org\/index.php?rest_route=\/wp\/v2\/posts\/3216\/revisions"}],"predecessor-version":[{"id":3228,"href":"https:\/\/www.berlin.freidenker.org\/index.php?rest_route=\/wp\/v2\/posts\/3216\/revisions\/3228"}],"wp:attachment":[{"href":"https:\/\/www.berlin.freidenker.org\/index.php?rest_route=%2Fwp%2Fv2%2Fmedia&parent=3216"}],"wp:term":[{"taxonomy":"category","embeddable":true,"href":"https:\/\/www.berlin.freidenker.org\/index.php?rest_route=%2Fwp%2Fv2%2Fcategories&post=3216"},{"taxonomy":"post_tag","embeddable":true,"href":"https:\/\/www.berlin.freidenker.org\/index.php?rest_route=%2Fwp%2Fv2%2Ftags&post=3216"}],"curies":[{"name":"wp","href":"https:\/\/api.w.org\/{rel}","templated":true}]}}