{"id":3247,"date":"2017-01-19T02:12:25","date_gmt":"2017-01-19T00:12:25","guid":{"rendered":"http:\/\/www.berlin.freidenker.org\/?p=3247"},"modified":"2017-01-30T23:32:23","modified_gmt":"2017-01-30T21:32:23","slug":"neue-terminhinweise","status":"publish","type":"post","link":"https:\/\/www.berlin.freidenker.org\/?p=3247","title":{"rendered":"!!! Neue Terminhinweise !!! heute mit notwendiger Erkl\u00e4rung"},"content":{"rendered":"<h3 style=\"text-align: center;\"><span style=\"color: #008000;\">Bitte den Men\u00fcpunkt &#8222;Termine &amp; Veranstaltungen&#8220; im Seitenmen\u00fc rechts anklicken!<\/span><\/h3>\n<p><strong><span style=\"color: #800000;\">Heute mit einer notwendigen Erl\u00e4uterung:<\/span><\/strong><\/p>\n<p>Unter den angezeigten Terminen erscheint auch eine f\u00fcr den 20.1. in Berlin geplante Anti-Trump-Demo. Wir zeigen von uns ausgew\u00e4hlte Termine in standardisierter Form an. Das bedeutet nicht, \u00a0dass wir f\u00fcr alle angezeigten Termine werben! Die Anti-Trump-Demo hat es auf unsere Liste &#8222;geschafft&#8220;, weil zu ihr eine Anzahl bekannte Friedens- und Demokratieaktivisten aufgerufen hat, mit denen wir auch in Zukunft f\u00fcr Frieden und Demokratie eng zusammen arbeiten wollen. Informationsunterdr\u00fcckung, Totschweigen von Aktionen unserer Freunde und Verb\u00fcndeten ist nicht unsere Art, auch wenn wir in diesem Fall gegens\u00e4tzliche Standpunkte einnehmen.<\/p>\n<p><strong><span style=\"color: #800000;\">Wir Berliner Freidenker haben unsere Ablehnung der Anti-Trump-Demo <a style=\"color: #800000;\" href=\"https:\/\/www.berlin.freidenker.org\/?p=3143\" target=\"_blank\">ausf\u00fchrlich begr\u00fcndet,<\/a> wir haben das j\u00fcngst bekr\u00e4ftigt <a style=\"color: #800000;\" href=\"https:\/\/www.berlin.freidenker.org\/?p=3288\" target=\"_blank\">hier <\/a>und <a style=\"color: #800000;\" href=\"https:\/\/www.berlin.freidenker.org\/?p=3293\" target=\"_blank\">hier<\/a>\u00a0und auch <a style=\"color: #800000;\" href=\"https:\/\/www.berlin.freidenker.org\/?p=3235\" target=\"_blank\">hier<\/a>,\u00a0auch wenn wir nat\u00fcrlich nicht die Erkl\u00e4rungen all der Organisationen ver\u00f6ffentlichen k\u00f6nnen, die unseren Standpunkt teilen. <\/span><\/strong><\/p>\n<p>Vor wenigen Tagen erst hat <a href=\"http:\/\/www.nrhz.de\/flyer\/beitrag.php?id=23472\" target=\"_blank\">Klaus Hartmann, der Vorsitzende des Freidenkervebandes,<\/a> darauf aufmerksam gemacht:<em> &#8222;Die in Deutschland aufrufenden Anti-Trump-Akteure berufen sich direkt auf Joseph Gerson, den \u201cDirector of <strong>AFSC<\/strong>\u2019s Peace and Economic Security Program\u201d. <\/em><\/p>\n<p>&#8211; <strong>AFSC<\/strong>? &#8211;<\/p>\n<p>Weiter Klaus Hartmann: <em>&#8222;George Soros, der eine Armada sozialer Akteure finanziert, so auch das &#8222;American Friends Service Committee&#8220; <strong>AFSC<\/strong>, das zu Anti-Trump-Protesten, einer CHALLENGING TRUMPISM CONFERENCE \u2013 JAN. 22&#8243; in Washington aufruft, basiert auf einer 100prozentigen Soros-Finanzierung.&#8220;\u00a0<\/em><\/p>\n<p style=\"text-align: center;\"><span style=\"color: #800000;\"><strong>F\u00fcr Regime-Change stehen wir Freidenkerinnen und Freidenker nicht zur Verf\u00fcgung!<\/strong><\/span><\/p>\n<hr \/>\n<p style=\"text-align: left;\">Hier das komplette Gespr\u00e4ch mit Klaus Hartmann:<\/p>\n<p style=\"text-align: center;\"><iframe loading=\"lazy\" src=\"\/\/www.youtube.com\/embed\/2LrYWPkP3jM\" width=\"500\" height=\"314\" allowfullscreen=\"allowfullscreen\"><\/iframe><\/p>\n","protected":false},"excerpt":{"rendered":"<p>Bitte den Men\u00fcpunkt &#8222;Termine &amp; Veranstaltungen&#8220; im Seitenmen\u00fc rechts anklicken! Heute mit einer notwendigen Erl\u00e4uterung: Unter den angezeigten Terminen erscheint auch eine f\u00fcr den 20.1. in Berlin geplante Anti-Trump-Demo. Wir zeigen von uns ausgew\u00e4hlte Termine in standardisierter Form an. Das bedeutet nicht, \u00a0dass wir f\u00fcr alle angezeigten Termine werben! Die Anti-Trump-Demo hat es auf unsere [&hellip;]<\/p>\n","protected":false},"author":4,"featured_media":0,"comment_status":"open","ping_status":"open","sticky":false,"template":"","format":"standard","meta":{"jetpack_post_was_ever_published":false,"_jetpack_newsletter_access":"","_jetpack_dont_email_post_to_subs":true,"_jetpack_newsletter_tier_id":0,"_jetpack_memberships_contains_paywalled_content":false,"_jetpack_memberships_contains_paid_content":false,"footnotes":""},"categories":[49,14,22,45,175,21,8,13],"tags":[408,164,42,202,246,425,280,426],"class_list":["post-3247","post","type-post","status-publish","format-standard","hentry","category-aufklaerung","category-aktivitaeten-des-dfv-berlin","category-friedensaktionen","category-friedensbewegung","category-nato","category-politik","category-standpunkte","category-veranstaltungen","tag-berliner-freidenker","tag-freidenkerverband","tag-friedensbewegung","tag-klaus-hartmann","tag-linkspartei","tag-regime-change","tag-trump","tag-usa-imperialismus"],"jetpack_featured_media_url":"","jetpack_shortlink":"https:\/\/wp.me\/py5dN-Qn","jetpack_sharing_enabled":true,"_links":{"self":[{"href":"https:\/\/www.berlin.freidenker.org\/index.php?rest_route=\/wp\/v2\/posts\/3247","targetHints":{"allow":["GET"]}}],"collection":[{"href":"https:\/\/www.berlin.freidenker.org\/index.php?rest_route=\/wp\/v2\/posts"}],"about":[{"href":"https:\/\/www.berlin.freidenker.org\/index.php?rest_route=\/wp\/v2\/types\/post"}],"author":[{"embeddable":true,"href":"https:\/\/www.berlin.freidenker.org\/index.php?rest_route=\/wp\/v2\/users\/4"}],"replies":[{"embeddable":true,"href":"https:\/\/www.berlin.freidenker.org\/index.php?rest_route=%2Fwp%2Fv2%2Fcomments&post=3247"}],"version-history":[{"count":9,"href":"https:\/\/www.berlin.freidenker.org\/index.php?rest_route=\/wp\/v2\/posts\/3247\/revisions"}],"predecessor-version":[{"id":3380,"href":"https:\/\/www.berlin.freidenker.org\/index.php?rest_route=\/wp\/v2\/posts\/3247\/revisions\/3380"}],"wp:attachment":[{"href":"https:\/\/www.berlin.freidenker.org\/index.php?rest_route=%2Fwp%2Fv2%2Fmedia&parent=3247"}],"wp:term":[{"taxonomy":"category","embeddable":true,"href":"https:\/\/www.berlin.freidenker.org\/index.php?rest_route=%2Fwp%2Fv2%2Fcategories&post=3247"},{"taxonomy":"post_tag","embeddable":true,"href":"https:\/\/www.berlin.freidenker.org\/index.php?rest_route=%2Fwp%2Fv2%2Ftags&post=3247"}],"curies":[{"name":"wp","href":"https:\/\/api.w.org\/{rel}","templated":true}]}}