{"id":3288,"date":"2017-01-12T21:44:12","date_gmt":"2017-01-12T19:44:12","guid":{"rendered":"http:\/\/www.berlin.freidenker.org\/?p=3288"},"modified":"2017-01-12T21:52:17","modified_gmt":"2017-01-12T19:52:17","slug":"einseitiger-bruch-mit-der-nato-statt-no-to-global-trumpism","status":"publish","type":"post","link":"https:\/\/www.berlin.freidenker.org\/?p=3288","title":{"rendered":"&#8222;Einseitiger Bruch mit der NATO&#8220; statt &#8222;No to Global Trumpism&#8220;"},"content":{"rendered":"<h3><strong>Stellungnahme des nationalen Netzwerkes \u201cNATO raus aus Deutschland \u2013 Deutschland raus aus der NATO\u201d <a href=\"http:\/\/www.neinzurnato.de\/\">(http:\/\/www.neinzurnato.de\/<\/a>) 10. January, 2017<\/strong><\/h3>\n<h4><em>Wir solidarisieren uns mit unseren italienischen*, franz\u00f6sischen und montenegrinischen Freunden, die ebenso wie wir als nationale B\u00fcndnisstrukturen f\u00fcr den NATO-Austritt, bzw. die Verhinderung des NATO-Beitritts ihrer jeweiligen L\u00e4nder k\u00e4mpfen. Wir sind eine Allianz von 61 Gruppen und Organisationen der Friedensbewegung in Deutschland, die sich im Sommer 2015 unter der Forderung \u201eNATO raus \u2013 raus aus der NATO\u201c zusammengeschlossen haben. Hiermit bekr\u00e4ftigen wir:<\/em><\/h4>\n<ol>\n<li>\n<h4><em>Seien wir wachsam gegen die <a href=\"http:\/\/www.no-to-nato.org\/2017\/01\/7200\/\" target=\"_blank\">manipulierten Proteste<\/a>, die gegenw\u00e4rtig von den bisher dominierenden Kr\u00e4ften des Krieges gegen den kommenden US-Pr\u00e4sidenten Donald Trump inszeniert werden, der erste Pr\u00e4sident der USA, der \u00f6ffentlich\u00a0 die Berechtigung der Existenz der NATO infragestellt;<\/em><\/h4>\n<\/li>\n<li>\n<h4><em>Lassen wir uns nicht ablenken vom Kampf gegen die kriegsbrandgef\u00e4hrlichen Hinterlassenschaften der scheidenden Obama-Administration;<\/em><\/h4>\n<\/li>\n<li>\n<h4><em>Engagieren wir uns verst\u00e4rkt gegen die milit\u00e4rische Einkreisung Russlands und den j\u00fcngsten NATO-Panzeraufmarsch an seiner Westgrenze;<\/em><\/h4>\n<\/li>\n<li>\n<h4><em>Fordern wir noch nachdr\u00fccklicher die Beendigung der Sanktionen gegen Russland, die nur eins zum Ziel haben: die Verhinderung eines friedlichen, gleichberechtigten Miteinander der V\u00f6lker des eurasischen Kontinents;<\/em><\/h4>\n<\/li>\n<li>\n<h4><em>Suchen wir noch engeren Kontakt mit den wachsenden Volkskr\u00e4ften, die den einseitigen Bruch ihrer L\u00e4nder mit dem NATO-Kriegsb\u00fcndnis wollen.<\/em><\/h4>\n<\/li>\n<\/ol>\n<h4><em>Im Namen des nationalen Netzwerkes \u201cNATO raus aus Deutschland \u2013 Deutschland raus aus der NATO\u201d (http:\/\/www.neinzurnato.de\/)<\/em><\/h4>\n<h4><em>Klaus von Raussendorff<\/em><\/h4>\n<h4><em>*Erkl\u00e4rung der Lista \u201aNo NATO\u2018, Italien zu anti-Trump-Demos in Europa <a href=\"http:\/\/www.ac-frieden.de\/2017\/01\/09\/erklaerung-der-lista-no-nato-italien-zu-anti-trump-demos\/\" target=\"_blank\">hier.<\/a><\/em><\/h4>\n","protected":false},"excerpt":{"rendered":"<p>Stellungnahme des nationalen Netzwerkes \u201cNATO raus aus Deutschland \u2013 Deutschland raus aus der NATO\u201d (http:\/\/www.neinzurnato.de\/) 10. January, 2017 Wir solidarisieren uns mit unseren italienischen*, franz\u00f6sischen und montenegrinischen Freunden, die ebenso wie wir als nationale B\u00fcndnisstrukturen f\u00fcr den NATO-Austritt, bzw. die Verhinderung des NATO-Beitritts ihrer jeweiligen L\u00e4nder k\u00e4mpfen. Wir sind eine Allianz von 61 Gruppen und [&hellip;]<\/p>\n","protected":false},"author":4,"featured_media":0,"comment_status":"open","ping_status":"open","sticky":false,"template":"","format":"standard","meta":{"jetpack_post_was_ever_published":false,"_jetpack_newsletter_access":"","_jetpack_dont_email_post_to_subs":true,"_jetpack_newsletter_tier_id":0,"_jetpack_memberships_contains_paywalled_content":false,"_jetpack_memberships_contains_paid_content":false,"footnotes":""},"categories":[49,22,45,175,8],"tags":[136,107,280,96],"class_list":["post-3288","post","type-post","status-publish","format-standard","hentry","category-aufklaerung","category-friedensaktionen","category-friedensbewegung","category-nato","category-standpunkte","tag-obama","tag-russland","tag-trump","tag-usa"],"jetpack_featured_media_url":"","jetpack_shortlink":"https:\/\/wp.me\/py5dN-R2","jetpack_sharing_enabled":true,"_links":{"self":[{"href":"https:\/\/www.berlin.freidenker.org\/index.php?rest_route=\/wp\/v2\/posts\/3288","targetHints":{"allow":["GET"]}}],"collection":[{"href":"https:\/\/www.berlin.freidenker.org\/index.php?rest_route=\/wp\/v2\/posts"}],"about":[{"href":"https:\/\/www.berlin.freidenker.org\/index.php?rest_route=\/wp\/v2\/types\/post"}],"author":[{"embeddable":true,"href":"https:\/\/www.berlin.freidenker.org\/index.php?rest_route=\/wp\/v2\/users\/4"}],"replies":[{"embeddable":true,"href":"https:\/\/www.berlin.freidenker.org\/index.php?rest_route=%2Fwp%2Fv2%2Fcomments&post=3288"}],"version-history":[{"count":4,"href":"https:\/\/www.berlin.freidenker.org\/index.php?rest_route=\/wp\/v2\/posts\/3288\/revisions"}],"predecessor-version":[{"id":3292,"href":"https:\/\/www.berlin.freidenker.org\/index.php?rest_route=\/wp\/v2\/posts\/3288\/revisions\/3292"}],"wp:attachment":[{"href":"https:\/\/www.berlin.freidenker.org\/index.php?rest_route=%2Fwp%2Fv2%2Fmedia&parent=3288"}],"wp:term":[{"taxonomy":"category","embeddable":true,"href":"https:\/\/www.berlin.freidenker.org\/index.php?rest_route=%2Fwp%2Fv2%2Fcategories&post=3288"},{"taxonomy":"post_tag","embeddable":true,"href":"https:\/\/www.berlin.freidenker.org\/index.php?rest_route=%2Fwp%2Fv2%2Ftags&post=3288"}],"curies":[{"name":"wp","href":"https:\/\/api.w.org\/{rel}","templated":true}]}}