{"id":3305,"date":"2017-01-17T22:28:14","date_gmt":"2017-01-17T20:28:14","guid":{"rendered":"http:\/\/www.berlin.freidenker.org\/?p=3305"},"modified":"2017-01-17T22:28:14","modified_gmt":"2017-01-17T20:28:14","slug":"wir-haben-es-satt-demo-21-1-16-in-berlin-12-uhr-potsdamer-platz","status":"publish","type":"post","link":"https:\/\/www.berlin.freidenker.org\/?p=3305","title":{"rendered":"&#8222;Wir-haben-es-satt-Demo&#8220;, 21.1.16 in Berlin, 12 Uhr Potsdamer Platz"},"content":{"rendered":"<p style=\"text-align: center;\"><iframe loading=\"lazy\" src=\"\/\/www.youtube.com\/embed\/uMvdR2L4tn0\" width=\"500\" height=\"314\" allowfullscreen=\"allowfullscreen\"><\/iframe><\/p>\n<h4>Liebe Freidenkerinnen, liebe Freidenker, liebe Freunde,<\/h4>\n<p>mit der Losung:<\/p>\n<h3 style=\"text-align: center;\">&#8222;Agrarkonzerne: Finger weg von unserem Essen!&#8220;<\/h3>\n<p>rufen zahlreiche bundesweite und auch regionale Vereine, Initiativen und Organisationen zur Teilnahme an der 7. &#8222;Wir-haben-es-satt-Demo&#8220; nach Berlin auf, siehe <a href=\"http:\/\/www.wir-haben-es-satt.de\/start\/home\/\" target=\"_blank\">hier<\/a>.<\/p>\n<h4>Am 21. Januar, ab 12 Uhr, Berlin Potsdamer Platz, demonstrieren Landwirte, LebensmittelhandwerkerInnen und kritische KonsumentInnen gemeinsam f\u00fcr gesundes Essen, eine \u00f6kologische Landwirtschaft und fairen Handel.<\/h4>\n<p>Agrarkonzerne missachten immer wieder die Menschenrechte. Es fehlen verbindliche Regeln. Trotz gut klingender Versprechen der Konzerne sieht die Realit\u00e4t ganz anders aus:<\/p>\n<p><em>Gro\u00dfgrundbesitz (Landgrabbing) mit Monokulturen, Verminderung der Artenvielfalt, Chemie f\u00fcr Pflanzen und Boden, Erpressung der Landwirte durch Patente und die Privatisierung von Saatgut, Tier- und Pflanzengenetik mit nicht aufgekl\u00e4rten Risiken f\u00fcr Mensch und Natur, Privatisierung von Wasser, wachsende Konzentration auf wenige Gro\u00dfe der Nahrungsmittelindustrie, kein Interesse an Armutsbek\u00e4mpfung durch sicheren Zugang zur Nahrung, Wett- und Spekulantent\u00e4tigkeit im Agrarsektor, internationale Freihandelsvertr\u00e4ge als Knebelvertr\u00e4ge, hohes Ausma\u00df der Lobbyt\u00e4tigkeit mit Einflussnahme auf EU und Staaten. <\/em><\/p>\n<p>Um gegen diese Fehlentwicklungen vorzugehen, muss die Agrar- und Ern\u00e4hrungswende im Jahr der Bundestagswahl zu einem der zentralen politischen Themen werden.<\/p>\n<p>Bitte schlie\u00dft Euch nach Kr\u00e4ften an. Erfolg gelingt am besten, wenn Friedensk\u00e4mpfer und Umweltsch\u00fctzer gemeinsam handeln.<\/p>\n<p>Berliner Freidenker<\/p>\n<p>Das Leitungskollektiv<\/p>\n","protected":false},"excerpt":{"rendered":"<p>Liebe Freidenkerinnen, liebe Freidenker, liebe Freunde, mit der Losung: &#8222;Agrarkonzerne: Finger weg von unserem Essen!&#8220; rufen zahlreiche bundesweite und auch regionale Vereine, Initiativen und Organisationen zur Teilnahme an der 7. &#8222;Wir-haben-es-satt-Demo&#8220; nach Berlin auf, siehe hier. Am 21. Januar, ab 12 Uhr, Berlin Potsdamer Platz, demonstrieren Landwirte, LebensmittelhandwerkerInnen und kritische KonsumentInnen gemeinsam f\u00fcr gesundes Essen, [&hellip;]<\/p>\n","protected":false},"author":4,"featured_media":0,"comment_status":"open","ping_status":"open","sticky":false,"template":"","format":"standard","meta":{"jetpack_post_was_ever_published":false,"_jetpack_newsletter_access":"","_jetpack_dont_email_post_to_subs":false,"_jetpack_newsletter_tier_id":0,"_jetpack_memberships_contains_paywalled_content":false,"_jetpack_memberships_contains_paid_content":false,"footnotes":""},"categories":[49,19,21,8,13],"tags":[423,422],"class_list":["post-3305","post","type-post","status-publish","format-standard","hentry","category-aufklaerung","category-kultur","category-politik","category-standpunkte","category-veranstaltungen","tag-demo-21-1","tag-wir-haben-es-satt"],"jetpack_featured_media_url":"","jetpack_shortlink":"https:\/\/wp.me\/py5dN-Rj","jetpack_sharing_enabled":true,"_links":{"self":[{"href":"https:\/\/www.berlin.freidenker.org\/index.php?rest_route=\/wp\/v2\/posts\/3305","targetHints":{"allow":["GET"]}}],"collection":[{"href":"https:\/\/www.berlin.freidenker.org\/index.php?rest_route=\/wp\/v2\/posts"}],"about":[{"href":"https:\/\/www.berlin.freidenker.org\/index.php?rest_route=\/wp\/v2\/types\/post"}],"author":[{"embeddable":true,"href":"https:\/\/www.berlin.freidenker.org\/index.php?rest_route=\/wp\/v2\/users\/4"}],"replies":[{"embeddable":true,"href":"https:\/\/www.berlin.freidenker.org\/index.php?rest_route=%2Fwp%2Fv2%2Fcomments&post=3305"}],"version-history":[{"count":2,"href":"https:\/\/www.berlin.freidenker.org\/index.php?rest_route=\/wp\/v2\/posts\/3305\/revisions"}],"predecessor-version":[{"id":3307,"href":"https:\/\/www.berlin.freidenker.org\/index.php?rest_route=\/wp\/v2\/posts\/3305\/revisions\/3307"}],"wp:attachment":[{"href":"https:\/\/www.berlin.freidenker.org\/index.php?rest_route=%2Fwp%2Fv2%2Fmedia&parent=3305"}],"wp:term":[{"taxonomy":"category","embeddable":true,"href":"https:\/\/www.berlin.freidenker.org\/index.php?rest_route=%2Fwp%2Fv2%2Fcategories&post=3305"},{"taxonomy":"post_tag","embeddable":true,"href":"https:\/\/www.berlin.freidenker.org\/index.php?rest_route=%2Fwp%2Fv2%2Ftags&post=3305"}],"curies":[{"name":"wp","href":"https:\/\/api.w.org\/{rel}","templated":true}]}}