{"id":3320,"date":"2017-01-22T09:52:18","date_gmt":"2017-01-22T07:52:18","guid":{"rendered":"http:\/\/www.berlin.freidenker.org\/?p=3320"},"modified":"2017-01-22T09:52:18","modified_gmt":"2017-01-22T07:52:18","slug":"die-freidenker-auf-der-schwarzen-liste-von-campact","status":"publish","type":"post","link":"https:\/\/www.berlin.freidenker.org\/?p=3320","title":{"rendered":"Die Freidenker auf der schwarzen Liste von Campact"},"content":{"rendered":"<h4><strong>Gestern beteiligte sich eine Gruppe Berliner Freidenker an der Demo &#8222;Wir haben es satt!&#8220;, selbstverst\u00e4ndlich hatten wir unsere Freidenkerfahne dabei.<\/strong><\/h4>\n<h4><strong>Nach wenigen hundert Metern verlangten zwei Menschen vom Ordnungsdienst, dass wir unsere Fahne verstecken &#8211; mit der Begr\u00fcndung, dass keine Fahnen von (politischen) Organisationen erlaubt seien. Unsere Entgegnung, dass Linkspartei, Gr\u00fcne und viele andere Organisationen ihren Fahnen zeigten und die Freidenker zudem keine politische Partei, sondern eine Weltanschauungsorganisation seien, wurde mit der weiteren Begr\u00fcndung abgewiesen, dass Freidenker mit KenFM sprechen und damit Verschw\u00f6rungstheorien teilen w\u00fcrden. Unsere Ablehnung der Verschw\u00f6rungstheoriekeule wurde von den beiden Herren abgewiesen mit der Begr\u00fcndungr, dass die Grunds\u00e4tze der Demo so festgelegt seien und ohne weitere Diskussion so durchgesetzt w\u00fcrden.<\/strong><\/h4>\n<h4><strong>Weitere Informationen in K\u00fcrze.<\/strong><\/h4>\n","protected":false},"excerpt":{"rendered":"<p>Gestern beteiligte sich eine Gruppe Berliner Freidenker an der Demo &#8222;Wir haben es satt!&#8220;, selbstverst\u00e4ndlich hatten wir unsere Freidenkerfahne dabei. Nach wenigen hundert Metern verlangten zwei Menschen vom Ordnungsdienst, dass wir unsere Fahne verstecken &#8211; mit der Begr\u00fcndung, dass keine Fahnen von (politischen) Organisationen erlaubt seien. Unsere Entgegnung, dass Linkspartei, Gr\u00fcne und viele andere Organisationen [&hellip;]<\/p>\n","protected":false},"author":4,"featured_media":0,"comment_status":"open","ping_status":"open","sticky":false,"template":"","format":"standard","meta":{"jetpack_post_was_ever_published":false,"_jetpack_newsletter_access":"","_jetpack_dont_email_post_to_subs":false,"_jetpack_newsletter_tier_id":0,"_jetpack_memberships_contains_paywalled_content":false,"_jetpack_memberships_contains_paid_content":false,"footnotes":""},"categories":[49,14,22,19,175,21,8,28],"tags":[339,427,229],"class_list":["post-3320","post","type-post","status-publish","format-standard","hentry","category-aufklaerung","category-aktivitaeten-des-dfv-berlin","category-friedensaktionen","category-kultur","category-nato","category-politik","category-standpunkte","category-umweltschutz","tag-campact","tag-demo-wir-haben-es-satt","tag-soros"],"jetpack_featured_media_url":"","jetpack_shortlink":"https:\/\/wp.me\/py5dN-Ry","jetpack_sharing_enabled":true,"_links":{"self":[{"href":"https:\/\/www.berlin.freidenker.org\/index.php?rest_route=\/wp\/v2\/posts\/3320","targetHints":{"allow":["GET"]}}],"collection":[{"href":"https:\/\/www.berlin.freidenker.org\/index.php?rest_route=\/wp\/v2\/posts"}],"about":[{"href":"https:\/\/www.berlin.freidenker.org\/index.php?rest_route=\/wp\/v2\/types\/post"}],"author":[{"embeddable":true,"href":"https:\/\/www.berlin.freidenker.org\/index.php?rest_route=\/wp\/v2\/users\/4"}],"replies":[{"embeddable":true,"href":"https:\/\/www.berlin.freidenker.org\/index.php?rest_route=%2Fwp%2Fv2%2Fcomments&post=3320"}],"version-history":[{"count":2,"href":"https:\/\/www.berlin.freidenker.org\/index.php?rest_route=\/wp\/v2\/posts\/3320\/revisions"}],"predecessor-version":[{"id":3322,"href":"https:\/\/www.berlin.freidenker.org\/index.php?rest_route=\/wp\/v2\/posts\/3320\/revisions\/3322"}],"wp:attachment":[{"href":"https:\/\/www.berlin.freidenker.org\/index.php?rest_route=%2Fwp%2Fv2%2Fmedia&parent=3320"}],"wp:term":[{"taxonomy":"category","embeddable":true,"href":"https:\/\/www.berlin.freidenker.org\/index.php?rest_route=%2Fwp%2Fv2%2Fcategories&post=3320"},{"taxonomy":"post_tag","embeddable":true,"href":"https:\/\/www.berlin.freidenker.org\/index.php?rest_route=%2Fwp%2Fv2%2Ftags&post=3320"}],"curies":[{"name":"wp","href":"https:\/\/api.w.org\/{rel}","templated":true}]}}