{"id":3388,"date":"2017-02-01T18:42:38","date_gmt":"2017-02-01T16:42:38","guid":{"rendered":"http:\/\/www.berlin.freidenker.org\/?p=3388"},"modified":"2017-02-01T18:42:38","modified_gmt":"2017-02-01T16:42:38","slug":"aus-dem-zettelkasten-1-2-2017-dzierzynski","status":"publish","type":"post","link":"https:\/\/www.berlin.freidenker.org\/?p=3388","title":{"rendered":"Aus dem Zettelkasten &#8211; 1.2.2017 &#8211; Dzierzynski"},"content":{"rendered":"<p style=\"text-align: center;\"><em>&#8222;Deshalb bleibe ich dabei, da\u00df der XX. Parteitag der KPdSU und das ihm folgende \u00bbTauwetter\u00ab eine M\u00f6glichkeit zur Erneuerung und zur R\u00fcckbesinnung auf Marx \u00f6ffneten. <\/em><\/p>\n<p style=\"text-align: center;\"><em>Aber \u2013 so wird heute deutlicher denn je \u2013 dieser erste Schritt \u00bbvon oben\u00ab bekr\u00e4ftigte gleichzeitig <strong>die verheerende Fixierung auf die Illusion, da\u00df die Ver\u00e4nderung \u00bbvon oben\u00ab zu erfolgen habe<\/strong>. Deshalb \u2013 wie wir heute klar erkennen k\u00f6nnen, ist dies eine Schl\u00fcsselfrage \u2013 sind die v\u00f6llige und befreiende Abkehr vom Stalinismus und eine wirkliche Reform des realen Sozialismus aus eigener Kraft nicht gelungen. Wir hatten uns, beg\u00fcnstigt, aber nicht verursacht von den erbarmungslosen Bedingungen der Systemauseinandersetzung, mit den verinnerlichten \u00bbideologischen\u00ab Begr\u00fcndungen f\u00fcr den Zentralismus in der Partei und im Staat tief in einer Sackgasse verlaufen.&#8220;<\/em><\/p>\n<p style=\"text-align: left;\">(Quelle: WOLFGANG HARTMANN &#8222;Das Erbe Dzierzynskis\u00ab \u2013 oder weshalb seine Nachdenklichkeit abhanden kam. Pers\u00f6nliche Reflexionen und Fragen an Meinesgleichen&#8220;, in: <a href=\"https:\/\/www.rosalux.de\/fileadmin\/rls_uploads\/pdfs\/Utopie_kreativ\/1997_Sonderheft\/1997_Sh.pdf\" target=\"_blank\">Sonderheft 1997 &#8211; Rosa-Luxemburg-Stiftung<\/a>, Seite 137.\u00a0Hervorhebung &#8222;fett&#8220; vom Zettelkasteninhaber)<\/p>\n","protected":false},"excerpt":{"rendered":"<p>&#8222;Deshalb bleibe ich dabei, da\u00df der XX. Parteitag der KPdSU und das ihm folgende \u00bbTauwetter\u00ab eine M\u00f6glichkeit zur Erneuerung und zur R\u00fcckbesinnung auf Marx \u00f6ffneten. Aber \u2013 so wird heute deutlicher denn je \u2013 dieser erste Schritt \u00bbvon oben\u00ab bekr\u00e4ftigte gleichzeitig die verheerende Fixierung auf die Illusion, da\u00df die Ver\u00e4nderung \u00bbvon oben\u00ab zu erfolgen habe. [&hellip;]<\/p>\n","protected":false},"author":4,"featured_media":0,"comment_status":"open","ping_status":"open","sticky":false,"template":"","format":"standard","meta":{"jetpack_post_was_ever_published":false,"_jetpack_newsletter_access":"","_jetpack_dont_email_post_to_subs":false,"_jetpack_newsletter_tier_id":0,"_jetpack_memberships_contains_paywalled_content":false,"_jetpack_memberships_contains_paid_content":false,"footnotes":""},"categories":[49,46,8],"tags":[295,438,440,303,439],"class_list":["post-3388","post","type-post","status-publish","format-standard","hentry","category-aufklaerung","category-freidenker-im-gespraech","category-standpunkte","tag-ddr","tag-dzierzynski","tag-realsozialismus","tag-stalin","tag-stasi"],"jetpack_featured_media_url":"","jetpack_shortlink":"https:\/\/wp.me\/py5dN-SE","jetpack_sharing_enabled":true,"_links":{"self":[{"href":"https:\/\/www.berlin.freidenker.org\/index.php?rest_route=\/wp\/v2\/posts\/3388","targetHints":{"allow":["GET"]}}],"collection":[{"href":"https:\/\/www.berlin.freidenker.org\/index.php?rest_route=\/wp\/v2\/posts"}],"about":[{"href":"https:\/\/www.berlin.freidenker.org\/index.php?rest_route=\/wp\/v2\/types\/post"}],"author":[{"embeddable":true,"href":"https:\/\/www.berlin.freidenker.org\/index.php?rest_route=\/wp\/v2\/users\/4"}],"replies":[{"embeddable":true,"href":"https:\/\/www.berlin.freidenker.org\/index.php?rest_route=%2Fwp%2Fv2%2Fcomments&post=3388"}],"version-history":[{"count":1,"href":"https:\/\/www.berlin.freidenker.org\/index.php?rest_route=\/wp\/v2\/posts\/3388\/revisions"}],"predecessor-version":[{"id":3389,"href":"https:\/\/www.berlin.freidenker.org\/index.php?rest_route=\/wp\/v2\/posts\/3388\/revisions\/3389"}],"wp:attachment":[{"href":"https:\/\/www.berlin.freidenker.org\/index.php?rest_route=%2Fwp%2Fv2%2Fmedia&parent=3388"}],"wp:term":[{"taxonomy":"category","embeddable":true,"href":"https:\/\/www.berlin.freidenker.org\/index.php?rest_route=%2Fwp%2Fv2%2Fcategories&post=3388"},{"taxonomy":"post_tag","embeddable":true,"href":"https:\/\/www.berlin.freidenker.org\/index.php?rest_route=%2Fwp%2Fv2%2Ftags&post=3388"}],"curies":[{"name":"wp","href":"https:\/\/api.w.org\/{rel}","templated":true}]}}