{"id":3390,"date":"2017-02-02T21:32:23","date_gmt":"2017-02-02T19:32:23","guid":{"rendered":"http:\/\/www.berlin.freidenker.org\/?p=3390"},"modified":"2017-02-02T21:34:13","modified_gmt":"2017-02-02T19:34:13","slug":"antwort-an-thomas-loch","status":"publish","type":"post","link":"https:\/\/www.berlin.freidenker.org\/?p=3390","title":{"rendered":"Antwort an Thomas Loch"},"content":{"rendered":"<p>L<span style=\"font-size: small;\">ieber Thomas,<\/span><\/p>\n<p><span style=\"font-size: small;\">mein Gest\u00e4ndnis wird Dich nicht \u00fcberraschen, dass ich den <a href=\"https:\/\/www.berlin.freidenker.org\/?p=3368#comment-2228\" target=\"_blank\">Beginn Deines Kommentars <\/a>erst einmal wenig begeisternd fand. \u201e<i>Transpare<\/i><span style=\"font-family: 'Liberation Serif', serif;\"><i>nz hin und <\/i><\/span><span style=\"color: #282e21;\"><span style=\"font-family: 'Liberation Serif', serif;\"><i>Transparenz her\u201c<\/i><\/span><\/span><span style=\"font-family: 'Liberation Serif', serif;\"> &#8211; das klingt doch sehr nach: \u201eLirum, larum L\u00f6ffelstiel, wer viel redet, sagt nicht viel.\u201c <\/span><span style=\"font-family: 'Liberation Serif', serif;\">Wer Transparenz zum Thema macht, scheint bestenfalls ein Gr\u00fcnling zu sein, der nicht schnell genug an die Angel kommen kann. <\/span><\/span><\/p>\n<p><span style=\"font-size: small;\"><span style=\"font-family: 'Liberation Serif', serif;\">Doch Dein Kommentar besteht ja nicht nur aus zwei Zeilen, sondern schlie\u00dft eine n\u00e4here Betrachtung und eigene \u00dcberlegungen zu <\/span><span style=\"font-family: 'Liberation Serif', serif;\">der <a href=\"https:\/\/www.berlin.freidenker.org\/?p=3368\" target=\"_blank\">zitierten <\/a><\/span><span style=\"font-family: 'Liberation Serif', serif;\">\u00c4u\u00dferung <\/span><span style=\"font-family: 'Liberation Serif', serif;\">Lenins <\/span><span style=\"font-family: 'Liberation Serif', serif;\">ein, <\/span><span style=\"font-family: 'Liberation Serif', serif;\">und das <\/span><span style=\"font-family: 'Liberation Serif', serif;\">ist sicher <\/span><span style=\"font-family: 'Liberation Serif', serif;\">eine n\u00fctzliche Verfahrensweise. <\/span><\/span><\/p>\n<p><span style=\"font-size: small;\"><span style=\"font-family: 'Liberation Serif', serif;\">Zu <\/span><span style=\"font-family: 'Liberation Serif', serif;\">Deiner <\/span><span style=\"font-family: 'Liberation Serif', serif;\">Eingangsb<\/span><span style=\"font-family: 'Liberation Serif', serif;\">emerkung \u00fcber\u2018s richtige Zitieren <\/span><span style=\"font-family: 'Liberation Serif', serif;\">freilich m\u00f6chte ich <\/span><span style=\"font-family: 'Liberation Serif', serif;\">\u201eJain\u201c sagen. Nat\u00fcrlich d\u00fcrfen Zitate nicht v\u00f6llig aus dem Zusammenhang gerissen werden. Gerade das ist ja eine der beliebtesten Manipulationsmethoden. Doch andererseits haben es manche Sentenzen an sich, dass sie weit \u00fcber den urspr\u00fcnglichen Inhalt hinaus Bedeutung erlangen, dass sie abwandelbar und \u00fcbertragbar sind. <\/span><span style=\"font-family: 'Liberation Serif', serif;\">Es existiert eben Allgemeines im Einzelnen <\/span><span style=\"font-family: 'Liberation Serif', serif;\">und im Besonderen<\/span><span style=\"font-family: 'Liberation Serif', serif;\">. <\/span><\/span><\/p>\n<p><span style=\"font-size: small;\"><span style=\"font-family: 'Liberation Serif', serif;\">Die Worte: <\/span><span style=\"font-family: 'Liberation Serif', serif;\"><i>\u201eNach unseren Begriffen ist es die Bewu<\/i><\/span><span style=\"font-family: 'Liberation Serif', serif;\"><i>\u00df<\/i><\/span><span style=\"font-family: 'Liberation Serif', serif;\"><i>theit der Massen, die den Staat stark macht\u201c<\/i><\/span> <span style=\"font-family: 'Liberation Serif', serif;\">&#8211;<\/span><span style=\"font-family: 'Liberation Serif', serif;\"> soviel als Reminiszenz <\/span><span style=\"font-family: 'Liberation Serif', serif;\">&#8211;<\/span><span style=\"font-family: 'Liberation Serif', serif;\"> prangten <\/span><span style=\"font-family: 'Liberation Serif', serif;\">einst <\/span><span style=\"font-family: 'Liberation Serif', serif;\">auf einem sechs oder acht Meter breiten Spruchband an der Stirnseite des Vorlesungssaals im Institut f\u00fcr Philosophie der Humboldt Universit\u00e4t zu Berlin <\/span><span style=\"font-family: 'Liberation Serif', serif;\">(Rainer Thiel kann sich bestimmt auch daran erinnern). <\/span><span style=\"font-family: 'Liberation Serif', serif;\">U<\/span><span style=\"font-family: 'Liberation Serif', serif;\">nd <\/span><span style=\"font-family: 'Liberation Serif', serif;\">die <\/span><span style=\"font-family: 'Liberation Serif', serif;\">F\u00fclle verschiedener Assoziationen w\u00e4hrend vieler, vieler Vorlesungs- Seminar- und Versammlungsstunden, <\/span><span style=\"font-family: 'Liberation Serif', serif;\">die<\/span><span style=\"font-family: 'Liberation Serif', serif;\"> sich damals in Studentenk\u00f6pfen einstellte, <\/span><span style=\"font-family: 'Liberation Serif', serif;\">hatte sicher <\/span><span style=\"font-family: 'Liberation Serif', serif;\">auch <\/span><span style=\"font-family: 'Liberation Serif', serif;\">viel Erfreuliches. <\/span><\/span><\/p>\n<p><span style=\"font-size: small;\"><span style=\"font-family: 'Liberation Serif', serif;\">Danke, dass Du den zeitgeschichtlichen Zusammenhang von Lenins Worten etwas ausgef\u00fchrt hast. (<\/span><span style=\"font-family: 'Liberation Serif', serif;\">Auch ich hatte d<\/span><span style=\"font-family: 'Liberation Serif', serif;\">en Hinweis auf den 8. November 1917 nicht zuf\u00e4llig in die Quellenangabe mit aufgenommen.) Irref\u00fchrend w\u00e4re aber der Eindruck, Lenins Orientierung auf das <\/span><span style=\"font-family: 'Liberation Serif', serif;\"><b>all<\/b><\/span><span style=\"font-family: 'Liberation Serif', serif;\">umfassende Wissen und die <\/span><span style=\"font-family: 'Liberation Serif', serif;\"><b>all<\/b><\/span><span style=\"font-family: 'Liberation Serif', serif;\">umfassende Urteilsf\u00e4higkeit der Massen w\u00fcrde sich nur auf die Zeitspanne beziehen, in der die ersten Grundlagen des proletarischen Staates <\/span><span style=\"font-family: 'Liberation Serif', serif;\">ge<\/span><span style=\"font-family: 'Liberation Serif', serif;\">schaffen w<\/span><span style=\"font-family: 'Liberation Serif', serif;\">urde<\/span><span style=\"font-family: 'Liberation Serif', serif;\">n. <\/span><span style=\"font-family: 'Liberation Serif', serif;\">Das ist ganz und gar nicht <\/span><span style=\"font-family: 'Liberation Serif', serif;\">der Fall<\/span><span style=\"font-family: 'Liberation Serif', serif;\">, wie sich zigfach belegen l\u00e4sst. <\/span><\/span><\/p>\n<p><span style=\"font-size: small;\"><span style=\"font-family: 'Liberation Serif', serif;\">Und auch Deine Formulierung, es gehe <\/span><span style=\"font-family: 'Liberation Serif', serif;\"><i>\u201eum Of<\/i><\/span><span style=\"color: #282e21;\"><span style=\"font-family: 'Liberation Serif', serif;\"><i>fenheit des Staates gegen\u00fcber der Masse, nicht um die Offenlegung und Transparenz von Vereinen und Organisationen dem Staat gegen\u00fcber<\/i><\/span><\/span><span style=\"color: #282e21;\"><span style=\"font-family: 'Liberation Serif', serif;\">\u201c <\/span><\/span><span style=\"color: #282e21;\"><span style=\"font-family: 'Liberation Serif', serif;\">ist nur scheinbar schl\u00fcssig<\/span><\/span><span style=\"color: #282e21;\"><span style=\"font-family: 'Liberation Serif', serif;\">. Eine Allaussage ist nun mal eine Allaussage. <\/span><\/span><span style=\"color: #282e21;\"><span style=\"font-family: 'Liberation Serif', serif;\"><b>Alle<\/b><\/span><\/span><span style=\"color: #282e21;\"><span style=\"font-family: 'Liberation Serif', serif;\"> sollen <\/span><\/span><span style=\"color: #282e21;\"><span style=\"font-family: 'Liberation Serif', serif;\"><b>alles<\/b><\/span><\/span><span style=\"color: #282e21;\"><span style=\"font-family: 'Liberation Serif', serif;\"> Wissen, <\/span><\/span><span style=\"color: #282e21;\"><span style=\"font-family: 'Liberation Serif', serif;\"><b>alles<\/b><\/span><\/span><span style=\"color: #282e21;\"><span style=\"font-family: 'Liberation Serif', serif;\"> beurteilen k\u00f6nnen,<\/span><\/span><span style=\"color: #282e21;\"><span style=\"font-family: 'Liberation Serif', serif;\"><b> alles<\/b><\/span><\/span><span style=\"color: #282e21;\"><span style=\"font-family: 'Liberation Serif', serif;\"> bewusst tun (ich erw\u00e4hne <\/span><\/span><span style=\"color: #282e21;\"><span style=\"font-family: 'Liberation Serif', serif;\">hier <\/span><\/span><span style=\"color: #282e21;\"><span style=\"font-family: 'Liberation Serif', serif;\">sicherheitshalber, dass es nat\u00fcrlich um die gesellschaftspolitische Ebene geht und nicht um zwischenmenschliche Intimit\u00e4t). Das bedingt tats\u00e4chlich die Offenheit der Massen gegen\u00fcber ihrem Staat, wie auch die des Staates gegen\u00fcber seinen B\u00fcrgerInnen, <\/span><\/span><span style=\"color: #282e21;\"><span style=\"font-family: 'Liberation Serif', serif;\"><b>wie auch<\/b><\/span><\/span><span style=\"color: #282e21;\"><span style=\"font-family: 'Liberation Serif', serif;\"> der B\u00fcrgerInnen und ihrer Organisationen gegen\u00fcber den B\u00fcrgerInnen und ihren Organisationen. <\/span><\/span><span style=\"color: #282e21;\"><span style=\"font-family: 'Liberation Serif', serif;\">Anders ist es gar nicht m\u00f6glich, Bewusstheit und Organisiertheit <\/span><\/span><span style=\"color: #282e21;\"><span style=\"font-family: 'Liberation Serif', serif;\">als Begriffe <\/span><\/span><span style=\"color: #282e21;\"><span style=\"font-family: 'Liberation Serif', serif;\">auf dieselbe Stufe zu stellen. (Lenin: <\/span><\/span><span style=\"color: #282e21;\"><span style=\"font-family: 'Liberation Serif', serif;\"><i>\u201eDer letzte Kraftquell ist die Masse der Arbeiter und Bauern, ihre Bewu\u00dftheit, ihre Organisiertheit.\u201c<\/i><\/span><\/span><span style=\"color: #282e21;\"><span style=\"font-family: 'Liberation Serif', serif;\"> 19. Oktober 1921, <a href=\"http:\/\/www.red-channel.de\/LeninWerke\/LW33.pdf\" target=\"_blank\">Werke Band 33,<\/a> Berlin 1977, S. 48)<\/span><\/span><\/span><\/p>\n<p><span style=\"font-size: small;\"><span style=\"color: #282e21;\"><span style=\"font-family: 'Liberation Serif', serif;\">Falls es notwendig ist <\/span><\/span><span style=\"color: #282e21;\"><span style=\"font-family: 'Liberation Serif', serif;\"><i>\u201eIn diesem Zusammenhang zu kl\u00e4ren was der Staat eigentlich ist,&#8230;\u201c<\/i><\/span><\/span><span style=\"color: #282e21;\"><span style=\"font-family: 'Liberation Serif', serif;\">, <\/span><\/span><span style=\"color: #282e21;\"><span style=\"font-family: 'Liberation Serif', serif;\">braucht <\/span><\/span><span style=\"color: #282e21;\"><span style=\"font-family: 'Liberation Serif', serif;\">das wahrlich nicht zu einem Grundsatzstreit zwischen uns \u00fcber <\/span><\/span><span style=\"color: #282e21;\"><span style=\"font-family: 'Liberation Serif', serif;\">den <\/span><\/span><span style=\"color: #282e21;\"><span style=\"font-family: 'Liberation Serif', serif;\">Klassencharakter <\/span><\/span><span style=\"color: #282e21;\"><span style=\"font-family: 'Liberation Serif', serif;\">des imperialistischen Staates <\/span><\/span><span style=\"color: #282e21;\"><span style=\"font-family: 'Liberation Serif', serif;\">zu <\/span><\/span><span style=\"color: #282e21;\"><span style=\"font-family: 'Liberation Serif', serif;\">f\u00fchren. <\/span><\/span><span style=\"color: #282e21;\"><span style=\"font-family: 'Liberation Serif', serif;\">Meine Frage ist, ob dieses <\/span><\/span><span style=\"color: #282e21;\"><span style=\"font-family: 'Liberation Serif', serif;\">Kl\u00e4ren <\/span><\/span><span style=\"color: #282e21;\"><span style=\"font-family: 'Liberation Serif', serif;\">in dem konkreten Bezug \u201eTransparenz\u201c bzw. noch konkreter <a href=\"https:\/\/www.transparency.de\/Initiative-Transparente-Zivilg.1612.0.html\" target=\"_blank\">\u201eITZ\u201c<\/a> notwendig <\/span><\/span><span style=\"color: #282e21;\"><span style=\"font-family: 'Liberation Serif', serif;\">ist?<\/span><\/span> <span style=\"color: #282e21;\"><span style=\"font-family: 'Liberation Serif', serif;\">D<\/span><\/span><span style=\"color: #282e21;\"><span style=\"font-family: 'Liberation Serif', serif;\">as hat mir noch niemand <\/span><\/span><span style=\"color: #282e21;\"><span style=\"font-family: 'Liberation Serif', serif;\">\u00fcberzeugend beantwortet. Sehr oft, wenn ich diese Fragen anschneide, springt mir <\/span><\/span><span style=\"color: #282e21;\"><span style=\"font-family: 'Liberation Serif', serif;\">so etwas wie eine betagte <\/span><\/span><span style=\"color: #282e21;\"><span style=\"font-family: 'Liberation Serif', serif;\">\u201eKlassenwachsamkeit\u201c entgegen. <\/span><\/span><\/span><\/p>\n<p><span style=\"font-size: small;\"><span style=\"color: #282e21;\"><span style=\"font-family: 'Liberation Serif', serif;\">Wie vertragen sich mit dieser Wachsamkeit die braven Berichte ans Vereinsregister nach jeder Wahl? Wie vertragen sich <\/span><\/span><span style=\"color: #282e21;\"><span style=\"font-family: 'Liberation Serif', serif;\">damit <\/span><\/span><span style=\"color: #282e21;\"><span style=\"font-family: 'Liberation Serif', serif;\">die doch wahrhaft umfassenden Berichte ans Finanzamt alle drei Jahre beim <\/span><\/span><span style=\"color: #282e21;\"><span style=\"font-family: 'Liberation Serif', serif;\">Bem\u00fchen <\/span><\/span><span style=\"color: #282e21;\"><span style=\"font-family: 'Liberation Serif', serif;\">um die Best\u00e4tigung der Gemeinn\u00fctzigkeit? Jahr um Jahr berichten wir gemeinn\u00fctzigen eingetragenen Vereine dem Staat bis aufs \u201etz\u201c.<\/span><\/span><\/span><\/p>\n<p><span style=\"font-size: small;\"><span style=\"color: #282e21;\"><span style=\"font-family: 'Liberation Serif', serif;\">D<\/span><\/span><span style=\"color: #282e21;\"><span style=\"font-family: 'Liberation Serif', serif;\">eine letzte Anmerkung kann ich leider \u00fcberhaupt nicht teilen. <\/span><\/span><span style=\"color: #282e21;\"><span style=\"font-family: 'Liberation Serif', serif;\">Schon die Fragestellung ist recht unpr\u00e4zise: <\/span><\/span><span style=\"color: #282e21;\"><span style=\"font-family: 'Liberation Serif', serif;\"><i>\u201e\u2026 <\/i><\/span><\/span><span style=\"color: #282e21;\"><span style=\"font-family: 'Liberation Serif', serif;\"><i>welcher Sinn steckt hinter dem Anliegen das Vereine und andere Organisationen sich pauschal und ohne Notwendigkeit offenbaren?\u201c <\/i><\/span><\/span><span style=\"color: #282e21;\"><span style=\"font-family: 'Liberation Serif', serif;\">Transparenz im Sinne der \u201eITZ\u201c ist keineswegs pauschal, sondern recht pr\u00e4zise <\/span><\/span><span style=\"color: #282e21;\"><span style=\"font-family: 'Liberation Serif', serif;\">definiert<\/span><\/span><span style=\"color: #282e21;\"><span style=\"font-family: 'Liberation Serif', serif;\">. Transparenz und Offenbarung sind meiner Meinung nach verschiedene Dinge. Teil\u00fcbereinstimmungen und Nicht\u00fcbereinstimmungen<\/span><\/span><span style=\"color: #282e21;\"><span style=\"font-family: 'Liberation Serif', serif;\"> wie auch \u201eder Sinn\u201c,<\/span><\/span><span style=\"color: #282e21;\"><span style=\"font-family: 'Liberation Serif', serif;\"> w\u00e4ren ernsthaft (konstruktiv) zu diskutieren. <\/span><\/span><span style=\"color: #282e21;\"><span style=\"font-family: 'Liberation Serif', serif;\">Vor allem aber bestreite ich , dass es keine Notwendigkeit g\u00e4be. <\/span><\/span><\/span><\/p>\n<p><span style=\"font-size: small;\"><span style=\"color: #282e21;\"><span style=\"font-family: 'Liberation Serif', serif;\">Du behauptest: <\/span><\/span><span style=\"color: #282e21;\"><span style=\"font-family: 'Liberation Serif', serif;\"><i>\u201e<\/i><\/span><\/span><span style=\"color: #282e21;\"><span style=\"font-family: 'Liberation Serif', serif;\"><i>Wenn Menschen an bestimmter Organisiertheit interessiert sind, so werden sie Wege und M\u00f6glichkeiten finden sich entsprechend zu informieren.\u201c<\/i><\/span><\/span> <span style=\"color: #282e21;\"><span style=\"font-family: 'Liberation Serif', serif;\">Das scheint mir nicht weit entfernt vom \u201elinken Hochmut\u201c, um noch einmal an L. zu erinnern. War\u2018n sie wohl zu doof, dass sie die Wege und M\u00f6glichkeiten nicht gefunden haben oder erst nach tausend Umwegen gefunden haben? Hatten sie nicht ausreichend Charakterst\u00e4rke oder Gedankensch\u00e4rfe, dass ihr Interesse an Organisiertheit zu schwach oder zu unbestimmt war? <\/span><\/span><span style=\"color: #282e21;\"><span style=\"font-family: 'Liberation Serif', serif;\">S<\/span><\/span><span style=\"color: #282e21;\"><span style=\"font-family: 'Liberation Serif', serif;\">ind <\/span><\/span><span style=\"color: #282e21;\"><span style=\"font-family: 'Liberation Serif', serif;\">es denn nicht mehr als <\/span><\/span><span style=\"color: #282e21;\"><span style=\"font-family: 'Liberation Serif', serif;\">genug, die den Rattenf\u00e4ngern der \u201eOpen Societ<\/span><\/span><span style=\"color: #282e21;\"><span style=\"font-family: 'Liberation Serif', serif;\">y Foundations<\/span><\/span><span style=\"color: #282e21;\"><span style=\"font-family: 'Liberation Serif', serif;\">\u201c <\/span><\/span><span style=\"color: #282e21;\"><span style=\"font-family: 'Liberation Serif', serif;\">(die \u00fcbrigens intransparent sind) hinterherlaufen<\/span><\/span><span style=\"color: #282e21;\"><span style=\"font-family: 'Liberation Serif', serif;\">?<\/span><\/span><\/span><\/p>\n<p><span style=\"font-size: small;\"><span style=\"color: #282e21;\"><span style=\"font-family: 'Liberation Serif', serif;\">L<\/span><\/span><span style=\"color: #282e21;\"><span style=\"font-family: 'Liberation Serif', serif;\">eider betrachten wir das un\u00fcberschaubar riesige Feld der zivilgesellschaftlichen Organisationen, der NRO, viel zu selten und nur punktuell mit den Augen der Klassenwachsamkeit. So tummeln sich die ehrenwertesten Vereinigungen und die ber\u00fcchtigsten \u201eRevolutionsadopter\u201c gleicherma\u00dfen ungest\u00f6rt im warmen Wasser der <\/span><\/span><span style=\"color: #282e21;\"><span style=\"font-family: 'Liberation Serif', serif;\">Empathie und des m<\/span><\/span><span style=\"color: #282e21;\"><span style=\"font-family: 'Liberation Serif', serif;\">enschenfreundlich<\/span><\/span><span style=\"color: #282e21;\"><span style=\"font-family: 'Liberation Serif', serif;\">en Engagements <\/span><\/span><span style=\"color: #282e21;\"><span style=\"font-family: 'Liberation Serif', serif;\">und der demokratischen Basisarbeit<\/span><\/span><span style=\"color: #282e21;\"><span style=\"font-family: 'Liberation Serif', serif;\">. Transparenz k\u00f6nnte zur Klarsicht beitragen, um Friedfische und Haie unterscheiden zu lernen. <\/span><\/span><span style=\"color: #282e21;\"><span style=\"font-family: 'Liberation Serif', serif;\">Ganz abgesehen davon<\/span><\/span><span style=\"color: #282e21;\"><span style=\"font-family: 'Liberation Serif', serif;\">, welche Impulse zu einer h\u00f6heren Kultur <\/span><\/span><span style=\"color: #282e21;\"><span style=\"font-family: 'Liberation Serif', serif;\">des Miteinanders <\/span><\/span><span style=\"color: #282e21;\"><span style=\"font-family: 'Liberation Serif', serif;\">die Weiterentwicklung <\/span><\/span><span style=\"color: #282e21;\"><span style=\"font-family: 'Liberation Serif', serif;\">demokratischer <\/span><\/span><span style=\"color: #282e21;\"><span style=\"font-family: 'Liberation Serif', serif;\">Transparenz innerhalb unserer eigenen Organisationen geben k\u00f6nnte. <\/span><\/span><\/span><\/p>\n<p><span style=\"font-size: small;\"><span style=\"color: #282e21;\"><span style=\"font-family: 'Liberation Serif', serif;\">L<\/span><\/span><span style=\"color: #282e21;\"><span style=\"font-family: 'Liberation Serif', serif;\">ieber Thomas, ich setze diese Antwort auf die Hauptseite unseres schmalen Webauftritts, weil sie als blo\u00dfer Kommentar ziemlich unbemerkt bliebe. <\/span><\/span><span style=\"color: #282e21;\"><span style=\"font-family: 'Liberation Serif', serif;\">Gerne r\u00e4umen wir Dir die M\u00f6glichkeit ein, eine eventuelle Replik oder weitere \u00dcberlegungen von Dir als Gastbeitrag zu ver\u00f6ffentlichen.<\/span><\/span><\/span><\/p>\n<p><span style=\"font-size: small;\"><span style=\"color: #282e21;\"><span style=\"font-family: 'Liberation Serif', serif;\">Mit den besten Gr\u00fc\u00dfen <\/span><\/span><\/span><\/p>\n<p><span style=\"font-size: small;\"><span style=\"color: #282e21;\"><span style=\"font-family: 'Liberation Serif', serif;\">Klaus-Peter<\/span><\/span><\/span><\/p>\n","protected":false},"excerpt":{"rendered":"<p>Lieber Thomas, mein Gest\u00e4ndnis wird Dich nicht \u00fcberraschen, dass ich den Beginn Deines Kommentars erst einmal wenig begeisternd fand. \u201eTransparenz hin und Transparenz her\u201c &#8211; das klingt doch sehr nach: \u201eLirum, larum L\u00f6ffelstiel, wer viel redet, sagt nicht viel.\u201c Wer Transparenz zum Thema macht, scheint bestenfalls ein Gr\u00fcnling zu sein, der nicht schnell genug an [&hellip;]<\/p>\n","protected":false},"author":4,"featured_media":0,"comment_status":"open","ping_status":"open","sticky":false,"template":"","format":"standard","meta":{"jetpack_post_was_ever_published":false,"_jetpack_newsletter_access":"","_jetpack_dont_email_post_to_subs":true,"_jetpack_newsletter_tier_id":0,"_jetpack_memberships_contains_paywalled_content":false,"_jetpack_memberships_contains_paid_content":false,"footnotes":""},"categories":[49,19,8],"tags":[195,221,435,135],"class_list":["post-3390","post","type-post","status-publish","format-standard","hentry","category-aufklaerung","category-kultur","category-standpunkte","tag-itz","tag-lenin","tag-transparency","tag-transparenz"],"jetpack_featured_media_url":"","jetpack_shortlink":"https:\/\/wp.me\/py5dN-SG","jetpack_sharing_enabled":true,"_links":{"self":[{"href":"https:\/\/www.berlin.freidenker.org\/index.php?rest_route=\/wp\/v2\/posts\/3390","targetHints":{"allow":["GET"]}}],"collection":[{"href":"https:\/\/www.berlin.freidenker.org\/index.php?rest_route=\/wp\/v2\/posts"}],"about":[{"href":"https:\/\/www.berlin.freidenker.org\/index.php?rest_route=\/wp\/v2\/types\/post"}],"author":[{"embeddable":true,"href":"https:\/\/www.berlin.freidenker.org\/index.php?rest_route=\/wp\/v2\/users\/4"}],"replies":[{"embeddable":true,"href":"https:\/\/www.berlin.freidenker.org\/index.php?rest_route=%2Fwp%2Fv2%2Fcomments&post=3390"}],"version-history":[{"count":3,"href":"https:\/\/www.berlin.freidenker.org\/index.php?rest_route=\/wp\/v2\/posts\/3390\/revisions"}],"predecessor-version":[{"id":3393,"href":"https:\/\/www.berlin.freidenker.org\/index.php?rest_route=\/wp\/v2\/posts\/3390\/revisions\/3393"}],"wp:attachment":[{"href":"https:\/\/www.berlin.freidenker.org\/index.php?rest_route=%2Fwp%2Fv2%2Fmedia&parent=3390"}],"wp:term":[{"taxonomy":"category","embeddable":true,"href":"https:\/\/www.berlin.freidenker.org\/index.php?rest_route=%2Fwp%2Fv2%2Fcategories&post=3390"},{"taxonomy":"post_tag","embeddable":true,"href":"https:\/\/www.berlin.freidenker.org\/index.php?rest_route=%2Fwp%2Fv2%2Ftags&post=3390"}],"curies":[{"name":"wp","href":"https:\/\/api.w.org\/{rel}","templated":true}]}}