{"id":3419,"date":"2017-02-13T10:51:17","date_gmt":"2017-02-13T08:51:17","guid":{"rendered":"http:\/\/www.berlin.freidenker.org\/?p=3419"},"modified":"2017-02-19T08:55:23","modified_gmt":"2017-02-19T06:55:23","slug":"ein-neues-buch-von-elias-davidsson-aufklaerer-freidenker","status":"publish","type":"post","link":"https:\/\/www.berlin.freidenker.org\/?p=3419","title":{"rendered":"Ein neues Buch von Elias Davidsson, Aufkl\u00e4rer, Freidenker"},"content":{"rendered":"<p>Elias Davidsson beherrscht die Kunst, einfache Fragen zu stellen. Danach sammelt er die einfachen Antworten, stellt sie in einen nahe liegenden Kontext und &#8211; vermittelt unerwartete Einsichten, lenkt im besten Fall das Denken auf eine v\u00f6llig neue Ebene.<\/p>\n<p>Eine einfache Frage ist z. B. diese: &#8222;Welche Journalisten haben Mohammed Atta als einen Terrorverantwortlichen f\u00fcr 9\/11 bezeichnet ohne Beweise f\u00fcr diese Behauptung vorzulegen?&#8220; Ohne Vollst\u00e4ndigkeit anzustreben, <a href=\"http:\/\/aldeilis.net\/fake\/journalisten.pdf\" target=\"_blank\">identifizierte Davidsson<\/a> rund 130 Journalistinnen und Journalisten von 26 der bekanntesten deutschen Mainstream-Medien.<\/p>\n<p>Diese Journalisten haben nicht nur gegen mehrere Gebote des Pressekodex versto\u00dfen, sondern, so Davidsson: &#8222;mit ihren unbewiesenen Behauptungen&#8230; zur Teilnahme Deutschlands an einem Angriffskrieg (gegen Afghanistan) beigetragen.&#8220; (Seite 360f). Der Angriffskrieg aber z\u00e4hlt international zu den schwersten Verbrechen.<\/p>\n<p>Mit \u00e4hnlich peinlich-einfacher Fragestellung ist Davidsson an die Werke von 100 Vertretern der akademischen Elite Deutschlands herangetreten, die sich im Jahr 2002 mit 9\/11 und der zugeh\u00f6rigen Legendenbildung besch\u00e4ftigten. Das Ergebnis ist ern\u00fcchternd, denn dem Frager wurde &#8222;kein deutscher Professor bekannt, der \u00f6ffentlich die offizielle Legende des 9\/11 und die Fiktion der Terrorbedrohung hinterfragt.&#8220; (Seite 359). Und resumierend schreibt Davidsson:\u00a0&#8222;Es ist f\u00fcr unsere Zivilisation wichtig zu wissen, wie es dazu kommen konnte, dass beinahe die gesamte intellektuelle Elite des Landes in dieser Sache versagt hat&#8230;&#8220; (Seite 285).<\/p>\n<p>Der Leser von Davidssons Buch muss sich wahrlich nicht erst klar machen, dass der Verfasser Jude ist, um sich an einen anderen Zivilisationsbruch zu erinnern, in dem &#8222;beinahe die gesamte intellektuelle Elite&#8220; Deutschlands und nicht nur diese versagte.<\/p>\n<p>Das waren drei Zitate. Und das ist das neue Buch:<\/p>\n<p style=\"text-align: center;\"><a href=\"https:\/\/i0.wp.com\/www.berlin.freidenker.org\/wp-content\/uploads\/2017\/02\/davidsson-cover-klein.jpg?ssl=1\"><img data-recalc-dims=\"1\" loading=\"lazy\" decoding=\"async\" class=\"alignnone size-full wp-image-3421\" src=\"https:\/\/i0.wp.com\/www.berlin.freidenker.org\/wp-content\/uploads\/2017\/02\/davidsson-cover-klein.jpg?resize=500%2C738&#038;ssl=1\" alt=\"davidsson-cover-klein\" width=\"500\" height=\"738\" srcset=\"https:\/\/i0.wp.com\/www.berlin.freidenker.org\/wp-content\/uploads\/2017\/02\/davidsson-cover-klein.jpg?w=500&amp;ssl=1 500w, https:\/\/i0.wp.com\/www.berlin.freidenker.org\/wp-content\/uploads\/2017\/02\/davidsson-cover-klein.jpg?resize=203%2C300&amp;ssl=1 203w\" sizes=\"auto, (max-width: 500px) 100vw, 500px\" \/><\/a><\/p>\n<p style=\"text-align: left;\">(Zambon Verlag, Frankfurt am Main,\u00a01. Auflage Januar 2017,\u00a0ISBN 978-3-88975-252-9)<\/p>\n<p>Der Band, mit einem Vorwort von Klaus Hartmann, hat 534 Seiten, davon 120 Seiten hochinteressante Materialien im Anhang. Der Anmerkungs- und Quellenapparat weist nicht weniger als 1320 Eintr\u00e4ge auf, sogar ein 10-seitiges Personenregister ist vorhanden, Qualit\u00e4ten, die heute keineswegs mehr selbstverst\u00e4ndlich sind.<\/p>\n<p>Das Buch ist klar gegliedert. Im Teil I werden in elf \u00fcbersichtlichen Kapiteln + einer Zusammenfassung die Bausteine der 9\/11-Legende dargestellt. Dabei geht es dem Autor nicht um eine weitere Detailschilderung aller Fakten, Fakes und Streitf\u00e4lle. Vorhandenes, umfangreich publiziertes Material wird nicht erneut ausgebreitet. Vielmehr folgt der Autor immer seiner eigenen Richtschnur. Ich m\u00f6chte sie einen konsequent rechtsstaatlichen Ansatz nennen. Das erscheint, wie oben schon bemerkt, ganz einfach: Ein Kapitalverbrechen liegt vor &#8211; Wie kl\u00e4rt der Rechtsstaat auf? Welche Ermittlungsroutinen greifen? Welche juristischen Verfahrensweisen werden angewandt bis hin zum Strafprozess? Erfolgte eine rechtsstaalich-korrekte Ermittlung der Schuld? Welcher T\u00e4ter mit welchem Strafma\u00df?<\/p>\n<p>Sich so auf die allein verbindlichen Rechtsma\u00dfst\u00e4be des demokratischen Staates st\u00fctzend und jede Abweichung von der Norm aufdeckend, wie sie auf das Kerbholz interessierter m\u00e4chtiger Kr\u00e4fte kommen, vermittelt Davidsson etwas, was ich einen &#8222;Bewertungsvorsprung&#8220; nennen m\u00f6chte. Leser\/Leserin bekommt eine &#8222;Durchblickrichtung&#8220;, die ihre G\u00fcltigkeit hat (und beh\u00e4lt) unabh\u00e4ngig vom mehr oder weniger umstrittenen Einzelfaktum. Somit versinken weder der Autor noch seine Leserinnen in der \u00dcberf\u00fclle widerspr\u00fcchlicher, von unterschiedlichster Seite pr\u00e4sentierter Fakten und &#8222;Fakten&#8220;, sondern betrachten prim\u00e4r, ob sie regelgem\u00e4\u00df zustande gekommen sind oder ob etwa ihre Feststellung be- oder gar verhindert wurde.<\/p>\n<p>Auch wer den Begriff &#8222;Verschw\u00f6rungstheorie&#8220; wertfrei und nicht als Kampfbegriff verwendet, kommt zu der Feststellung, dass Davidsson durchg\u00e4ngig Erkl\u00e4rungsversuche mittels Spekulation vermeidet. Sein Ansatz ist ein pragmatischer. Er analysiert, was ist bzw. war, was h\u00e4tte sein m\u00fcssen und welche Abweichungen nach Erkl\u00e4rung verlangen. Dabei billigt der Autor politischen Schwergewichten keine Ausnahmerechte zu, m\u00f6gen sie nun US-Pr\u00e4sident oder UN-Weltsicherheitsrat hei\u00dfen.<\/p>\n<p>Das ist praktizierte Freidenkerei und Aufkl\u00e4rung in einem und f\u00fchrt von den blo\u00dfen Vermutungen oder unverbindlichen Verdachts\u00e4u\u00dferungen auf die Ebene praktischer Annahmen, die &#8222;bis zum Beweis des Gegenteils als Grundlage f\u00fcr weitere Erkl\u00e4rungen, Untersuchungen, Forderungen und Ma\u00dfnahmen&#8220; (Seite 173) gelten d\u00fcrfen. Das ist der Schritt auf die politische Ebene, der von ALLEN im Bundestag vertretenen Parteien vermieden wird.<\/p>\n<p>An dieser Stelle unterbreche ich meine Buchbetrachtung und stelle ganz kurz einen anderen Elias Davidsson vor, n\u00e4mlich den Komponisten. Im Netz habe ich viele kleine St\u00fccke f\u00fcr den Klavierunterricht gefunden. Manchmal f\u00fchlte ich mich an Bela Bartoks &#8222;Mikrokosmos&#8220; erinnert.<\/p>\n<p style=\"text-align: center;\"><iframe loading=\"lazy\" src=\"\/\/www.youtube.com\/embed\/rPomVtpeP3c\" width=\"500\" height=\"314\" allowfullscreen=\"allowfullscreen\"><\/iframe><\/p>\n<p style=\"text-align: left;\">Und hier noch eine charmante Aufnahme:<\/p>\n<p style=\"text-align: center;\"><iframe loading=\"lazy\" src=\"\/\/www.youtube.com\/embed\/0cgbKDpaLIs\" width=\"500\" height=\"314\" allowfullscreen=\"allowfullscreen\"><\/iframe><\/p>\n<p>Doch zur\u00fcck zu dem Buch mit dem ernsten Thema.<\/p>\n<p>Teil II besch\u00e4ftigt sich mit dem modernen Terrorismus\u00a0als Fiktion und als Realit\u00e4t. Es werden drei Haupttypen des Terrorismus unterschieden &#8211; Offener Staatsterrorismus, Authentischer Terrorismus und Verdeckter Staatsterrorismus. Die hier auf weniger als 20 Seiten vorgenommenen Unterscheidungen sind g\u00fcltig f\u00fcr alle folgenden Ausf\u00fchrungen. Das sei deshalb unterstrichen, weil der Autor sich in den folgenden Teilen eindeutig auf die TerrorFIKTION konzentriert. Es ist die Stelle im Buch, an der ein gr\u00f6\u00dferer Exkurs \u00fcber modernen Staatsterrorismus (einschlie\u00dflich historischer Erkenntnisse) Platz finden und dem Werk eine weitere prinzipielle Dimension hinzuf\u00fcgen k\u00f6nnte.<\/p>\n<p>Davidssons Hang zur Systematisierung ist eine Tabelle zu verdanken, die zehn Kriterien zur Unterscheidung von authentischem und verdeckten Staatsterrorismus bereitstellt (Seite 183f). So sehen erfreulich einfache Hilfsmittel aus, die nicht beanspruchen hochgestochene Wissenschaft zu sein, aber jedem Laien helfen k\u00f6nnen, den Wust vorliegender Informationen zu ordnen.<\/p>\n<p>Teil III ist der Handhabung der 9\/11-Legende und der Terrorfiktion gewidmet. Hauptgegenstand, wie -adressat dieses Abschnitts sind die deutschen Medien als Schwerpunkt, die deutsche Politik und die deutsche Wissenschaft. In pr\u00e4ziser, feiner Untergliederung wird auf nur 35 Seiten eine F\u00fclle aufkl\u00e4rungsfeindlicher und Verdummung produzierender Verhaltensweisen dieser Protagonisten angeprangert. Allein in diesem Teil werden rund 60 Belegstellen angef\u00fchrt; niemals hat der Leser das Gef\u00fchl, mit blo\u00dfer Polemik abgespeist zu werden.<\/p>\n<p>Teil IV ist \u00fcberschrieben&#8220;Die gesellschaftliche Herausforderung&#8220; und enth\u00e4lt nicht weniger als die Kernelemente einer Kritik des imperialistischen &#8222;Krieges gegen den Terror&#8220; sowohl in seinen geopolitischen als auch seinen innerstaatlichen Dimensionen.<\/p>\n<p>Das Buch endet mit dem Abschnitt &#8222;Diagnose und Therapie&#8220;. In ihm sind vier konkrete &#8222;Forderungen an das politische Umfeld&#8220; ausformuliert, sechs &#8222;Forderungen an das mediale Umfeld&#8220; und sieben &#8222;Forderungen im Bereich der Strafjustiz&#8220;. Damit entl\u00e4sst uns der Autor in der Tat mit wesentlichen Bestandteilen eines demokratischen Aktionsprogramms in Zeiten der systematischen Aush\u00f6hlung der Demokratie und der verdeckten Faschisierung.<\/p>\n<p style=\"text-align: center;\"><a href=\"https:\/\/i0.wp.com\/www.berlin.freidenker.org\/wp-content\/uploads\/2017\/02\/munich-klein.jpg?ssl=1\"><img data-recalc-dims=\"1\" loading=\"lazy\" decoding=\"async\" class=\"alignnone size-full wp-image-3422\" src=\"https:\/\/i0.wp.com\/www.berlin.freidenker.org\/wp-content\/uploads\/2017\/02\/munich-klein.jpg?resize=500%2C220&#038;ssl=1\" alt=\"munich-klein\" width=\"500\" height=\"220\" srcset=\"https:\/\/i0.wp.com\/www.berlin.freidenker.org\/wp-content\/uploads\/2017\/02\/munich-klein.jpg?w=500&amp;ssl=1 500w, https:\/\/i0.wp.com\/www.berlin.freidenker.org\/wp-content\/uploads\/2017\/02\/munich-klein.jpg?resize=300%2C132&amp;ssl=1 300w\" sizes=\"auto, (max-width: 500px) 100vw, 500px\" \/><\/a><\/p>\n<p>Abschlie\u00dfend ist noch zu erw\u00e4hnen, dass der Anhang die ausf\u00fchrliche Bewertung von zw\u00f6lf Terroranschl\u00e4gen aus den Jahren 2001 bis 2016 nach der oben genannten Kriterientabelle enth\u00e4lt.<\/p>\n<p>Dem Buch ist weiteste Verbreitung zu w\u00fcnschen und eine baldige Nachauflage, die auch Gelegenheit bieten sollte, eine Anzahl Dreckfehler auszumerzen, eventuell ein knappes Sachregister beizuf\u00fcgen sowie das Namensregister zu \u00fcberarbeiten. Der Bildteil, so klein er ist, hat nach meiner unma\u00dfgeblichen Meinung eine gute Qualit\u00e4t und erg\u00e4nzt den Text wirkungsvoll.<\/p>\n","protected":false},"excerpt":{"rendered":"<p>Elias Davidsson beherrscht die Kunst, einfache Fragen zu stellen. Danach sammelt er die einfachen Antworten, stellt sie in einen nahe liegenden Kontext und &#8211; vermittelt unerwartete Einsichten, lenkt im besten Fall das Denken auf eine v\u00f6llig neue Ebene. Eine einfache Frage ist z. B. diese: &#8222;Welche Journalisten haben Mohammed Atta als einen Terrorverantwortlichen f\u00fcr 9\/11 [&hellip;]<\/p>\n","protected":false},"author":4,"featured_media":0,"comment_status":"open","ping_status":"open","sticky":false,"template":"","format":"standard","meta":{"jetpack_post_was_ever_published":false,"_jetpack_newsletter_access":"","_jetpack_dont_email_post_to_subs":true,"_jetpack_newsletter_tier_id":0,"_jetpack_memberships_contains_paywalled_content":false,"_jetpack_memberships_contains_paid_content":false,"footnotes":""},"categories":[1,49,21,8],"tags":[85,105,59,448],"class_list":["post-3419","post","type-post","status-publish","format-standard","hentry","category-allgemein","category-aufklaerung","category-politik","category-standpunkte","tag-85","tag-elias-davidsson","tag-freidenker","tag-terrorfiktion"],"jetpack_featured_media_url":"","jetpack_shortlink":"https:\/\/wp.me\/py5dN-T9","jetpack_sharing_enabled":true,"_links":{"self":[{"href":"https:\/\/www.berlin.freidenker.org\/index.php?rest_route=\/wp\/v2\/posts\/3419","targetHints":{"allow":["GET"]}}],"collection":[{"href":"https:\/\/www.berlin.freidenker.org\/index.php?rest_route=\/wp\/v2\/posts"}],"about":[{"href":"https:\/\/www.berlin.freidenker.org\/index.php?rest_route=\/wp\/v2\/types\/post"}],"author":[{"embeddable":true,"href":"https:\/\/www.berlin.freidenker.org\/index.php?rest_route=\/wp\/v2\/users\/4"}],"replies":[{"embeddable":true,"href":"https:\/\/www.berlin.freidenker.org\/index.php?rest_route=%2Fwp%2Fv2%2Fcomments&post=3419"}],"version-history":[{"count":2,"href":"https:\/\/www.berlin.freidenker.org\/index.php?rest_route=\/wp\/v2\/posts\/3419\/revisions"}],"predecessor-version":[{"id":3423,"href":"https:\/\/www.berlin.freidenker.org\/index.php?rest_route=\/wp\/v2\/posts\/3419\/revisions\/3423"}],"wp:attachment":[{"href":"https:\/\/www.berlin.freidenker.org\/index.php?rest_route=%2Fwp%2Fv2%2Fmedia&parent=3419"}],"wp:term":[{"taxonomy":"category","embeddable":true,"href":"https:\/\/www.berlin.freidenker.org\/index.php?rest_route=%2Fwp%2Fv2%2Fcategories&post=3419"},{"taxonomy":"post_tag","embeddable":true,"href":"https:\/\/www.berlin.freidenker.org\/index.php?rest_route=%2Fwp%2Fv2%2Ftags&post=3419"}],"curies":[{"name":"wp","href":"https:\/\/api.w.org\/{rel}","templated":true}]}}