{"id":3474,"date":"2017-03-09T16:48:09","date_gmt":"2017-03-09T14:48:09","guid":{"rendered":"http:\/\/www.berlin.freidenker.org\/?p=3474"},"modified":"2017-03-09T16:51:31","modified_gmt":"2017-03-09T14:51:31","slug":"ist-die-junger-welt-verrueckt-geworden","status":"publish","type":"post","link":"https:\/\/www.berlin.freidenker.org\/?p=3474","title":{"rendered":"Ist die &#8222;junger Welt&#8220; verr\u00fcckt geworden?"},"content":{"rendered":"<p>Spontan stelle ich mir die Frage, wenn ein Artikel, in dem es um die Militarisierungsgeilheit des deutschen Imperialismus geht, unter die \u00dcberschrift gestellt wird:<\/p>\n<h1 style=\"text-align: center;\"><strong><a href=\"https:\/\/www.jungewelt.de\/artikel\/306689.selbst-zum-t%C3%B6ten-zu-geizig.html\" target=\"_blank\">&#8222;Selbst zum T\u00f6ten zu geizig&#8220;<\/a><\/strong><\/h1>\n<p>Ich glaube nicht, dass die jW-Redakteure aus Dummheit solches verk\u00fcnden.<\/p>\n<p>Hier wird wieder einmal ein Schr\u00e4ubchen gedreht, damit sich unsere sogenannten Linken recht bald als die allerqualifiziertesten, allerzuverl\u00e4ssigsten, allerbesten &#8222;Verteidiger unserer Werte&#8220; pr\u00e4sentieren k\u00f6nnen. Es pressiert, damit sie ab September endlich an die Fleischt\u00f6pfe kommen. &#8211; Die &#8222;junge Welt&#8220;, in deren Genossenschaft auch mein Geld &#8222;arbeitet&#8220;, als Bl\u00f6dmaschine?<\/p>\n<p style=\"text-align: center;\"><strong>***<\/strong><\/p>\n<h3 style=\"text-align: center;\">Freidenker <a href=\"http:\/\/www.barth-engelbart.de\/\" target=\"_blank\">HaBE <\/a>sagt es so:<\/h3>\n<pre>Eigentlich zum Kotzen-\r\n\r\nWir legen offen, \r\nwohin sie uns dr\u00fccken, \r\nwohin sie dr\u00e4ngen \r\nund hoffen\r\nsie bleiben h\u00e4ngen\r\nund steuern das Schiff\r\nim Mainstream\r\nnicht auf das n\u00e4chste Riff\r\nno paseran \r\nund beten, \r\ndass die Proleten \r\nden M\u00f6chte-so-gern \r\neinmal neuen Herrn \r\nsich nicht beugen \r\nund sich nicht vor ihnen b\u00fccken\r\nob Stiefel links\r\noder Stiefel rechts\r\nam Tritt-oder Standfu\u00df\r\ndes Herrschergeschlechts\r\ndes Kaputt-Baal\r\ndas ist egal\r\n\r\nes ist nicht so leicht\r\nihn zu begreifen\r\nden linksgewendeten Nadelstreifen\r\n\r\nwir k\u00f6nnen &amp; m\u00fcssen sie enth\u00fcllen\r\nnicht um Gottes -nein\r\num der Kinderwillen\r\nund gemeinsam k\u00f6nnen wir das schaffen\r\nwir wolln unter uns keine Slaven\r\nsehen und \u00fcber uns\r\nkeine Herrn\r\nund keine Stiefel im Gesicht\r\nauch sogenannte Linke nicht\r\negal unter welchem Stern<\/pre>\n","protected":false},"excerpt":{"rendered":"<p>Spontan stelle ich mir die Frage, wenn ein Artikel, in dem es um die Militarisierungsgeilheit des deutschen Imperialismus geht, unter die \u00dcberschrift gestellt wird: &#8222;Selbst zum T\u00f6ten zu geizig&#8220; Ich glaube nicht, dass die jW-Redakteure aus Dummheit solches verk\u00fcnden. Hier wird wieder einmal ein Schr\u00e4ubchen gedreht, damit sich unsere sogenannten Linken recht bald als die [&hellip;]<\/p>\n","protected":false},"author":4,"featured_media":0,"comment_status":"open","ping_status":"open","sticky":false,"template":"","format":"standard","meta":{"jetpack_post_was_ever_published":false,"_jetpack_newsletter_access":"","_jetpack_dont_email_post_to_subs":true,"_jetpack_newsletter_tier_id":0,"_jetpack_memberships_contains_paywalled_content":false,"_jetpack_memberships_contains_paid_content":false,"footnotes":""},"categories":[49,19,175,21],"tags":[464,466,241,356,465],"class_list":["post-3474","post","type-post","status-publish","format-standard","hentry","category-aufklaerung","category-kultur","category-nato","category-politik","tag-barth-engelbart","tag-bloedmaschine","tag-junge-welt","tag-linke","tag-sozialdemokratie"],"jetpack_featured_media_url":"","jetpack_shortlink":"https:\/\/wp.me\/py5dN-U2","jetpack_sharing_enabled":true,"_links":{"self":[{"href":"https:\/\/www.berlin.freidenker.org\/index.php?rest_route=\/wp\/v2\/posts\/3474","targetHints":{"allow":["GET"]}}],"collection":[{"href":"https:\/\/www.berlin.freidenker.org\/index.php?rest_route=\/wp\/v2\/posts"}],"about":[{"href":"https:\/\/www.berlin.freidenker.org\/index.php?rest_route=\/wp\/v2\/types\/post"}],"author":[{"embeddable":true,"href":"https:\/\/www.berlin.freidenker.org\/index.php?rest_route=\/wp\/v2\/users\/4"}],"replies":[{"embeddable":true,"href":"https:\/\/www.berlin.freidenker.org\/index.php?rest_route=%2Fwp%2Fv2%2Fcomments&post=3474"}],"version-history":[{"count":2,"href":"https:\/\/www.berlin.freidenker.org\/index.php?rest_route=\/wp\/v2\/posts\/3474\/revisions"}],"predecessor-version":[{"id":3476,"href":"https:\/\/www.berlin.freidenker.org\/index.php?rest_route=\/wp\/v2\/posts\/3474\/revisions\/3476"}],"wp:attachment":[{"href":"https:\/\/www.berlin.freidenker.org\/index.php?rest_route=%2Fwp%2Fv2%2Fmedia&parent=3474"}],"wp:term":[{"taxonomy":"category","embeddable":true,"href":"https:\/\/www.berlin.freidenker.org\/index.php?rest_route=%2Fwp%2Fv2%2Fcategories&post=3474"},{"taxonomy":"post_tag","embeddable":true,"href":"https:\/\/www.berlin.freidenker.org\/index.php?rest_route=%2Fwp%2Fv2%2Ftags&post=3474"}],"curies":[{"name":"wp","href":"https:\/\/api.w.org\/{rel}","templated":true}]}}